{"id":3317,"date":"2024-12-13T07:35:39","date_gmt":"2024-12-13T06:35:39","guid":{"rendered":"https:\/\/agora.xtec.cat\/ceipsantacreudecalafell\/?p=3317"},"modified":"2024-12-13T16:29:48","modified_gmt":"2024-12-13T15:29:48","slug":"programa-concerts-de-nadal-a-lescola","status":"publish","type":"post","link":"https:\/\/agora.xtec.cat\/ceipsantacreudecalafell\/general\/programa-concerts-de-nadal-a-lescola\/","title":{"rendered":"Programa d&#8217;activitats i Concerts de Nadal a l&#8217;escola"},"content":{"rendered":"<p><a href=\"https:\/\/agora.xtec.cat\/ceipsantacreudecalafell\/wp-content\/uploads\/usu1567\/2022\/12\/baixa.jpg\"><img loading=\"lazy\" decoding=\"async\" class=\"alignnone wp-image-3318\" src=\"https:\/\/agora.xtec.cat\/ceipsantacreudecalafell\/wp-content\/uploads\/usu1567\/2022\/12\/baixa.jpg\" alt=\"\" width=\"818\" height=\"160\" srcset=\"https:\/\/agora.xtec.cat\/ceipsantacreudecalafell\/wp-content\/uploads\/usu1567\/2022\/12\/baixa.jpg 506w, https:\/\/agora.xtec.cat\/ceipsantacreudecalafell\/wp-content\/uploads\/usu1567\/2022\/12\/baixa-300x59.jpg 300w\" sizes=\"auto, (max-width: 818px) 100vw, 818px\" \/><\/a><\/p>\n<p><em><strong><span style=\"color: #ff0000;\">S&#8217;apropa les festes Nadalenques i tenim moltes activitats organitzades.<\/span><\/strong><\/em><\/p>\n<p>El <strong><span style=\"color: #ff0000;\">12 de desembre (dijous)<\/span><\/strong> ens ha visitat el <strong><span style=\"color: #0000ff;\">Patge Reial a l&#8217;escola<\/span><\/strong>. Els alumnes d&#8217;Infantil i de Cicle Inicial han tingut la sort de donar de primera m\u00e0 les cartes al Patge Reial. Ha sigut<strong>\u00a0una activitat interna d&#8217;escola.<\/strong><\/p>\n<p>Els dies <span style=\"color: #ff0000;\"><strong>17, 18 i 19 de desembre<\/strong><\/span> farem els <strong><span style=\"color: #0000ff;\">Concerts de la Cantada de Nadales<\/span><\/strong>. <strong>Esteu tots\/es convidats\/des!! Us hi esperem!! <\/strong>Els concerts es realitzaran al gimn\u00e0s de l&#8217;escola i l&#8217;entrada es far\u00e0 per la pista.<\/p>\n<p><a href=\"https:\/\/agora.xtec.cat\/ceipsantacreudecalafell\/wp-content\/uploads\/usu1567\/2023\/11\/IMG-20241210-WA0003.jpg\"><img loading=\"lazy\" decoding=\"async\" class=\"alignnone size-full wp-image-4222\" src=\"https:\/\/agora.xtec.cat\/ceipsantacreudecalafell\/wp-content\/uploads\/usu1567\/2023\/11\/IMG-20241210-WA0003.jpg\" alt=\"\" width=\"800\" height=\"565\" srcset=\"https:\/\/agora.xtec.cat\/ceipsantacreudecalafell\/wp-content\/uploads\/usu1567\/2023\/11\/IMG-20241210-WA0003.jpg 800w, https:\/\/agora.xtec.cat\/ceipsantacreudecalafell\/wp-content\/uploads\/usu1567\/2023\/11\/IMG-20241210-WA0003-300x212.jpg 300w, https:\/\/agora.xtec.cat\/ceipsantacreudecalafell\/wp-content\/uploads\/usu1567\/2023\/11\/IMG-20241210-WA0003-768x542.jpg 768w\" sizes=\"auto, (max-width: 800px) 100vw, 800px\" \/><\/a><\/p>\n<p><span style=\"font-size: 1em; font-family: inherit;\">El dia <\/span><span style=\"color: #ff0000;\"><strong>20 de desembre<\/strong><\/span><span style=\"font-size: 1em; font-family: inherit;\"> els alumnes d&#8217;Infantil i de Cicle Inicial faran el <\/span><span style=\"color: #0000ff;\"><strong>Caga ti\u00f3<\/strong><\/span><span style=\"font-size: 1em; font-family: inherit;\">. <\/span><strong style=\"font-size: 1em; font-family: inherit;\">Aquesta activitat ser\u00e0 interna d&#8217;escola.<\/strong><\/p>\n<p>Recordeu que&#8230;<\/p>\n<ul>\n<li>El dia <strong><span style=\"color: #ff0000;\">20 de desembre (divendres)<\/span> es far\u00e0 jornada intensiva<\/strong>. L&#8217;horari lectiu ser\u00e0 fins les 13h. Si que hi haur\u00e0 servei de Menjador. No hi haur\u00e0 Activitats extraescolars organitzades per l&#8217;AFA.<\/li>\n<li>Les <strong>classes es reprendran el <span style=\"color: #ff0000;\">DIMECRES DIA 8 DE GENER<\/span><\/strong>.<\/li>\n<\/ul>\n<p><a href=\"https:\/\/agora.xtec.cat\/ceipsantacreudecalafell\/wp-content\/uploads\/usu1567\/2022\/12\/11319678_4726177.jpg\"><img loading=\"lazy\" decoding=\"async\" class=\"wp-image-3321 aligncenter\" src=\"https:\/\/agora.xtec.cat\/ceipsantacreudecalafell\/wp-content\/uploads\/usu1567\/2022\/12\/11319678_4726177.jpg\" alt=\"\" width=\"261\" height=\"261\" srcset=\"https:\/\/agora.xtec.cat\/ceipsantacreudecalafell\/wp-content\/uploads\/usu1567\/2022\/12\/11319678_4726177.jpg 2000w, https:\/\/agora.xtec.cat\/ceipsantacreudecalafell\/wp-content\/uploads\/usu1567\/2022\/12\/11319678_4726177-300x300.jpg 300w, https:\/\/agora.xtec.cat\/ceipsantacreudecalafell\/wp-content\/uploads\/usu1567\/2022\/12\/11319678_4726177-1024x1024.jpg 1024w, https:\/\/agora.xtec.cat\/ceipsantacreudecalafell\/wp-content\/uploads\/usu1567\/2022\/12\/11319678_4726177-150x150.jpg 150w, https:\/\/agora.xtec.cat\/ceipsantacreudecalafell\/wp-content\/uploads\/usu1567\/2022\/12\/11319678_4726177-768x768.jpg 768w, https:\/\/agora.xtec.cat\/ceipsantacreudecalafell\/wp-content\/uploads\/usu1567\/2022\/12\/11319678_4726177-1536x1536.jpg 1536w\" sizes=\"auto, (max-width: 261px) 100vw, 261px\" \/><\/a><\/p>\n","protected":false},"excerpt":{"rendered":"<p>S&#8217;apropa les festes Nadalenques i tenim moltes activitats organitzades. El 12 de desembre (dijous) ens ha visitat el Patge Reial a l&#8217;escola. Els alumnes d&#8217;Infantil i de Cicle Inicial han tingut la sort de donar de primera m\u00e0 les cartes al Patge Reial. Ha sigut\u00a0una activitat interna d&#8217;escola. Els dies 17, 18 i 19 de [&hellip;]<\/p>\n","protected":false},"author":1,"featured_media":0,"comment_status":"open","ping_status":"closed","sticky":true,"template":"","format":"standard","meta":{"_bbp_topic_count":0,"_bbp_reply_count":0,"_bbp_total_topic_count":0,"_bbp_total_reply_count":0,"_bbp_voice_count":0,"_bbp_anonymous_reply_count":0,"_bbp_topic_count_hidden":0,"_bbp_reply_count_hidden":0,"_bbp_forum_subforum_count":0,"site-sidebar-layout":"default","site-content-layout":"","ast-site-content-layout":"","site-content-style":"default","site-sidebar-style":"default","ast-global-header-display":"","ast-banner-title-visibility":"","ast-main-header-display":"","ast-hfb-above-header-display":"","ast-hfb-below-header-display":"","ast-hfb-mobile-header-display":"","site-post-title":"","ast-breadcrumbs-content":"","ast-featured-img":"","footer-sml-layout":"","theme-transparent-header-meta":"","adv-header-id-meta":"","stick-header-meta":"","header-above-stick-meta":"","header-main-stick-meta":"","header-below-stick-meta":"","astra-migrate-meta-layouts":"default","ast-page-background-enabled":"default","ast-page-background-meta":{"desktop":{"background-color":"var(--ast-global-color-4)","background-image":"","background-repeat":"repeat","background-position":"center center","background-size":"auto","background-attachment":"scroll","background-type":"","background-media":"","overlay-type":"","overlay-color":"","overlay-opacity":"","overlay-gradient":""},"tablet":{"background-color":"","background-image":"","background-repeat":"repeat","background-position":"center center","background-size":"auto","background-attachment":"scroll","background-type":"","background-media":"","overlay-type":"","overlay-color":"","overlay-opacity":"","overlay-gradient":""},"mobile":{"background-color":"","background-image":"","background-repeat":"repeat","background-position":"center center","background-size":"auto","background-attachment":"scroll","background-type":"","background-media":"","overlay-type":"","overlay-color":"","overlay-opacity":"","overlay-gradient":""}},"ast-content-background-meta":{"desktop":{"background-color":"var(--ast-global-color-5)","background-image":"","background-repeat":"repeat","background-position":"center center","background-size":"auto","background-attachment":"scroll","background-type":"","background-media":"","overlay-type":"","overlay-color":"","overlay-opacity":"","overlay-gradient":""},"tablet":{"background-color":"var(--ast-global-color-5)","background-image":"","background-repeat":"repeat","background-position":"center center","background-size":"auto","background-attachment":"scroll","background-type":"","background-media":"","overlay-type":"","overlay-color":"","overlay-opacity":"","overlay-gradient":""},"mobile":{"background-color":"var(--ast-global-color-5)","background-image":"","background-repeat":"repeat","background-position":"center center","background-size":"auto","background-attachment":"scroll","background-type":"","background-media":"","overlay-type":"","overlay-color":"","overlay-opacity":"","overlay-gradient":""}},"footnotes":""},"categories":[7,1,161,162,163,4,5],"tags":[200],"class_list":["post-3317","post","type-post","status-publish","format-standard","hentry","category-afa","category-general","category-i3-2","category-i4-2","category-i5-2","category-portada","category-primaria","tag-activitats-de-nadal"],"post_mailing_queue_ids":[],"_links":{"self":[{"href":"https:\/\/agora.xtec.cat\/ceipsantacreudecalafell\/wp-json\/wp\/v2\/posts\/3317","targetHints":{"allow":["GET"]}}],"collection":[{"href":"https:\/\/agora.xtec.cat\/ceipsantacreudecalafell\/wp-json\/wp\/v2\/posts"}],"about":[{"href":"https:\/\/agora.xtec.cat\/ceipsantacreudecalafell\/wp-json\/wp\/v2\/types\/post"}],"author":[{"embeddable":true,"href":"https:\/\/agora.xtec.cat\/ceipsantacreudecalafell\/wp-json\/wp\/v2\/users\/1"}],"replies":[{"embeddable":true,"href":"https:\/\/agora.xtec.cat\/ceipsantacreudecalafell\/wp-json\/wp\/v2\/comments?post=3317"}],"version-history":[{"count":6,"href":"https:\/\/agora.xtec.cat\/ceipsantacreudecalafell\/wp-json\/wp\/v2\/posts\/3317\/revisions"}],"predecessor-version":[{"id":4230,"href":"https:\/\/agora.xtec.cat\/ceipsantacreudecalafell\/wp-json\/wp\/v2\/posts\/3317\/revisions\/4230"}],"wp:attachment":[{"href":"https:\/\/agora.xtec.cat\/ceipsantacreudecalafell\/wp-json\/wp\/v2\/media?parent=3317"}],"wp:term":[{"taxonomy":"category","embeddable":true,"href":"https:\/\/agora.xtec.cat\/ceipsantacreudecalafell\/wp-json\/wp\/v2\/categories?post=3317"},{"taxonomy":"post_tag","embeddable":true,"href":"https:\/\/agora.xtec.cat\/ceipsantacreudecalafell\/wp-json\/wp\/v2\/tags?post=3317"}],"curies":[{"name":"wp","href":"https:\/\/api.w.org\/{rel}","templated":true}]}}