{"id":3169,"date":"2022-06-23T12:51:57","date_gmt":"2022-06-23T10:51:57","guid":{"rendered":"https:\/\/agora.xtec.cat\/ceipsantacreudecalafell\/?p=3169"},"modified":"2022-06-23T12:55:57","modified_gmt":"2022-06-23T10:55:57","slug":"revista-escolar-46-curs-2021-22","status":"publish","type":"post","link":"https:\/\/agora.xtec.cat\/ceipsantacreudecalafell\/infantil\/revista-escolar-46-curs-2021-22\/","title":{"rendered":"Revista Escolar 46 curs 2021-22"},"content":{"rendered":"<div>\n<h6 style=\"text-align: justify;\"><span style=\"color: #000000;\">Aquest any, i com a novetat, hem canviat i renovat el nom de la nostra Revista escolar. Aprofitant tots els canvis que s&#8217;estan fent a la Biblioteca i la visita tan peculiar i desitjada que van tenir a les Jornades Culturals d&#8217;aquest curs quan vam rebre a la Carme Palau, al Mois\u00e9s Romero que \u00e9s el president de l\u2019Associaci\u00f3 Espurna El Drac de Calafell, a la Maria que ens va explicar tot el Bestiari festiu de Catalunya i als timbalers.<\/span><\/h6>\n<h6 style=\"text-align: justify;\"><span style=\"color: #000000;\">Llavors, com a escola i amb el benepl\u00e0cit del Mois\u00e9s i la Carme, vam decidir bategar el nom de la Biblioteca de l&#8217;escola i la Revista escolar que la representa. \u00c9s per tant que a partir d&#8217;aquest any, el 2022, la nostra revista escolar es dir\u00e0 L&#8217;Espurna, el drac de Calafell.<\/span><\/h6>\n<h6 style=\"text-align: justify;\"><span style=\"color: #000000;\">Anys enrere, El Drac M\u00e0gic era la revista escolar del nostre centre des de l\u2019any 1996. La revista es publicava cada juny, fent-se ress\u00f2 de les activitats m\u00e9s rellevants realitzades pels alumnes de cada nivell. Dibuixos, redaccions, fotografies, entrevistes, jocs,\u2026 exposant una petita mostra de tota la feina que fem.<\/span><\/h6>\n<\/div>\n<div>\n<h6 style=\"text-align: justify;\"><span style=\"color: #000000;\">La imaginaci\u00f3 i la creativitat tamb\u00e9 formen part de la m\u00e0gia de l\u2019educaci\u00f3 i \u00e9s per aquest motiu que per a il\u00b7lustrar la portada de la revista, els alumnes de 6\u00e8 participen en un petit concurs de dibuix per a trobar la imatge m\u00e9s divertida del nostre Drac.<\/span><\/h6>\n<h6><\/h6>\n<h6><span style=\"color: #000000;\"><strong>Revista curs actual:<\/strong><\/span><\/h6>\n<p><a href=\"https:\/\/agora.xtec.cat\/ceipsantacreudecalafell\/wp-content\/uploads\/usu1567\/2022\/06\/PORTADA.jpg\"><img loading=\"lazy\" decoding=\"async\" class=\"alignnone wp-image-3166\" src=\"https:\/\/agora.xtec.cat\/ceipsantacreudecalafell\/wp-content\/uploads\/usu1567\/2022\/06\/PORTADA.jpg\" alt=\"\" width=\"375\" height=\"530\" srcset=\"https:\/\/agora.xtec.cat\/ceipsantacreudecalafell\/wp-content\/uploads\/usu1567\/2022\/06\/PORTADA.jpg 1242w, https:\/\/agora.xtec.cat\/ceipsantacreudecalafell\/wp-content\/uploads\/usu1567\/2022\/06\/PORTADA-212x300.jpg 212w, https:\/\/agora.xtec.cat\/ceipsantacreudecalafell\/wp-content\/uploads\/usu1567\/2022\/06\/PORTADA-725x1024.jpg 725w, https:\/\/agora.xtec.cat\/ceipsantacreudecalafell\/wp-content\/uploads\/usu1567\/2022\/06\/PORTADA-768x1085.jpg 768w, https:\/\/agora.xtec.cat\/ceipsantacreudecalafell\/wp-content\/uploads\/usu1567\/2022\/06\/PORTADA-1087x1536.jpg 1087w\" sizes=\"auto, (max-width: 375px) 100vw, 375px\" \/><\/a><\/p>\n<p><a href=\"https:\/\/agora.xtec.cat\/ceipsantacreudecalafell\/wp-content\/uploads\/usu1567\/2022\/06\/REVISTA-21-22_compressed.pdf\">Revista Escolar num 46 curs 21-22<\/a><\/p>\n<p>Si voleu veure edicions anteriors, podeu entrar des d&#8217;<a href=\"https:\/\/agora.xtec.cat\/ceipsantacreudecalafell\/lescola\/espurna\/\">aquest enlla\u00e7<\/a>.<\/p>\n<\/div>\n","protected":false},"excerpt":{"rendered":"<p>Aquest any, i com a novetat, hem canviat i renovat el nom de la nostra Revista escolar. Aprofitant tots els canvis que s&#8217;estan fent a la Biblioteca i la visita tan peculiar i desitjada que van tenir a les Jornades Culturals d&#8217;aquest curs quan vam rebre a la Carme Palau, al Mois\u00e9s Romero que \u00e9s [&hellip;]<\/p>\n","protected":false},"author":1,"featured_media":3166,"comment_status":"open","ping_status":"closed","sticky":true,"template":"","format":"standard","meta":{"_bbp_topic_count":0,"_bbp_reply_count":0,"_bbp_total_topic_count":0,"_bbp_total_reply_count":0,"_bbp_voice_count":0,"_bbp_anonymous_reply_count":0,"_bbp_topic_count_hidden":0,"_bbp_reply_count_hidden":0,"_bbp_forum_subforum_count":0,"site-sidebar-layout":"default","site-content-layout":"","ast-site-content-layout":"","site-content-style":"default","site-sidebar-style":"default","ast-global-header-display":"","ast-banner-title-visibility":"","ast-main-header-display":"","ast-hfb-above-header-display":"","ast-hfb-below-header-display":"","ast-hfb-mobile-header-display":"","site-post-title":"","ast-breadcrumbs-content":"","ast-featured-img":"","footer-sml-layout":"","theme-transparent-header-meta":"","adv-header-id-meta":"","stick-header-meta":"","header-above-stick-meta":"","header-main-stick-meta":"","header-below-stick-meta":"","astra-migrate-meta-layouts":"default","ast-page-background-enabled":"default","ast-page-background-meta":{"desktop":{"background-color":"var(--ast-global-color-4)","background-image":"","background-repeat":"repeat","background-position":"center center","background-size":"auto","background-attachment":"scroll","background-type":"","background-media":"","overlay-type":"","overlay-color":"","overlay-opacity":"","overlay-gradient":""},"tablet":{"background-color":"","background-image":"","background-repeat":"repeat","background-position":"center center","background-size":"auto","background-attachment":"scroll","background-type":"","background-media":"","overlay-type":"","overlay-color":"","overlay-opacity":"","overlay-gradient":""},"mobile":{"background-color":"","background-image":"","background-repeat":"repeat","background-position":"center center","background-size":"auto","background-attachment":"scroll","background-type":"","background-media":"","overlay-type":"","overlay-color":"","overlay-opacity":"","overlay-gradient":""}},"ast-content-background-meta":{"desktop":{"background-color":"var(--ast-global-color-5)","background-image":"","background-repeat":"repeat","background-position":"center center","background-size":"auto","background-attachment":"scroll","background-type":"","background-media":"","overlay-type":"","overlay-color":"","overlay-opacity":"","overlay-gradient":""},"tablet":{"background-color":"var(--ast-global-color-5)","background-image":"","background-repeat":"repeat","background-position":"center center","background-size":"auto","background-attachment":"scroll","background-type":"","background-media":"","overlay-type":"","overlay-color":"","overlay-opacity":"","overlay-gradient":""},"mobile":{"background-color":"var(--ast-global-color-5)","background-image":"","background-repeat":"repeat","background-position":"center center","background-size":"auto","background-attachment":"scroll","background-type":"","background-media":"","overlay-type":"","overlay-color":"","overlay-opacity":"","overlay-gradient":""}},"footnotes":""},"categories":[10,11,12,13,14,15,7,3,8,9,2,4,5],"tags":[184],"class_list":["post-3169","post","type-post","status-publish","format-standard","has-post-thumbnail","hentry","category-1r","category-2n","category-3r","category-4t","category-5e","category-6e","category-afa","category-i3","category-i4","category-i5","category-infantil","category-portada","category-primaria","tag-revista-escolar"],"post_mailing_queue_ids":[],"_links":{"self":[{"href":"https:\/\/agora.xtec.cat\/ceipsantacreudecalafell\/wp-json\/wp\/v2\/posts\/3169","targetHints":{"allow":["GET"]}}],"collection":[{"href":"https:\/\/agora.xtec.cat\/ceipsantacreudecalafell\/wp-json\/wp\/v2\/posts"}],"about":[{"href":"https:\/\/agora.xtec.cat\/ceipsantacreudecalafell\/wp-json\/wp\/v2\/types\/post"}],"author":[{"embeddable":true,"href":"https:\/\/agora.xtec.cat\/ceipsantacreudecalafell\/wp-json\/wp\/v2\/users\/1"}],"replies":[{"embeddable":true,"href":"https:\/\/agora.xtec.cat\/ceipsantacreudecalafell\/wp-json\/wp\/v2\/comments?post=3169"}],"version-history":[{"count":3,"href":"https:\/\/agora.xtec.cat\/ceipsantacreudecalafell\/wp-json\/wp\/v2\/posts\/3169\/revisions"}],"predecessor-version":[{"id":3172,"href":"https:\/\/agora.xtec.cat\/ceipsantacreudecalafell\/wp-json\/wp\/v2\/posts\/3169\/revisions\/3172"}],"wp:featuredmedia":[{"embeddable":true,"href":"https:\/\/agora.xtec.cat\/ceipsantacreudecalafell\/wp-json\/wp\/v2\/media\/3166"}],"wp:attachment":[{"href":"https:\/\/agora.xtec.cat\/ceipsantacreudecalafell\/wp-json\/wp\/v2\/media?parent=3169"}],"wp:term":[{"taxonomy":"category","embeddable":true,"href":"https:\/\/agora.xtec.cat\/ceipsantacreudecalafell\/wp-json\/wp\/v2\/categories?post=3169"},{"taxonomy":"post_tag","embeddable":true,"href":"https:\/\/agora.xtec.cat\/ceipsantacreudecalafell\/wp-json\/wp\/v2\/tags?post=3169"}],"curies":[{"name":"wp","href":"https:\/\/api.w.org\/{rel}","templated":true}]}}