{"id":3088,"date":"2022-04-25T12:01:37","date_gmt":"2022-04-25T10:01:37","guid":{"rendered":"https:\/\/agora.xtec.cat\/ceipsantacreudecalafell\/?p=3088"},"modified":"2022-04-25T12:17:57","modified_gmt":"2022-04-25T10:17:57","slug":"jornades-culturals-2022-lespurna-de-calafell","status":"publish","type":"post","link":"https:\/\/agora.xtec.cat\/ceipsantacreudecalafell\/infantil\/jornades-culturals-2022-lespurna-de-calafell\/","title":{"rendered":"Jornades Culturals 2022 &#8220;L&#8217;Espurna de Calafell&#8221;"},"content":{"rendered":"<p>La setmana passada va ser una setmana plena d&#8217;emocions i viv\u00e8ncies. Vam tenir la sort de tenir a la <strong>Carme Palau<\/strong> que ens va contar el conte-llegenda de l&#8217;Espurna de Calafell, ens va ensenyar a fer el ball i ens va contar un munt d&#8217;an\u00e8cdotes de l&#8217;Espurna. La <strong>Maria, ex-alumne de l&#8217;escola i membre de l&#8217;Associaci\u00f3 ens va explicar com funciona el Bestiari a Catalunya<\/strong> i totes les figures que hi ha. Van venir <strong>els Timbalers que acompanyen a l&#8217;Espurna<\/strong> i ens van ensenyar a tocar els instruments.<\/p>\n<p>A m\u00e9s a m\u00e9s, <strong>tots els alumnes<\/strong> vam fer activitats internes a l&#8217;escola relacionades amb Sant Jordi i les Jornades Culturals, activitats com punts de llibre, manualitats, activitat &#8220;l&#8217;Escola \u00e9s fantasia&#8221;, visita a la Biblioteca, Escape Room, cal\u00b7ligrames,&#8230;<\/p>\n<p><strong>L&#8217;AFA<\/strong> va posar la seva tradicional paradeta de llibres i vam poder passar totes les classes de l&#8217;escola a veure-la. Donem les gr\u00e0cies tamb\u00e9 a l&#8217;AFA per l&#8217;ajuda que vam rebre en la decoraci\u00f3 de l&#8217;escola, en la col\u00b7laboraci\u00f3 en els premis dels diferents concursos i com no, en la paradeta de llibres tan maca que ens van muntar.<\/p>\n<p>El divendres per la tarda, vam tenir l&#8217;explosi\u00f3 final plena d&#8217;emocions i d&#8217;alegria en rebre, per primera vegada, l&#8217;Espurna de Calafell a la nostra escola!!! Donem les gr\u00e0cies a <strong>Mois\u00e9s, president de l&#8217;Associaci\u00f3, i a tot el seu equip per fer aquest somni realitat!!<\/strong><\/p>\n<p>Tamb\u00e9 cal donar les gr\u00e0cies a<strong> tot l&#8217;equip de mestres<\/strong> que van ajudar perqu\u00e8 l&#8217;organitzaci\u00f3 fos molt m\u00e9s f\u00e0cil i \u00e0gil, i que <strong>amb l&#8217;ajuda de tots i totes, aquestes Jornades Culturals van ser tot un \u00c8XIT!!!<\/strong><\/p>\n<p><strong>Conte contat de l&#8217;Espurna de Calafell:<\/strong><\/p>\n<div class=\"ast-oembed-container \" style=\"height: 100%;\"><iframe loading=\"lazy\" title=\"Conte contat l&#039;Espurna de Calafell\" width=\"500\" height=\"281\" src=\"https:\/\/www.youtube.com\/embed\/gE1SCWiFW8o?feature=oembed\" frameborder=\"0\" allow=\"accelerometer; autoplay; clipboard-write; encrypted-media; gyroscope; picture-in-picture; web-share\" referrerpolicy=\"strict-origin-when-cross-origin\" allowfullscreen><\/iframe><\/div>\n<p><strong>Activitat amb els Timbalers:<\/strong><\/p>\n<p><a href=\"https:\/\/agora.xtec.cat\/ceipsantacreudecalafell\/wp-content\/uploads\/usu1567\/2022\/04\/IMG-20220420-WA0026.jpg\"><img loading=\"lazy\" decoding=\"async\" class=\"alignnone wp-image-3089\" src=\"https:\/\/agora.xtec.cat\/ceipsantacreudecalafell\/wp-content\/uploads\/usu1567\/2022\/04\/IMG-20220420-WA0026.jpg\" alt=\"\" width=\"300\" height=\"225\" srcset=\"https:\/\/agora.xtec.cat\/ceipsantacreudecalafell\/wp-content\/uploads\/usu1567\/2022\/04\/IMG-20220420-WA0026.jpg 1024w, https:\/\/agora.xtec.cat\/ceipsantacreudecalafell\/wp-content\/uploads\/usu1567\/2022\/04\/IMG-20220420-WA0026-300x225.jpg 300w, https:\/\/agora.xtec.cat\/ceipsantacreudecalafell\/wp-content\/uploads\/usu1567\/2022\/04\/IMG-20220420-WA0026-768x576.jpg 768w, https:\/\/agora.xtec.cat\/ceipsantacreudecalafell\/wp-content\/uploads\/usu1567\/2022\/04\/IMG-20220420-WA0026-200x150.jpg 200w\" sizes=\"auto, (max-width: 300px) 100vw, 300px\" \/><\/a>\u00a0 <a href=\"https:\/\/agora.xtec.cat\/ceipsantacreudecalafell\/wp-content\/uploads\/usu1567\/2022\/04\/IMG-20220420-WA0018.jpg\"><img loading=\"lazy\" decoding=\"async\" class=\"alignnone wp-image-3090\" src=\"https:\/\/agora.xtec.cat\/ceipsantacreudecalafell\/wp-content\/uploads\/usu1567\/2022\/04\/IMG-20220420-WA0018.jpg\" alt=\"\" width=\"299\" height=\"225\" srcset=\"https:\/\/agora.xtec.cat\/ceipsantacreudecalafell\/wp-content\/uploads\/usu1567\/2022\/04\/IMG-20220420-WA0018.jpg 1024w, https:\/\/agora.xtec.cat\/ceipsantacreudecalafell\/wp-content\/uploads\/usu1567\/2022\/04\/IMG-20220420-WA0018-300x225.jpg 300w, https:\/\/agora.xtec.cat\/ceipsantacreudecalafell\/wp-content\/uploads\/usu1567\/2022\/04\/IMG-20220420-WA0018-768x576.jpg 768w, https:\/\/agora.xtec.cat\/ceipsantacreudecalafell\/wp-content\/uploads\/usu1567\/2022\/04\/IMG-20220420-WA0018-200x150.jpg 200w\" sizes=\"auto, (max-width: 299px) 100vw, 299px\" \/><\/a>\u00a0 <a href=\"https:\/\/agora.xtec.cat\/ceipsantacreudecalafell\/wp-content\/uploads\/usu1567\/2022\/04\/IMG-20220420-WA0019.jpg\"><img loading=\"lazy\" decoding=\"async\" class=\"alignnone wp-image-3091\" src=\"https:\/\/agora.xtec.cat\/ceipsantacreudecalafell\/wp-content\/uploads\/usu1567\/2022\/04\/IMG-20220420-WA0019.jpg\" alt=\"\" width=\"301\" height=\"226\" srcset=\"https:\/\/agora.xtec.cat\/ceipsantacreudecalafell\/wp-content\/uploads\/usu1567\/2022\/04\/IMG-20220420-WA0019.jpg 1024w, https:\/\/agora.xtec.cat\/ceipsantacreudecalafell\/wp-content\/uploads\/usu1567\/2022\/04\/IMG-20220420-WA0019-300x225.jpg 300w, https:\/\/agora.xtec.cat\/ceipsantacreudecalafell\/wp-content\/uploads\/usu1567\/2022\/04\/IMG-20220420-WA0019-768x576.jpg 768w, https:\/\/agora.xtec.cat\/ceipsantacreudecalafell\/wp-content\/uploads\/usu1567\/2022\/04\/IMG-20220420-WA0019-200x150.jpg 200w\" sizes=\"auto, (max-width: 301px) 100vw, 301px\" \/><\/a><\/p>\n<p><a href=\"https:\/\/agora.xtec.cat\/ceipsantacreudecalafell\/wp-content\/uploads\/usu1567\/2022\/04\/IMG-20220420-WA0021.jpg\"><img loading=\"lazy\" decoding=\"async\" class=\"alignnone wp-image-3092\" src=\"https:\/\/agora.xtec.cat\/ceipsantacreudecalafell\/wp-content\/uploads\/usu1567\/2022\/04\/IMG-20220420-WA0021.jpg\" alt=\"\" width=\"299\" height=\"223\" srcset=\"https:\/\/agora.xtec.cat\/ceipsantacreudecalafell\/wp-content\/uploads\/usu1567\/2022\/04\/IMG-20220420-WA0021.jpg 1024w, https:\/\/agora.xtec.cat\/ceipsantacreudecalafell\/wp-content\/uploads\/usu1567\/2022\/04\/IMG-20220420-WA0021-300x225.jpg 300w, https:\/\/agora.xtec.cat\/ceipsantacreudecalafell\/wp-content\/uploads\/usu1567\/2022\/04\/IMG-20220420-WA0021-768x576.jpg 768w, https:\/\/agora.xtec.cat\/ceipsantacreudecalafell\/wp-content\/uploads\/usu1567\/2022\/04\/IMG-20220420-WA0021-200x150.jpg 200w\" sizes=\"auto, (max-width: 299px) 100vw, 299px\" \/><\/a>\u00a0 <a href=\"https:\/\/agora.xtec.cat\/ceipsantacreudecalafell\/wp-content\/uploads\/usu1567\/2022\/04\/IMG-20220420-WA0023.jpg\"><img loading=\"lazy\" decoding=\"async\" class=\"alignnone wp-image-3093\" src=\"https:\/\/agora.xtec.cat\/ceipsantacreudecalafell\/wp-content\/uploads\/usu1567\/2022\/04\/IMG-20220420-WA0023.jpg\" alt=\"\" width=\"300\" height=\"225\" srcset=\"https:\/\/agora.xtec.cat\/ceipsantacreudecalafell\/wp-content\/uploads\/usu1567\/2022\/04\/IMG-20220420-WA0023.jpg 1024w, https:\/\/agora.xtec.cat\/ceipsantacreudecalafell\/wp-content\/uploads\/usu1567\/2022\/04\/IMG-20220420-WA0023-300x225.jpg 300w, https:\/\/agora.xtec.cat\/ceipsantacreudecalafell\/wp-content\/uploads\/usu1567\/2022\/04\/IMG-20220420-WA0023-768x576.jpg 768w, https:\/\/agora.xtec.cat\/ceipsantacreudecalafell\/wp-content\/uploads\/usu1567\/2022\/04\/IMG-20220420-WA0023-200x150.jpg 200w\" sizes=\"auto, (max-width: 300px) 100vw, 300px\" \/><\/a>\u00a0 <a href=\"https:\/\/agora.xtec.cat\/ceipsantacreudecalafell\/wp-content\/uploads\/usu1567\/2022\/04\/IMG-20220420-WA0024.jpg\"><img loading=\"lazy\" decoding=\"async\" class=\"alignnone wp-image-3094\" src=\"https:\/\/agora.xtec.cat\/ceipsantacreudecalafell\/wp-content\/uploads\/usu1567\/2022\/04\/IMG-20220420-WA0024.jpg\" alt=\"\" width=\"174\" height=\"232\" srcset=\"https:\/\/agora.xtec.cat\/ceipsantacreudecalafell\/wp-content\/uploads\/usu1567\/2022\/04\/IMG-20220420-WA0024.jpg 768w, https:\/\/agora.xtec.cat\/ceipsantacreudecalafell\/wp-content\/uploads\/usu1567\/2022\/04\/IMG-20220420-WA0024-225x300.jpg 225w\" sizes=\"auto, (max-width: 174px) 100vw, 174px\" \/><\/a><\/p>\n<p><a href=\"https:\/\/agora.xtec.cat\/ceipsantacreudecalafell\/wp-content\/uploads\/usu1567\/2022\/04\/IMG-20220420-WA0022.jpg\"><img loading=\"lazy\" decoding=\"async\" class=\"alignnone wp-image-3095\" src=\"https:\/\/agora.xtec.cat\/ceipsantacreudecalafell\/wp-content\/uploads\/usu1567\/2022\/04\/IMG-20220420-WA0022.jpg\" alt=\"\" width=\"298\" height=\"224\" srcset=\"https:\/\/agora.xtec.cat\/ceipsantacreudecalafell\/wp-content\/uploads\/usu1567\/2022\/04\/IMG-20220420-WA0022.jpg 1024w, https:\/\/agora.xtec.cat\/ceipsantacreudecalafell\/wp-content\/uploads\/usu1567\/2022\/04\/IMG-20220420-WA0022-300x225.jpg 300w, https:\/\/agora.xtec.cat\/ceipsantacreudecalafell\/wp-content\/uploads\/usu1567\/2022\/04\/IMG-20220420-WA0022-768x576.jpg 768w, https:\/\/agora.xtec.cat\/ceipsantacreudecalafell\/wp-content\/uploads\/usu1567\/2022\/04\/IMG-20220420-WA0022-200x150.jpg 200w\" sizes=\"auto, (max-width: 298px) 100vw, 298px\" \/><\/a>\u00a0 <a href=\"https:\/\/agora.xtec.cat\/ceipsantacreudecalafell\/wp-content\/uploads\/usu1567\/2022\/04\/IMG-20220420-WA0020.jpg\"><img loading=\"lazy\" decoding=\"async\" class=\"alignnone wp-image-3096\" src=\"https:\/\/agora.xtec.cat\/ceipsantacreudecalafell\/wp-content\/uploads\/usu1567\/2022\/04\/IMG-20220420-WA0020.jpg\" alt=\"\" width=\"300\" height=\"225\" srcset=\"https:\/\/agora.xtec.cat\/ceipsantacreudecalafell\/wp-content\/uploads\/usu1567\/2022\/04\/IMG-20220420-WA0020.jpg 1024w, https:\/\/agora.xtec.cat\/ceipsantacreudecalafell\/wp-content\/uploads\/usu1567\/2022\/04\/IMG-20220420-WA0020-300x225.jpg 300w, https:\/\/agora.xtec.cat\/ceipsantacreudecalafell\/wp-content\/uploads\/usu1567\/2022\/04\/IMG-20220420-WA0020-768x576.jpg 768w, https:\/\/agora.xtec.cat\/ceipsantacreudecalafell\/wp-content\/uploads\/usu1567\/2022\/04\/IMG-20220420-WA0020-200x150.jpg 200w\" sizes=\"auto, (max-width: 300px) 100vw, 300px\" \/><\/a><\/p>\n<p><strong>Activitat explicaci\u00f3 del Bestiari per Maria:<\/strong><\/p>\n<p><a href=\"https:\/\/agora.xtec.cat\/ceipsantacreudecalafell\/wp-content\/uploads\/usu1567\/2022\/04\/Screenshot_20220425-121345_Instagram.jpg\"><img loading=\"lazy\" decoding=\"async\" class=\"alignnone  wp-image-3099\" src=\"https:\/\/agora.xtec.cat\/ceipsantacreudecalafell\/wp-content\/uploads\/usu1567\/2022\/04\/Screenshot_20220425-121345_Instagram.jpg\" alt=\"\" width=\"401\" height=\"306\" srcset=\"https:\/\/agora.xtec.cat\/ceipsantacreudecalafell\/wp-content\/uploads\/usu1567\/2022\/04\/Screenshot_20220425-121345_Instagram.jpg 1080w, https:\/\/agora.xtec.cat\/ceipsantacreudecalafell\/wp-content\/uploads\/usu1567\/2022\/04\/Screenshot_20220425-121345_Instagram-300x228.jpg 300w, https:\/\/agora.xtec.cat\/ceipsantacreudecalafell\/wp-content\/uploads\/usu1567\/2022\/04\/Screenshot_20220425-121345_Instagram-1024x779.jpg 1024w, https:\/\/agora.xtec.cat\/ceipsantacreudecalafell\/wp-content\/uploads\/usu1567\/2022\/04\/Screenshot_20220425-121345_Instagram-768x585.jpg 768w\" sizes=\"auto, (max-width: 401px) 100vw, 401px\" \/><\/a>\u00a0 <a href=\"https:\/\/agora.xtec.cat\/ceipsantacreudecalafell\/wp-content\/uploads\/usu1567\/2022\/04\/Screenshot_20220425-121326_Instagram.jpg\"><img loading=\"lazy\" decoding=\"async\" class=\"alignnone  wp-image-3100\" src=\"https:\/\/agora.xtec.cat\/ceipsantacreudecalafell\/wp-content\/uploads\/usu1567\/2022\/04\/Screenshot_20220425-121326_Instagram.jpg\" alt=\"\" width=\"399\" height=\"304\" srcset=\"https:\/\/agora.xtec.cat\/ceipsantacreudecalafell\/wp-content\/uploads\/usu1567\/2022\/04\/Screenshot_20220425-121326_Instagram.jpg 1079w, https:\/\/agora.xtec.cat\/ceipsantacreudecalafell\/wp-content\/uploads\/usu1567\/2022\/04\/Screenshot_20220425-121326_Instagram-300x229.jpg 300w, https:\/\/agora.xtec.cat\/ceipsantacreudecalafell\/wp-content\/uploads\/usu1567\/2022\/04\/Screenshot_20220425-121326_Instagram-1024x780.jpg 1024w, https:\/\/agora.xtec.cat\/ceipsantacreudecalafell\/wp-content\/uploads\/usu1567\/2022\/04\/Screenshot_20220425-121326_Instagram-768x585.jpg 768w\" sizes=\"auto, (max-width: 399px) 100vw, 399px\" \/><\/a><\/p>\n<p><a href=\"https:\/\/agora.xtec.cat\/ceipsantacreudecalafell\/wp-content\/uploads\/usu1567\/2022\/04\/Screenshot_20220425-121238_Instagram.jpg\"><img loading=\"lazy\" decoding=\"async\" class=\"alignnone  wp-image-3101\" src=\"https:\/\/agora.xtec.cat\/ceipsantacreudecalafell\/wp-content\/uploads\/usu1567\/2022\/04\/Screenshot_20220425-121238_Instagram.jpg\" alt=\"\" width=\"405\" height=\"308\" srcset=\"https:\/\/agora.xtec.cat\/ceipsantacreudecalafell\/wp-content\/uploads\/usu1567\/2022\/04\/Screenshot_20220425-121238_Instagram.jpg 1080w, https:\/\/agora.xtec.cat\/ceipsantacreudecalafell\/wp-content\/uploads\/usu1567\/2022\/04\/Screenshot_20220425-121238_Instagram-300x228.jpg 300w, https:\/\/agora.xtec.cat\/ceipsantacreudecalafell\/wp-content\/uploads\/usu1567\/2022\/04\/Screenshot_20220425-121238_Instagram-1024x779.jpg 1024w, https:\/\/agora.xtec.cat\/ceipsantacreudecalafell\/wp-content\/uploads\/usu1567\/2022\/04\/Screenshot_20220425-121238_Instagram-768x585.jpg 768w\" sizes=\"auto, (max-width: 405px) 100vw, 405px\" \/><\/a><\/p>\n<p><strong>Activitat Escape Room:<\/strong><\/p>\n<div class=\"ast-oembed-container \" style=\"height: 100%;\"><iframe loading=\"lazy\" title=\"Escape room jornades culturals\" width=\"500\" height=\"281\" src=\"https:\/\/www.youtube.com\/embed\/ladOxeVM9Cc?feature=oembed\" frameborder=\"0\" allow=\"accelerometer; autoplay; clipboard-write; encrypted-media; gyroscope; picture-in-picture; web-share\" referrerpolicy=\"strict-origin-when-cross-origin\" allowfullscreen><\/iframe><\/div>\n<p><strong>Jocs Florals amb els alumnes de 3r, 4t, 5\u00e8 i 6\u00e8, i entrega de premis dels diferents concursos:<\/strong><\/p>\n<div class=\"ast-oembed-container \" style=\"height: 100%;\"><iframe loading=\"lazy\" title=\"Jocs Florals 2022 Escola Santa Creu de Calafell\" width=\"500\" height=\"375\" src=\"https:\/\/www.youtube.com\/embed\/rJiTxFFiiLg?feature=oembed\" frameborder=\"0\" allow=\"accelerometer; autoplay; clipboard-write; encrypted-media; gyroscope; picture-in-picture; web-share\" referrerpolicy=\"strict-origin-when-cross-origin\" allowfullscreen><\/iframe><\/div>\n<p><strong>Arribada de l&#8217;Espurna a l&#8217;escola amb els alumnes de Cicle Mitj\u00e0 i Superior:<\/strong><\/p>\n<div class=\"ast-oembed-container \" style=\"height: 100%;\"><iframe loading=\"lazy\" title=\"Arribada l&#039;Espurna CM i CS\" width=\"500\" height=\"375\" src=\"https:\/\/www.youtube.com\/embed\/GSiYnDaS2L4?feature=oembed\" frameborder=\"0\" allow=\"accelerometer; autoplay; clipboard-write; encrypted-media; gyroscope; picture-in-picture; web-share\" referrerpolicy=\"strict-origin-when-cross-origin\" allowfullscreen><\/iframe><\/div>\n<p><strong>Arribada de l&#8217;Espurna de Calafell a l&#8217;escola amb els alumnes d&#8217;Educaci\u00f3 Infantil i Cicle Inicial:<\/strong><\/p>\n<div class=\"ast-oembed-container \" style=\"height: 100%;\"><iframe loading=\"lazy\" title=\"Arribada l&#039;Espurna EI i CI\" width=\"500\" height=\"375\" src=\"https:\/\/www.youtube.com\/embed\/Rk-2vJn4ufc?feature=oembed\" frameborder=\"0\" allow=\"accelerometer; autoplay; clipboard-write; encrypted-media; gyroscope; picture-in-picture; web-share\" referrerpolicy=\"strict-origin-when-cross-origin\" allowfullscreen><\/iframe><\/div>\n<p><strong>Paradeta de llibres i roses de l&#8217;AFA de l&#8217;escola:<\/strong><\/p>\n<div class=\"ast-oembed-container \" style=\"height: 100%;\"><iframe loading=\"lazy\" title=\"Paradeta de llibres de l&#039;AFA\" width=\"500\" height=\"375\" src=\"https:\/\/www.youtube.com\/embed\/inQjTE9M7GA?feature=oembed\" frameborder=\"0\" allow=\"accelerometer; autoplay; clipboard-write; encrypted-media; gyroscope; picture-in-picture; web-share\" referrerpolicy=\"strict-origin-when-cross-origin\" allowfullscreen><\/iframe><\/div>\n<p><a href=\"https:\/\/agora.xtec.cat\/ceipsantacreudecalafell\/wp-content\/uploads\/usu1567\/2022\/04\/IMG-20220422-WA0007.jpg\"><img loading=\"lazy\" decoding=\"async\" class=\"alignnone size-full wp-image-3097\" src=\"https:\/\/agora.xtec.cat\/ceipsantacreudecalafell\/wp-content\/uploads\/usu1567\/2022\/04\/IMG-20220422-WA0007.jpg\" alt=\"\" width=\"1600\" height=\"1200\" srcset=\"https:\/\/agora.xtec.cat\/ceipsantacreudecalafell\/wp-content\/uploads\/usu1567\/2022\/04\/IMG-20220422-WA0007.jpg 1600w, https:\/\/agora.xtec.cat\/ceipsantacreudecalafell\/wp-content\/uploads\/usu1567\/2022\/04\/IMG-20220422-WA0007-300x225.jpg 300w, https:\/\/agora.xtec.cat\/ceipsantacreudecalafell\/wp-content\/uploads\/usu1567\/2022\/04\/IMG-20220422-WA0007-1024x768.jpg 1024w, https:\/\/agora.xtec.cat\/ceipsantacreudecalafell\/wp-content\/uploads\/usu1567\/2022\/04\/IMG-20220422-WA0007-768x576.jpg 768w, https:\/\/agora.xtec.cat\/ceipsantacreudecalafell\/wp-content\/uploads\/usu1567\/2022\/04\/IMG-20220422-WA0007-1536x1152.jpg 1536w, https:\/\/agora.xtec.cat\/ceipsantacreudecalafell\/wp-content\/uploads\/usu1567\/2022\/04\/IMG-20220422-WA0007-200x150.jpg 200w\" sizes=\"auto, (max-width: 1600px) 100vw, 1600px\" \/><\/a><\/p>\n<p>MOLT\u00cdSSIMES GR\u00c0CIES PER TOT!!<\/p>\n","protected":false},"excerpt":{"rendered":"<p>La setmana passada va ser una setmana plena d&#8217;emocions i viv\u00e8ncies. Vam tenir la sort de tenir a la Carme Palau que ens va contar el conte-llegenda de l&#8217;Espurna de Calafell, ens va ensenyar a fer el ball i ens va contar un munt d&#8217;an\u00e8cdotes de l&#8217;Espurna. La Maria, ex-alumne de l&#8217;escola i membre de [&hellip;]<\/p>\n","protected":false},"author":1,"featured_media":3097,"comment_status":"open","ping_status":"closed","sticky":true,"template":"","format":"standard","meta":{"_bbp_topic_count":0,"_bbp_reply_count":0,"_bbp_total_topic_count":0,"_bbp_total_reply_count":0,"_bbp_voice_count":0,"_bbp_anonymous_reply_count":0,"_bbp_topic_count_hidden":0,"_bbp_reply_count_hidden":0,"_bbp_forum_subforum_count":0,"site-sidebar-layout":"default","site-content-layout":"","ast-site-content-layout":"","site-content-style":"default","site-sidebar-style":"default","ast-global-header-display":"","ast-banner-title-visibility":"","ast-main-header-display":"","ast-hfb-above-header-display":"","ast-hfb-below-header-display":"","ast-hfb-mobile-header-display":"","site-post-title":"","ast-breadcrumbs-content":"","ast-featured-img":"","footer-sml-layout":"","theme-transparent-header-meta":"","adv-header-id-meta":"","stick-header-meta":"","header-above-stick-meta":"","header-main-stick-meta":"","header-below-stick-meta":"","astra-migrate-meta-layouts":"default","ast-page-background-enabled":"default","ast-page-background-meta":{"desktop":{"background-color":"var(--ast-global-color-4)","background-image":"","background-repeat":"repeat","background-position":"center center","background-size":"auto","background-attachment":"scroll","background-type":"","background-media":"","overlay-type":"","overlay-color":"","overlay-opacity":"","overlay-gradient":""},"tablet":{"background-color":"","background-image":"","background-repeat":"repeat","background-position":"center center","background-size":"auto","background-attachment":"scroll","background-type":"","background-media":"","overlay-type":"","overlay-color":"","overlay-opacity":"","overlay-gradient":""},"mobile":{"background-color":"","background-image":"","background-repeat":"repeat","background-position":"center center","background-size":"auto","background-attachment":"scroll","background-type":"","background-media":"","overlay-type":"","overlay-color":"","overlay-opacity":"","overlay-gradient":""}},"ast-content-background-meta":{"desktop":{"background-color":"var(--ast-global-color-5)","background-image":"","background-repeat":"repeat","background-position":"center center","background-size":"auto","background-attachment":"scroll","background-type":"","background-media":"","overlay-type":"","overlay-color":"","overlay-opacity":"","overlay-gradient":""},"tablet":{"background-color":"var(--ast-global-color-5)","background-image":"","background-repeat":"repeat","background-position":"center center","background-size":"auto","background-attachment":"scroll","background-type":"","background-media":"","overlay-type":"","overlay-color":"","overlay-opacity":"","overlay-gradient":""},"mobile":{"background-color":"var(--ast-global-color-5)","background-image":"","background-repeat":"repeat","background-position":"center center","background-size":"auto","background-attachment":"scroll","background-type":"","background-media":"","overlay-type":"","overlay-color":"","overlay-opacity":"","overlay-gradient":""}},"footnotes":""},"categories":[7,2,4,105,5],"tags":[196,59,144],"class_list":["post-3088","post","type-post","status-publish","format-standard","has-post-thumbnail","hentry","category-afa","category-infantil","category-portada","category-premis","category-primaria","tag-espurna-de-calafell","tag-jornades-culturals","tag-sant-jordi"],"post_mailing_queue_ids":[],"_links":{"self":[{"href":"https:\/\/agora.xtec.cat\/ceipsantacreudecalafell\/wp-json\/wp\/v2\/posts\/3088","targetHints":{"allow":["GET"]}}],"collection":[{"href":"https:\/\/agora.xtec.cat\/ceipsantacreudecalafell\/wp-json\/wp\/v2\/posts"}],"about":[{"href":"https:\/\/agora.xtec.cat\/ceipsantacreudecalafell\/wp-json\/wp\/v2\/types\/post"}],"author":[{"embeddable":true,"href":"https:\/\/agora.xtec.cat\/ceipsantacreudecalafell\/wp-json\/wp\/v2\/users\/1"}],"replies":[{"embeddable":true,"href":"https:\/\/agora.xtec.cat\/ceipsantacreudecalafell\/wp-json\/wp\/v2\/comments?post=3088"}],"version-history":[{"count":2,"href":"https:\/\/agora.xtec.cat\/ceipsantacreudecalafell\/wp-json\/wp\/v2\/posts\/3088\/revisions"}],"predecessor-version":[{"id":3102,"href":"https:\/\/agora.xtec.cat\/ceipsantacreudecalafell\/wp-json\/wp\/v2\/posts\/3088\/revisions\/3102"}],"wp:featuredmedia":[{"embeddable":true,"href":"https:\/\/agora.xtec.cat\/ceipsantacreudecalafell\/wp-json\/wp\/v2\/media\/3097"}],"wp:attachment":[{"href":"https:\/\/agora.xtec.cat\/ceipsantacreudecalafell\/wp-json\/wp\/v2\/media?parent=3088"}],"wp:term":[{"taxonomy":"category","embeddable":true,"href":"https:\/\/agora.xtec.cat\/ceipsantacreudecalafell\/wp-json\/wp\/v2\/categories?post=3088"},{"taxonomy":"post_tag","embeddable":true,"href":"https:\/\/agora.xtec.cat\/ceipsantacreudecalafell\/wp-json\/wp\/v2\/tags?post=3088"}],"curies":[{"name":"wp","href":"https:\/\/api.w.org\/{rel}","templated":true}]}}