{"id":2971,"date":"2022-03-04T16:30:35","date_gmt":"2022-03-04T15:30:35","guid":{"rendered":"https:\/\/agora.xtec.cat\/ceipsantacreudecalafell\/?p=2971"},"modified":"2022-04-04T11:53:11","modified_gmt":"2022-04-04T09:53:11","slug":"vols-veure-com-aprenem-amb-la-robotica","status":"publish","type":"post","link":"https:\/\/agora.xtec.cat\/ceipsantacreudecalafell\/general\/vols-veure-com-aprenem-amb-la-robotica\/","title":{"rendered":"Vols veure com aprenem amb la Rob\u00f2tica?"},"content":{"rendered":"<p>&nbsp;<\/p>\n<p><a href=\"https:\/\/agora.xtec.cat\/ceipsantacreudecalafell\/wp-content\/uploads\/usu1567\/2022\/02\/Robotica-cartell.jpg\"><img loading=\"lazy\" decoding=\"async\" class=\"alignnone wp-image-2985\" src=\"https:\/\/agora.xtec.cat\/ceipsantacreudecalafell\/wp-content\/uploads\/usu1567\/2022\/02\/Robotica-cartell.jpg\" alt=\"\" width=\"500\" height=\"353\" srcset=\"https:\/\/agora.xtec.cat\/ceipsantacreudecalafell\/wp-content\/uploads\/usu1567\/2022\/02\/Robotica-cartell.jpg 1755w, https:\/\/agora.xtec.cat\/ceipsantacreudecalafell\/wp-content\/uploads\/usu1567\/2022\/02\/Robotica-cartell-300x212.jpg 300w, https:\/\/agora.xtec.cat\/ceipsantacreudecalafell\/wp-content\/uploads\/usu1567\/2022\/02\/Robotica-cartell-1024x724.jpg 1024w, https:\/\/agora.xtec.cat\/ceipsantacreudecalafell\/wp-content\/uploads\/usu1567\/2022\/02\/Robotica-cartell-768x543.jpg 768w, https:\/\/agora.xtec.cat\/ceipsantacreudecalafell\/wp-content\/uploads\/usu1567\/2022\/02\/Robotica-cartell-1536x1086.jpg 1536w\" sizes=\"auto, (max-width: 500px) 100vw, 500px\" \/><\/a><\/p>\n<div class=\"ast-oembed-container \" style=\"height: 100%;\"><iframe loading=\"lazy\" title=\"Rob\u00f2tica a l&#039;escola Santa Creu de Calafell\" width=\"500\" height=\"375\" src=\"https:\/\/www.youtube.com\/embed\/sLRXbL3ICe8?feature=oembed\" frameborder=\"0\" allow=\"accelerometer; autoplay; clipboard-write; encrypted-media; gyroscope; picture-in-picture; web-share\" referrerpolicy=\"strict-origin-when-cross-origin\" allowfullscreen><\/iframe><\/div>\n<p>Els alumnes de 6\u00e8 han comen\u00e7at el Projecte de Rob\u00f2tica creant &#8220;Milo amb un bra\u00e7&#8221; i &#8220;Milo amb dos bra\u00e7os&#8221;, han apr\u00e8s tamb\u00e9 a programar-lo perqu\u00e8 faci diverses funcions com caminar endavant, caminar al darrere, l&#8217;han afegit soroll de fons, l&#8217;han canviat el color&#8230;<\/p>\n<div class=\"ast-oembed-container \" style=\"height: 100%;\"><iframe loading=\"lazy\" title=\"Rob\u00f2tica 6\u00e8\" width=\"500\" height=\"375\" src=\"https:\/\/www.youtube.com\/embed\/u-sKHOEerog?feature=oembed\" frameborder=\"0\" allow=\"accelerometer; autoplay; clipboard-write; encrypted-media; gyroscope; picture-in-picture; web-share\" referrerpolicy=\"strict-origin-when-cross-origin\" allowfullscreen><\/iframe><\/div>\n<p>Els alumnes de 5\u00e8 han comen\u00e7at el Projecte de Rob\u00f2tica creant \u201cMilo amb un bra\u00e7\u201d i \u201cMilo amb dos bra\u00e7os\u201d, han apr\u00e8s tamb\u00e9 a programar-lo perqu\u00e8 faci diverses funcions com girar les aspes, l\u2019han afegit soroll de fons, l\u2019han canviat el color\u2026<\/p>\n<div class=\"ast-oembed-container \" style=\"height: 100%;\"><iframe loading=\"lazy\" title=\"Rob\u00f2tica 5\u00e8\" width=\"500\" height=\"375\" src=\"https:\/\/www.youtube.com\/embed\/mU2F4UQ-dxo?feature=oembed\" frameborder=\"0\" allow=\"accelerometer; autoplay; clipboard-write; encrypted-media; gyroscope; picture-in-picture; web-share\" referrerpolicy=\"strict-origin-when-cross-origin\" allowfullscreen><\/iframe><\/div>\n<p>Els alumnes de 4t han comen\u00e7at aquesta setmana el Projecte de Rob\u00f2tica creant &#8220;El Ventilador de refredament&#8221; i &#8220;El sat\u00e8l\u00b7lit m\u00f2bil&#8221;, han apr\u00e8s tamb\u00e9 a programar-lo perqu\u00e8 faci diverses funcions com girar les aspes, l&#8217;han afegit soroll de fons, l&#8217;han canviat el color&#8230;<\/p>\n<div class=\"ast-oembed-container \" style=\"height: 100%;\"><iframe loading=\"lazy\" title=\"Rob\u00f2tica 4t\" width=\"500\" height=\"375\" src=\"https:\/\/www.youtube.com\/embed\/mMVJcmkeS4w?feature=oembed\" frameborder=\"0\" allow=\"accelerometer; autoplay; clipboard-write; encrypted-media; gyroscope; picture-in-picture; web-share\" referrerpolicy=\"strict-origin-when-cross-origin\" allowfullscreen><\/iframe><\/div>\n<p>&nbsp;<\/p>\n","protected":false},"excerpt":{"rendered":"<p>&nbsp; Els alumnes de 6\u00e8 han comen\u00e7at el Projecte de Rob\u00f2tica creant &#8220;Milo amb un bra\u00e7&#8221; i &#8220;Milo amb dos bra\u00e7os&#8221;, han apr\u00e8s tamb\u00e9 a programar-lo perqu\u00e8 faci diverses funcions com caminar endavant, caminar al darrere, l&#8217;han afegit soroll de fons, l&#8217;han canviat el color&#8230; Els alumnes de 5\u00e8 han comen\u00e7at el Projecte de Rob\u00f2tica [&hellip;]<\/p>\n","protected":false},"author":1,"featured_media":2985,"comment_status":"open","ping_status":"closed","sticky":true,"template":"","format":"standard","meta":{"_bbp_topic_count":0,"_bbp_reply_count":0,"_bbp_total_topic_count":0,"_bbp_total_reply_count":0,"_bbp_voice_count":0,"_bbp_anonymous_reply_count":0,"_bbp_topic_count_hidden":0,"_bbp_reply_count_hidden":0,"_bbp_forum_subforum_count":0,"site-sidebar-layout":"default","site-content-layout":"","ast-site-content-layout":"","site-content-style":"default","site-sidebar-style":"default","ast-global-header-display":"","ast-banner-title-visibility":"","ast-main-header-display":"","ast-hfb-above-header-display":"","ast-hfb-below-header-display":"","ast-hfb-mobile-header-display":"","site-post-title":"","ast-breadcrumbs-content":"","ast-featured-img":"","footer-sml-layout":"","theme-transparent-header-meta":"","adv-header-id-meta":"","stick-header-meta":"","header-above-stick-meta":"","header-main-stick-meta":"","header-below-stick-meta":"","astra-migrate-meta-layouts":"default","ast-page-background-enabled":"default","ast-page-background-meta":{"desktop":{"background-color":"var(--ast-global-color-4)","background-image":"","background-repeat":"repeat","background-position":"center center","background-size":"auto","background-attachment":"scroll","background-type":"","background-media":"","overlay-type":"","overlay-color":"","overlay-opacity":"","overlay-gradient":""},"tablet":{"background-color":"","background-image":"","background-repeat":"repeat","background-position":"center center","background-size":"auto","background-attachment":"scroll","background-type":"","background-media":"","overlay-type":"","overlay-color":"","overlay-opacity":"","overlay-gradient":""},"mobile":{"background-color":"","background-image":"","background-repeat":"repeat","background-position":"center center","background-size":"auto","background-attachment":"scroll","background-type":"","background-media":"","overlay-type":"","overlay-color":"","overlay-opacity":"","overlay-gradient":""}},"ast-content-background-meta":{"desktop":{"background-color":"var(--ast-global-color-5)","background-image":"","background-repeat":"repeat","background-position":"center center","background-size":"auto","background-attachment":"scroll","background-type":"","background-media":"","overlay-type":"","overlay-color":"","overlay-opacity":"","overlay-gradient":""},"tablet":{"background-color":"var(--ast-global-color-5)","background-image":"","background-repeat":"repeat","background-position":"center center","background-size":"auto","background-attachment":"scroll","background-type":"","background-media":"","overlay-type":"","overlay-color":"","overlay-opacity":"","overlay-gradient":""},"mobile":{"background-color":"var(--ast-global-color-5)","background-image":"","background-repeat":"repeat","background-position":"center center","background-size":"auto","background-attachment":"scroll","background-type":"","background-media":"","overlay-type":"","overlay-color":"","overlay-opacity":"","overlay-gradient":""}},"footnotes":""},"categories":[1,4],"tags":[191],"class_list":["post-2971","post","type-post","status-publish","format-standard","has-post-thumbnail","hentry","category-general","category-portada","tag-projecte-robotica"],"post_mailing_queue_ids":[],"_links":{"self":[{"href":"https:\/\/agora.xtec.cat\/ceipsantacreudecalafell\/wp-json\/wp\/v2\/posts\/2971","targetHints":{"allow":["GET"]}}],"collection":[{"href":"https:\/\/agora.xtec.cat\/ceipsantacreudecalafell\/wp-json\/wp\/v2\/posts"}],"about":[{"href":"https:\/\/agora.xtec.cat\/ceipsantacreudecalafell\/wp-json\/wp\/v2\/types\/post"}],"author":[{"embeddable":true,"href":"https:\/\/agora.xtec.cat\/ceipsantacreudecalafell\/wp-json\/wp\/v2\/users\/1"}],"replies":[{"embeddable":true,"href":"https:\/\/agora.xtec.cat\/ceipsantacreudecalafell\/wp-json\/wp\/v2\/comments?post=2971"}],"version-history":[{"count":3,"href":"https:\/\/agora.xtec.cat\/ceipsantacreudecalafell\/wp-json\/wp\/v2\/posts\/2971\/revisions"}],"predecessor-version":[{"id":3073,"href":"https:\/\/agora.xtec.cat\/ceipsantacreudecalafell\/wp-json\/wp\/v2\/posts\/2971\/revisions\/3073"}],"wp:featuredmedia":[{"embeddable":true,"href":"https:\/\/agora.xtec.cat\/ceipsantacreudecalafell\/wp-json\/wp\/v2\/media\/2985"}],"wp:attachment":[{"href":"https:\/\/agora.xtec.cat\/ceipsantacreudecalafell\/wp-json\/wp\/v2\/media?parent=2971"}],"wp:term":[{"taxonomy":"category","embeddable":true,"href":"https:\/\/agora.xtec.cat\/ceipsantacreudecalafell\/wp-json\/wp\/v2\/categories?post=2971"},{"taxonomy":"post_tag","embeddable":true,"href":"https:\/\/agora.xtec.cat\/ceipsantacreudecalafell\/wp-json\/wp\/v2\/tags?post=2971"}],"curies":[{"name":"wp","href":"https:\/\/api.w.org\/{rel}","templated":true}]}}