{"id":2794,"date":"2021-11-25T09:50:47","date_gmt":"2021-11-25T08:50:47","guid":{"rendered":"https:\/\/agora.xtec.cat\/ceipsantacreudecalafell\/?p=2794"},"modified":"2021-11-25T09:56:07","modified_gmt":"2021-11-25T08:56:07","slug":"vols-veure-com-hem-gaudit-amb-els-concerts-dukelele-a-lescola","status":"publish","type":"post","link":"https:\/\/agora.xtec.cat\/ceipsantacreudecalafell\/infantil\/vols-veure-com-hem-gaudit-amb-els-concerts-dukelele-a-lescola\/","title":{"rendered":"Vols veure com hem gaudit amb els concerts d&#8217;Ukelele a l&#8217;escola?"},"content":{"rendered":"<p><a href=\"https:\/\/agora.xtec.cat\/ceipsantacreudecalafell\/wp-content\/uploads\/usu1567\/2021\/11\/Petit-concert-dukelele_page-0001.jpg\"><img loading=\"lazy\" decoding=\"async\" class=\"alignnone wp-image-2795\" src=\"https:\/\/agora.xtec.cat\/ceipsantacreudecalafell\/wp-content\/uploads\/usu1567\/2021\/11\/Petit-concert-dukelele_page-0001.jpg\" alt=\"\" width=\"439\" height=\"311\" srcset=\"https:\/\/agora.xtec.cat\/ceipsantacreudecalafell\/wp-content\/uploads\/usu1567\/2021\/11\/Petit-concert-dukelele_page-0001.jpg 1755w, https:\/\/agora.xtec.cat\/ceipsantacreudecalafell\/wp-content\/uploads\/usu1567\/2021\/11\/Petit-concert-dukelele_page-0001-300x212.jpg 300w, https:\/\/agora.xtec.cat\/ceipsantacreudecalafell\/wp-content\/uploads\/usu1567\/2021\/11\/Petit-concert-dukelele_page-0001-1024x724.jpg 1024w, https:\/\/agora.xtec.cat\/ceipsantacreudecalafell\/wp-content\/uploads\/usu1567\/2021\/11\/Petit-concert-dukelele_page-0001-768x543.jpg 768w, https:\/\/agora.xtec.cat\/ceipsantacreudecalafell\/wp-content\/uploads\/usu1567\/2021\/11\/Petit-concert-dukelele_page-0001-1536x1086.jpg 1536w\" sizes=\"auto, (max-width: 439px) 100vw, 439px\" \/><\/a>\u00a0 <a href=\"https:\/\/agora.xtec.cat\/ceipsantacreudecalafell\/wp-content\/uploads\/usu1567\/2021\/11\/IMG-20211117-WA0000.jpg\"><img loading=\"lazy\" decoding=\"async\" class=\"alignnone wp-image-2796\" src=\"https:\/\/agora.xtec.cat\/ceipsantacreudecalafell\/wp-content\/uploads\/usu1567\/2021\/11\/IMG-20211117-WA0000.jpg\" alt=\"\" width=\"416\" height=\"312\" srcset=\"https:\/\/agora.xtec.cat\/ceipsantacreudecalafell\/wp-content\/uploads\/usu1567\/2021\/11\/IMG-20211117-WA0000.jpg 2048w, https:\/\/agora.xtec.cat\/ceipsantacreudecalafell\/wp-content\/uploads\/usu1567\/2021\/11\/IMG-20211117-WA0000-300x225.jpg 300w, https:\/\/agora.xtec.cat\/ceipsantacreudecalafell\/wp-content\/uploads\/usu1567\/2021\/11\/IMG-20211117-WA0000-1024x769.jpg 1024w, https:\/\/agora.xtec.cat\/ceipsantacreudecalafell\/wp-content\/uploads\/usu1567\/2021\/11\/IMG-20211117-WA0000-768x576.jpg 768w, https:\/\/agora.xtec.cat\/ceipsantacreudecalafell\/wp-content\/uploads\/usu1567\/2021\/11\/IMG-20211117-WA0000-1536x1153.jpg 1536w, https:\/\/agora.xtec.cat\/ceipsantacreudecalafell\/wp-content\/uploads\/usu1567\/2021\/11\/IMG-20211117-WA0000-200x150.jpg 200w\" sizes=\"auto, (max-width: 416px) 100vw, 416px\" \/><\/a><\/p>\n<p>Aquesta setmana hem celebrat la festivitat de Santa Cec\u00edlia, patrona dels m\u00fasics i els\/les alumnes de l&#8217;escola hem realitzat diversos concerts i un mural a l&#8217;aula de M\u00fasica.<\/p>\n<p>Aquest any engeguem un nou Projecte a l&#8217;escola, <em><strong>&#8220;Ukelele a l&#8217;escola&#8221;<\/strong><\/em>, ha estat una bona experi\u00e8ncia en tots els sentits, la m\u00fasica en grup requereix la col\u00b7laboraci\u00f3, atenci\u00f3, concentraci\u00f3 i flexibilitat quatre pilars fonamentals en l&#8217;educaci\u00f3.<\/p>\n<p>La m\u00fasica \u00e9s vida! Bona feina nois i noies!!<\/p>\n<p><a href=\"https:\/\/agora.xtec.cat\/ceipsantacreudecalafell\/wp-content\/uploads\/usu1567\/2021\/11\/IMG-20211124-WA0011.jpg\"><img loading=\"lazy\" decoding=\"async\" class=\"alignnone wp-image-2792\" src=\"https:\/\/agora.xtec.cat\/ceipsantacreudecalafell\/wp-content\/uploads\/usu1567\/2021\/11\/IMG-20211124-WA0011.jpg\" alt=\"\" width=\"400\" height=\"225\" srcset=\"https:\/\/agora.xtec.cat\/ceipsantacreudecalafell\/wp-content\/uploads\/usu1567\/2021\/11\/IMG-20211124-WA0011.jpg 1600w, https:\/\/agora.xtec.cat\/ceipsantacreudecalafell\/wp-content\/uploads\/usu1567\/2021\/11\/IMG-20211124-WA0011-300x169.jpg 300w, https:\/\/agora.xtec.cat\/ceipsantacreudecalafell\/wp-content\/uploads\/usu1567\/2021\/11\/IMG-20211124-WA0011-1024x576.jpg 1024w, https:\/\/agora.xtec.cat\/ceipsantacreudecalafell\/wp-content\/uploads\/usu1567\/2021\/11\/IMG-20211124-WA0011-768x432.jpg 768w, https:\/\/agora.xtec.cat\/ceipsantacreudecalafell\/wp-content\/uploads\/usu1567\/2021\/11\/IMG-20211124-WA0011-1536x864.jpg 1536w\" sizes=\"auto, (max-width: 400px) 100vw, 400px\" \/><\/a> <a href=\"https:\/\/agora.xtec.cat\/ceipsantacreudecalafell\/wp-content\/uploads\/usu1567\/2021\/11\/IMG-20211124-WA0012.jpg\"><img loading=\"lazy\" decoding=\"async\" class=\"alignnone wp-image-2791\" src=\"https:\/\/agora.xtec.cat\/ceipsantacreudecalafell\/wp-content\/uploads\/usu1567\/2021\/11\/IMG-20211124-WA0012.jpg\" alt=\"\" width=\"400\" height=\"225\" srcset=\"https:\/\/agora.xtec.cat\/ceipsantacreudecalafell\/wp-content\/uploads\/usu1567\/2021\/11\/IMG-20211124-WA0012.jpg 1600w, https:\/\/agora.xtec.cat\/ceipsantacreudecalafell\/wp-content\/uploads\/usu1567\/2021\/11\/IMG-20211124-WA0012-300x169.jpg 300w, https:\/\/agora.xtec.cat\/ceipsantacreudecalafell\/wp-content\/uploads\/usu1567\/2021\/11\/IMG-20211124-WA0012-1024x576.jpg 1024w, https:\/\/agora.xtec.cat\/ceipsantacreudecalafell\/wp-content\/uploads\/usu1567\/2021\/11\/IMG-20211124-WA0012-768x432.jpg 768w, https:\/\/agora.xtec.cat\/ceipsantacreudecalafell\/wp-content\/uploads\/usu1567\/2021\/11\/IMG-20211124-WA0012-1536x864.jpg 1536w\" sizes=\"auto, (max-width: 400px) 100vw, 400px\" \/><\/a><\/p>\n<p><a href=\"https:\/\/agora.xtec.cat\/ceipsantacreudecalafell\/wp-content\/uploads\/usu1567\/2021\/11\/IMG-20211124-WA0003.jpg\"><img loading=\"lazy\" decoding=\"async\" class=\"alignnone wp-image-2790\" src=\"https:\/\/agora.xtec.cat\/ceipsantacreudecalafell\/wp-content\/uploads\/usu1567\/2021\/11\/IMG-20211124-WA0003.jpg\" alt=\"\" width=\"400\" height=\"300\" srcset=\"https:\/\/agora.xtec.cat\/ceipsantacreudecalafell\/wp-content\/uploads\/usu1567\/2021\/11\/IMG-20211124-WA0003.jpg 2048w, https:\/\/agora.xtec.cat\/ceipsantacreudecalafell\/wp-content\/uploads\/usu1567\/2021\/11\/IMG-20211124-WA0003-300x225.jpg 300w, https:\/\/agora.xtec.cat\/ceipsantacreudecalafell\/wp-content\/uploads\/usu1567\/2021\/11\/IMG-20211124-WA0003-1024x768.jpg 1024w, https:\/\/agora.xtec.cat\/ceipsantacreudecalafell\/wp-content\/uploads\/usu1567\/2021\/11\/IMG-20211124-WA0003-768x576.jpg 768w, https:\/\/agora.xtec.cat\/ceipsantacreudecalafell\/wp-content\/uploads\/usu1567\/2021\/11\/IMG-20211124-WA0003-1536x1152.jpg 1536w, https:\/\/agora.xtec.cat\/ceipsantacreudecalafell\/wp-content\/uploads\/usu1567\/2021\/11\/IMG-20211124-WA0003-200x150.jpg 200w\" sizes=\"auto, (max-width: 400px) 100vw, 400px\" \/><\/a> <a href=\"https:\/\/agora.xtec.cat\/ceipsantacreudecalafell\/wp-content\/uploads\/usu1567\/2021\/11\/IMG_20211124_151032485_HDR.jpg\"><img loading=\"lazy\" decoding=\"async\" class=\"alignnone wp-image-2797\" src=\"https:\/\/agora.xtec.cat\/ceipsantacreudecalafell\/wp-content\/uploads\/usu1567\/2021\/11\/IMG_20211124_151032485_HDR.jpg\" alt=\"\" width=\"400\" height=\"299\" srcset=\"https:\/\/agora.xtec.cat\/ceipsantacreudecalafell\/wp-content\/uploads\/usu1567\/2021\/11\/IMG_20211124_151032485_HDR.jpg 640w, https:\/\/agora.xtec.cat\/ceipsantacreudecalafell\/wp-content\/uploads\/usu1567\/2021\/11\/IMG_20211124_151032485_HDR-300x225.jpg 300w, https:\/\/agora.xtec.cat\/ceipsantacreudecalafell\/wp-content\/uploads\/usu1567\/2021\/11\/IMG_20211124_151032485_HDR-200x150.jpg 200w\" sizes=\"auto, (max-width: 400px) 100vw, 400px\" \/><\/a><\/p>\n<div style=\"width: 848px;\" class=\"wp-video\"><!--[if lt IE 9]><script>document.createElement('video');<\/script><![endif]-->\n<video class=\"wp-video-shortcode\" id=\"video-2794-1\" width=\"848\" height=\"480\" preload=\"metadata\" controls=\"controls\"><source type=\"video\/mp4\" src=\"https:\/\/agora.xtec.cat\/ceipsantacreudecalafell\/wp-content\/uploads\/usu1567\/2021\/11\/VID-20211124-WA0022.mp4?_=1\" \/><a href=\"https:\/\/agora.xtec.cat\/ceipsantacreudecalafell\/wp-content\/uploads\/usu1567\/2021\/11\/VID-20211124-WA0022.mp4\">https:\/\/agora.xtec.cat\/ceipsantacreudecalafell\/wp-content\/uploads\/usu1567\/2021\/11\/VID-20211124-WA0022.mp4<\/a><\/video><\/div>\n<p>Si voleu veure m\u00e9s v\u00eddeos&#8230;<\/p>\n<p><a href=\"https:\/\/drive.google.com\/file\/d\/1926ZyjywFJE-ts-ecQiIuB45Dh2qUcxC\/view?usp=sharing\">Enlla\u00e7 V\u00eddeo 2<\/a><\/p>\n<p><a href=\"https:\/\/drive.google.com\/file\/d\/19BoR33jsfZFpRFKtcJPBT43KR-O4nGF3\/view?usp=sharing\">Enlla\u00e7 V\u00eddeo 3<\/a><\/p>\n<p>Felicitats!!!<\/p>\n","protected":false},"excerpt":{"rendered":"<p>\u00a0 Aquesta setmana hem celebrat la festivitat de Santa Cec\u00edlia, patrona dels m\u00fasics i els\/les alumnes de l&#8217;escola hem realitzat diversos concerts i un mural a l&#8217;aula de M\u00fasica. Aquest any engeguem un nou Projecte a l&#8217;escola, &#8220;Ukelele a l&#8217;escola&#8221;, ha estat una bona experi\u00e8ncia en tots els sentits, la m\u00fasica en grup requereix la [&hellip;]<\/p>\n","protected":false},"author":1,"featured_media":2796,"comment_status":"open","ping_status":"closed","sticky":true,"template":"","format":"standard","meta":{"_bbp_topic_count":0,"_bbp_reply_count":0,"_bbp_total_topic_count":0,"_bbp_total_reply_count":0,"_bbp_voice_count":0,"_bbp_anonymous_reply_count":0,"_bbp_topic_count_hidden":0,"_bbp_reply_count_hidden":0,"_bbp_forum_subforum_count":0,"site-sidebar-layout":"default","site-content-layout":"","ast-site-content-layout":"","site-content-style":"default","site-sidebar-style":"default","ast-global-header-display":"","ast-banner-title-visibility":"","ast-main-header-display":"","ast-hfb-above-header-display":"","ast-hfb-below-header-display":"","ast-hfb-mobile-header-display":"","site-post-title":"","ast-breadcrumbs-content":"","ast-featured-img":"","footer-sml-layout":"","theme-transparent-header-meta":"","adv-header-id-meta":"","stick-header-meta":"","header-above-stick-meta":"","header-main-stick-meta":"","header-below-stick-meta":"","astra-migrate-meta-layouts":"default","ast-page-background-enabled":"default","ast-page-background-meta":{"desktop":{"background-color":"var(--ast-global-color-4)","background-image":"","background-repeat":"repeat","background-position":"center center","background-size":"auto","background-attachment":"scroll","background-type":"","background-media":"","overlay-type":"","overlay-color":"","overlay-opacity":"","overlay-gradient":""},"tablet":{"background-color":"","background-image":"","background-repeat":"repeat","background-position":"center center","background-size":"auto","background-attachment":"scroll","background-type":"","background-media":"","overlay-type":"","overlay-color":"","overlay-opacity":"","overlay-gradient":""},"mobile":{"background-color":"","background-image":"","background-repeat":"repeat","background-position":"center center","background-size":"auto","background-attachment":"scroll","background-type":"","background-media":"","overlay-type":"","overlay-color":"","overlay-opacity":"","overlay-gradient":""}},"ast-content-background-meta":{"desktop":{"background-color":"var(--ast-global-color-5)","background-image":"","background-repeat":"repeat","background-position":"center center","background-size":"auto","background-attachment":"scroll","background-type":"","background-media":"","overlay-type":"","overlay-color":"","overlay-opacity":"","overlay-gradient":""},"tablet":{"background-color":"var(--ast-global-color-5)","background-image":"","background-repeat":"repeat","background-position":"center center","background-size":"auto","background-attachment":"scroll","background-type":"","background-media":"","overlay-type":"","overlay-color":"","overlay-opacity":"","overlay-gradient":""},"mobile":{"background-color":"var(--ast-global-color-5)","background-image":"","background-repeat":"repeat","background-position":"center center","background-size":"auto","background-attachment":"scroll","background-type":"","background-media":"","overlay-type":"","overlay-color":"","overlay-opacity":"","overlay-gradient":""}},"footnotes":""},"categories":[2,4,5],"tags":[187],"class_list":["post-2794","post","type-post","status-publish","format-standard","has-post-thumbnail","hentry","category-infantil","category-portada","category-primaria","tag-projecte-ukelele"],"post_mailing_queue_ids":[],"_links":{"self":[{"href":"https:\/\/agora.xtec.cat\/ceipsantacreudecalafell\/wp-json\/wp\/v2\/posts\/2794","targetHints":{"allow":["GET"]}}],"collection":[{"href":"https:\/\/agora.xtec.cat\/ceipsantacreudecalafell\/wp-json\/wp\/v2\/posts"}],"about":[{"href":"https:\/\/agora.xtec.cat\/ceipsantacreudecalafell\/wp-json\/wp\/v2\/types\/post"}],"author":[{"embeddable":true,"href":"https:\/\/agora.xtec.cat\/ceipsantacreudecalafell\/wp-json\/wp\/v2\/users\/1"}],"replies":[{"embeddable":true,"href":"https:\/\/agora.xtec.cat\/ceipsantacreudecalafell\/wp-json\/wp\/v2\/comments?post=2794"}],"version-history":[{"count":2,"href":"https:\/\/agora.xtec.cat\/ceipsantacreudecalafell\/wp-json\/wp\/v2\/posts\/2794\/revisions"}],"predecessor-version":[{"id":2799,"href":"https:\/\/agora.xtec.cat\/ceipsantacreudecalafell\/wp-json\/wp\/v2\/posts\/2794\/revisions\/2799"}],"wp:featuredmedia":[{"embeddable":true,"href":"https:\/\/agora.xtec.cat\/ceipsantacreudecalafell\/wp-json\/wp\/v2\/media\/2796"}],"wp:attachment":[{"href":"https:\/\/agora.xtec.cat\/ceipsantacreudecalafell\/wp-json\/wp\/v2\/media?parent=2794"}],"wp:term":[{"taxonomy":"category","embeddable":true,"href":"https:\/\/agora.xtec.cat\/ceipsantacreudecalafell\/wp-json\/wp\/v2\/categories?post=2794"},{"taxonomy":"post_tag","embeddable":true,"href":"https:\/\/agora.xtec.cat\/ceipsantacreudecalafell\/wp-json\/wp\/v2\/tags?post=2794"}],"curies":[{"name":"wp","href":"https:\/\/api.w.org\/{rel}","templated":true}]}}