{"id":2630,"date":"2021-06-23T10:27:17","date_gmt":"2021-06-23T08:27:17","guid":{"rendered":"http:\/\/agora.xtec.cat\/ceipsantacreudecalafell\/?p=2630"},"modified":"2021-06-23T10:27:39","modified_gmt":"2021-06-23T08:27:39","slug":"revista-escolar-45-curs-2020-2021","status":"publish","type":"post","link":"https:\/\/agora.xtec.cat\/ceipsantacreudecalafell\/infantil\/revista-escolar-45-curs-2020-2021\/","title":{"rendered":"Revista Escolar 45 &#8211; Curs 2020-2021"},"content":{"rendered":"<p>Ja teniu penjada la <strong>revista escolar<\/strong> <strong>El Drac M\u00e0gic <\/strong>d&#8217;aquest curs.<\/p>\n<p><a href=\"https:\/\/agora.xtec.cat\/ceipsantacreudecalafell\/wp-content\/uploads\/usu1567\/2021\/06\/Revista-Escolar-45_curs-2020-2021.pdf\">Revista-Escolar 45_curs 2020-2021<\/a><\/p>\n<p><span style=\"color: #666666; font-family: verdana, sans-serif; font-size: small; text-align: justify;\">El Drac M\u00e0gic \u00e9s la revista escolar del nostre centre des de l\u2019any 1996. La revista \u00e9s p\u00fablica cada juny, fent-se ress\u00f2 de les activitats m\u00e9s rellevants realitzades pels alumnes de cada nivell. Dibuixos, redaccions, fotografies, entrevistes, jocs,\u2026 omplen les p\u00e0gines del nostre <\/span><b style=\"color: #666666; font-family: verdana, sans-serif; font-size: small; text-align: justify;\">Drac M\u00e0gic<\/b><span style=\"color: #666666; font-family: verdana, sans-serif; font-size: small; text-align: justify;\">, exposant una petita mostra de tota la feina que fem.<\/span><\/p>\n<div>\n<p style=\"text-align: justify;\"><span style=\"color: #666666; font-family: verdana,sans-serif; font-size: small;\">La imaginaci\u00f3 i la creativitat tamb\u00e9 formen part de la m\u00e0gia de l\u2019educaci\u00f3 i \u00e9s per aquest motiu que per a il\u00b7lustrar la portada de la revista, els alumnes de 6\u00e8 participen en un petit concurs de dibuix per a trobar la imatge m\u00e9s divertida del nostre Drac.<\/span><\/p>\n<p><a href=\"https:\/\/agora.xtec.cat\/ceipsantacreudecalafell\/wp-content\/uploads\/usu1567\/2021\/06\/drac_0001.jpg\"><img loading=\"lazy\" decoding=\"async\" class=\"wp-image-2632 alignnone\" src=\"https:\/\/agora.xtec.cat\/ceipsantacreudecalafell\/wp-content\/uploads\/usu1567\/2021\/06\/drac_0001-725x1024.jpg\" alt=\"\" width=\"388\" height=\"548\" srcset=\"https:\/\/agora.xtec.cat\/ceipsantacreudecalafell\/wp-content\/uploads\/usu1567\/2021\/06\/drac_0001-725x1024.jpg 725w, https:\/\/agora.xtec.cat\/ceipsantacreudecalafell\/wp-content\/uploads\/usu1567\/2021\/06\/drac_0001-212x300.jpg 212w, https:\/\/agora.xtec.cat\/ceipsantacreudecalafell\/wp-content\/uploads\/usu1567\/2021\/06\/drac_0001-768x1084.jpg 768w\" sizes=\"auto, (max-width: 388px) 100vw, 388px\" \/><\/a><\/p>\n<\/div>\n","protected":false},"excerpt":{"rendered":"<p>Ja teniu penjada la revista escolar El Drac M\u00e0gic d&#8217;aquest curs. Revista-Escolar 45_curs 2020-2021 El Drac M\u00e0gic \u00e9s la revista escolar del nostre centre des de l\u2019any 1996. La revista \u00e9s p\u00fablica cada juny, fent-se ress\u00f2 de les activitats m\u00e9s rellevants realitzades pels alumnes de cada nivell. Dibuixos, redaccions, fotografies, entrevistes, jocs,\u2026 omplen les p\u00e0gines [&hellip;]<\/p>\n","protected":false},"author":1,"featured_media":2632,"comment_status":"open","ping_status":"closed","sticky":true,"template":"","format":"standard","meta":{"_bbp_topic_count":0,"_bbp_reply_count":0,"_bbp_total_topic_count":0,"_bbp_total_reply_count":0,"_bbp_voice_count":0,"_bbp_anonymous_reply_count":0,"_bbp_topic_count_hidden":0,"_bbp_reply_count_hidden":0,"_bbp_forum_subforum_count":0,"site-sidebar-layout":"default","site-content-layout":"","ast-site-content-layout":"","site-content-style":"default","site-sidebar-style":"default","ast-global-header-display":"","ast-banner-title-visibility":"","ast-main-header-display":"","ast-hfb-above-header-display":"","ast-hfb-below-header-display":"","ast-hfb-mobile-header-display":"","site-post-title":"","ast-breadcrumbs-content":"","ast-featured-img":"","footer-sml-layout":"","theme-transparent-header-meta":"","adv-header-id-meta":"","stick-header-meta":"","header-above-stick-meta":"","header-main-stick-meta":"","header-below-stick-meta":"","astra-migrate-meta-layouts":"default","ast-page-background-enabled":"default","ast-page-background-meta":{"desktop":{"background-color":"var(--ast-global-color-4)","background-image":"","background-repeat":"repeat","background-position":"center center","background-size":"auto","background-attachment":"scroll","background-type":"","background-media":"","overlay-type":"","overlay-color":"","overlay-opacity":"","overlay-gradient":""},"tablet":{"background-color":"","background-image":"","background-repeat":"repeat","background-position":"center center","background-size":"auto","background-attachment":"scroll","background-type":"","background-media":"","overlay-type":"","overlay-color":"","overlay-opacity":"","overlay-gradient":""},"mobile":{"background-color":"","background-image":"","background-repeat":"repeat","background-position":"center center","background-size":"auto","background-attachment":"scroll","background-type":"","background-media":"","overlay-type":"","overlay-color":"","overlay-opacity":"","overlay-gradient":""}},"ast-content-background-meta":{"desktop":{"background-color":"var(--ast-global-color-5)","background-image":"","background-repeat":"repeat","background-position":"center center","background-size":"auto","background-attachment":"scroll","background-type":"","background-media":"","overlay-type":"","overlay-color":"","overlay-opacity":"","overlay-gradient":""},"tablet":{"background-color":"var(--ast-global-color-5)","background-image":"","background-repeat":"repeat","background-position":"center center","background-size":"auto","background-attachment":"scroll","background-type":"","background-media":"","overlay-type":"","overlay-color":"","overlay-opacity":"","overlay-gradient":""},"mobile":{"background-color":"var(--ast-global-color-5)","background-image":"","background-repeat":"repeat","background-position":"center center","background-size":"auto","background-attachment":"scroll","background-type":"","background-media":"","overlay-type":"","overlay-color":"","overlay-opacity":"","overlay-gradient":""}},"footnotes":""},"categories":[2,4,5],"tags":[184],"class_list":["post-2630","post","type-post","status-publish","format-standard","has-post-thumbnail","hentry","category-infantil","category-portada","category-primaria","tag-revista-escolar"],"post_mailing_queue_ids":[],"_links":{"self":[{"href":"https:\/\/agora.xtec.cat\/ceipsantacreudecalafell\/wp-json\/wp\/v2\/posts\/2630","targetHints":{"allow":["GET"]}}],"collection":[{"href":"https:\/\/agora.xtec.cat\/ceipsantacreudecalafell\/wp-json\/wp\/v2\/posts"}],"about":[{"href":"https:\/\/agora.xtec.cat\/ceipsantacreudecalafell\/wp-json\/wp\/v2\/types\/post"}],"author":[{"embeddable":true,"href":"https:\/\/agora.xtec.cat\/ceipsantacreudecalafell\/wp-json\/wp\/v2\/users\/1"}],"replies":[{"embeddable":true,"href":"https:\/\/agora.xtec.cat\/ceipsantacreudecalafell\/wp-json\/wp\/v2\/comments?post=2630"}],"version-history":[{"count":1,"href":"https:\/\/agora.xtec.cat\/ceipsantacreudecalafell\/wp-json\/wp\/v2\/posts\/2630\/revisions"}],"predecessor-version":[{"id":2633,"href":"https:\/\/agora.xtec.cat\/ceipsantacreudecalafell\/wp-json\/wp\/v2\/posts\/2630\/revisions\/2633"}],"wp:featuredmedia":[{"embeddable":true,"href":"https:\/\/agora.xtec.cat\/ceipsantacreudecalafell\/wp-json\/wp\/v2\/media\/2632"}],"wp:attachment":[{"href":"https:\/\/agora.xtec.cat\/ceipsantacreudecalafell\/wp-json\/wp\/v2\/media?parent=2630"}],"wp:term":[{"taxonomy":"category","embeddable":true,"href":"https:\/\/agora.xtec.cat\/ceipsantacreudecalafell\/wp-json\/wp\/v2\/categories?post=2630"},{"taxonomy":"post_tag","embeddable":true,"href":"https:\/\/agora.xtec.cat\/ceipsantacreudecalafell\/wp-json\/wp\/v2\/tags?post=2630"}],"curies":[{"name":"wp","href":"https:\/\/api.w.org\/{rel}","templated":true}]}}