{"id":2626,"date":"2025-05-30T07:10:43","date_gmt":"2025-05-30T05:10:43","guid":{"rendered":"http:\/\/agora.xtec.cat\/ceipsantacreudecalafell\/?p=2626"},"modified":"2025-06-04T07:07:57","modified_gmt":"2025-06-04T05:07:57","slug":"radio-calafell-escoles-2","status":"publish","type":"post","link":"https:\/\/agora.xtec.cat\/ceipsantacreudecalafell\/portada\/radio-calafell-escoles-2\/","title":{"rendered":"R\u00e0dio Calafell Escoles"},"content":{"rendered":"<div style=\"padding-left: 40px;\"><a href=\"https:\/\/agora.xtec.cat\/ceipsantacreudecalafell\/wp-content\/uploads\/usu1567\/2023\/10\/FB_IMG_1748543898031.jpg\"><img loading=\"lazy\" decoding=\"async\" class=\"alignnone size-full wp-image-4352\" src=\"https:\/\/agora.xtec.cat\/ceipsantacreudecalafell\/wp-content\/uploads\/usu1567\/2023\/10\/FB_IMG_1748543898031.jpg\" alt=\"\" width=\"1080\" height=\"810\" srcset=\"https:\/\/agora.xtec.cat\/ceipsantacreudecalafell\/wp-content\/uploads\/usu1567\/2023\/10\/FB_IMG_1748543898031.jpg 1080w, https:\/\/agora.xtec.cat\/ceipsantacreudecalafell\/wp-content\/uploads\/usu1567\/2023\/10\/FB_IMG_1748543898031-300x225.jpg 300w, https:\/\/agora.xtec.cat\/ceipsantacreudecalafell\/wp-content\/uploads\/usu1567\/2023\/10\/FB_IMG_1748543898031-1024x768.jpg 1024w, https:\/\/agora.xtec.cat\/ceipsantacreudecalafell\/wp-content\/uploads\/usu1567\/2023\/10\/FB_IMG_1748543898031-768x576.jpg 768w, https:\/\/agora.xtec.cat\/ceipsantacreudecalafell\/wp-content\/uploads\/usu1567\/2023\/10\/FB_IMG_1748543898031-200x150.jpg 200w\" sizes=\"auto, (max-width: 1080px) 100vw, 1080px\" \/><\/a><\/div>\n<div><\/div>\n<div><\/div>\n<h6 style=\"color: #000000; font-family: sans-serif; font-size: 12.8px;\">#CALAFELLMAT\u00cd Aquest dimecres a l\u2019espai de les escoles, hem estat a l\u2019escola Santa Creu.\u00a0 Els nens i nenes de 5\u00e8 han explicat la seva experi\u00e8ncia a la mar amb les embarcacions de vela. Tamb\u00e9 van aprofitar per parlar i valorar les seves cooperatives.<\/h6>\n<h6><\/h6>\n<h6 dir=\"auto\" style=\"color: #000000; font-family: sans-serif; font-size: 12.8px;\">Escolta-ho aqu\u00ed:<\/h6>\n<div dir=\"auto\" style=\"color: #000000; font-family: sans-serif; font-size: 12.8px;\"><\/div>\n<div dir=\"auto\" style=\"color: #000000; font-family: sans-serif; font-size: 12.8px;\"><a style=\"color: #4285f4;\" href=\"https:\/\/enacast.com\/calafellradio\/programs\/calafellmati\/calafellradio_podcast_28690?s=5377&amp;ref=wa\" target=\"_blank\" rel=\"noopener noreferrer\" data-saferedirecturl=\"https:\/\/www.google.com\/url?q=https:\/\/enacast.com\/calafellradio\/programs\/calafellmati\/calafellradio_podcast_28690?s%3D5377%26ref%3Dwa&amp;source=gmail&amp;ust=1748661500238000&amp;usg=AOvVaw3iWdmO2F0ZlZwx7HwkLPYt\">https:\/\/enacast.com\/<wbr \/>calafellradio\/programs\/<wbr \/>calafellmati\/calafellradio_<wbr \/>podcast_28690?s=5377&amp;ref=wa<\/a><\/div>\n","protected":false},"excerpt":{"rendered":"<p>#CALAFELLMAT\u00cd Aquest dimecres a l\u2019espai de les escoles, hem estat a l\u2019escola Santa Creu.\u00a0 Els nens i nenes de 5\u00e8 han explicat la seva experi\u00e8ncia a la mar amb les embarcacions de vela. Tamb\u00e9 van aprofitar per parlar i valorar les seves cooperatives. Escolta-ho aqu\u00ed: https:\/\/enacast.com\/calafellradio\/programs\/calafellmati\/calafellradio_podcast_28690?s=5377&amp;ref=wa<\/p>\n","protected":false},"author":1,"featured_media":0,"comment_status":"open","ping_status":"closed","sticky":true,"template":"","format":"standard","meta":{"_bbp_topic_count":0,"_bbp_reply_count":0,"_bbp_total_topic_count":0,"_bbp_total_reply_count":0,"_bbp_voice_count":0,"_bbp_anonymous_reply_count":0,"_bbp_topic_count_hidden":0,"_bbp_reply_count_hidden":0,"_bbp_forum_subforum_count":0,"site-sidebar-layout":"default","site-content-layout":"","ast-site-content-layout":"","site-content-style":"default","site-sidebar-style":"default","ast-global-header-display":"","ast-banner-title-visibility":"","ast-main-header-display":"","ast-hfb-above-header-display":"","ast-hfb-below-header-display":"","ast-hfb-mobile-header-display":"","site-post-title":"","ast-breadcrumbs-content":"","ast-featured-img":"","footer-sml-layout":"","theme-transparent-header-meta":"","adv-header-id-meta":"","stick-header-meta":"","header-above-stick-meta":"","header-main-stick-meta":"","header-below-stick-meta":"","astra-migrate-meta-layouts":"default","ast-page-background-enabled":"default","ast-page-background-meta":{"desktop":{"background-color":"var(--ast-global-color-4)","background-image":"","background-repeat":"repeat","background-position":"center center","background-size":"auto","background-attachment":"scroll","background-type":"","background-media":"","overlay-type":"","overlay-color":"","overlay-opacity":"","overlay-gradient":""},"tablet":{"background-color":"","background-image":"","background-repeat":"repeat","background-position":"center center","background-size":"auto","background-attachment":"scroll","background-type":"","background-media":"","overlay-type":"","overlay-color":"","overlay-opacity":"","overlay-gradient":""},"mobile":{"background-color":"","background-image":"","background-repeat":"repeat","background-position":"center center","background-size":"auto","background-attachment":"scroll","background-type":"","background-media":"","overlay-type":"","overlay-color":"","overlay-opacity":"","overlay-gradient":""}},"ast-content-background-meta":{"desktop":{"background-color":"var(--ast-global-color-5)","background-image":"","background-repeat":"repeat","background-position":"center center","background-size":"auto","background-attachment":"scroll","background-type":"","background-media":"","overlay-type":"","overlay-color":"","overlay-opacity":"","overlay-gradient":""},"tablet":{"background-color":"var(--ast-global-color-5)","background-image":"","background-repeat":"repeat","background-position":"center center","background-size":"auto","background-attachment":"scroll","background-type":"","background-media":"","overlay-type":"","overlay-color":"","overlay-opacity":"","overlay-gradient":""},"mobile":{"background-color":"var(--ast-global-color-5)","background-image":"","background-repeat":"repeat","background-position":"center center","background-size":"auto","background-attachment":"scroll","background-type":"","background-media":"","overlay-type":"","overlay-color":"","overlay-opacity":"","overlay-gradient":""}},"footnotes":""},"categories":[14,4],"tags":[183],"class_list":["post-2626","post","type-post","status-publish","format-standard","hentry","category-5e","category-portada","tag-radio-calafell"],"post_mailing_queue_ids":[],"_links":{"self":[{"href":"https:\/\/agora.xtec.cat\/ceipsantacreudecalafell\/wp-json\/wp\/v2\/posts\/2626","targetHints":{"allow":["GET"]}}],"collection":[{"href":"https:\/\/agora.xtec.cat\/ceipsantacreudecalafell\/wp-json\/wp\/v2\/posts"}],"about":[{"href":"https:\/\/agora.xtec.cat\/ceipsantacreudecalafell\/wp-json\/wp\/v2\/types\/post"}],"author":[{"embeddable":true,"href":"https:\/\/agora.xtec.cat\/ceipsantacreudecalafell\/wp-json\/wp\/v2\/users\/1"}],"replies":[{"embeddable":true,"href":"https:\/\/agora.xtec.cat\/ceipsantacreudecalafell\/wp-json\/wp\/v2\/comments?post=2626"}],"version-history":[{"count":6,"href":"https:\/\/agora.xtec.cat\/ceipsantacreudecalafell\/wp-json\/wp\/v2\/posts\/2626\/revisions"}],"predecessor-version":[{"id":4357,"href":"https:\/\/agora.xtec.cat\/ceipsantacreudecalafell\/wp-json\/wp\/v2\/posts\/2626\/revisions\/4357"}],"wp:attachment":[{"href":"https:\/\/agora.xtec.cat\/ceipsantacreudecalafell\/wp-json\/wp\/v2\/media?parent=2626"}],"wp:term":[{"taxonomy":"category","embeddable":true,"href":"https:\/\/agora.xtec.cat\/ceipsantacreudecalafell\/wp-json\/wp\/v2\/categories?post=2626"},{"taxonomy":"post_tag","embeddable":true,"href":"https:\/\/agora.xtec.cat\/ceipsantacreudecalafell\/wp-json\/wp\/v2\/tags?post=2626"}],"curies":[{"name":"wp","href":"https:\/\/api.w.org\/{rel}","templated":true}]}}