{"id":2159,"date":"2020-12-15T16:23:35","date_gmt":"2020-12-15T15:23:35","guid":{"rendered":"http:\/\/agora.xtec.cat\/ceipsantacreudecalafell\/?p=2159"},"modified":"2020-12-15T16:24:01","modified_gmt":"2020-12-15T15:24:01","slug":"biblioteca-publica-conta-contes-a-lescola","status":"publish","type":"post","link":"https:\/\/agora.xtec.cat\/ceipsantacreudecalafell\/general\/biblioteca-publica-conta-contes-a-lescola\/","title":{"rendered":"Biblioteca P\u00fablica, conta contes a l&#8217;escola"},"content":{"rendered":"<p><strong>Albert Estengre<\/strong>, ens ha visitat a l&#8217;escola i als <strong>alumnes de 3r de Prim\u00e0ria<\/strong> ens ha fet reflexionar sobre la import\u00e0ncia dels conta contes i la necessitat d&#8217;apropar als nens \/es d&#8217;una forma m\u00e9s l\u00fadica a la imaginaci\u00f3 mitjan\u00e7ant la paraula, hem pogut disfrutar dels contes per tel\u00e8fon d&#8217;en Gianni Rodari.<\/p>\n<p><a href=\"https:\/\/agora.xtec.cat\/ceipsantacreudecalafell\/wp-content\/uploads\/usu1567\/2020\/12\/IMG-20201202-WA0015.jpg\"><img loading=\"lazy\" decoding=\"async\" class=\"alignnone wp-image-2158\" src=\"https:\/\/agora.xtec.cat\/ceipsantacreudecalafell\/wp-content\/uploads\/usu1567\/2020\/12\/IMG-20201202-WA0015-768x1024.jpg\" alt=\"\" width=\"400\" height=\"533\" \/><\/a> <a href=\"https:\/\/agora.xtec.cat\/ceipsantacreudecalafell\/wp-content\/uploads\/usu1567\/2020\/12\/IMG-20201202-WA0011.jpg\"><img loading=\"lazy\" decoding=\"async\" class=\"alignnone wp-image-2157\" src=\"https:\/\/agora.xtec.cat\/ceipsantacreudecalafell\/wp-content\/uploads\/usu1567\/2020\/12\/IMG-20201202-WA0011-1024x768.jpg\" alt=\"\" width=\"500\" height=\"375\" \/><\/a> <a href=\"https:\/\/agora.xtec.cat\/ceipsantacreudecalafell\/wp-content\/uploads\/usu1567\/2020\/12\/IMG-20201202-WA0013.jpg\"><img loading=\"lazy\" decoding=\"async\" class=\"alignnone wp-image-2156\" src=\"https:\/\/agora.xtec.cat\/ceipsantacreudecalafell\/wp-content\/uploads\/usu1567\/2020\/12\/IMG-20201202-WA0013-1024x768.jpg\" alt=\"\" width=\"499\" height=\"374\" \/><\/a> <a href=\"https:\/\/agora.xtec.cat\/ceipsantacreudecalafell\/wp-content\/uploads\/usu1567\/2020\/12\/IMG-20201202-WA0017.jpg\"><img loading=\"lazy\" decoding=\"async\" class=\"alignnone wp-image-2155\" src=\"https:\/\/agora.xtec.cat\/ceipsantacreudecalafell\/wp-content\/uploads\/usu1567\/2020\/12\/IMG-20201202-WA0017-1024x768.jpg\" alt=\"\" width=\"500\" height=\"375\" \/><\/a> <a href=\"https:\/\/agora.xtec.cat\/ceipsantacreudecalafell\/wp-content\/uploads\/usu1567\/2020\/12\/IMG-20201202-WA0021.jpg\"><img loading=\"lazy\" decoding=\"async\" class=\"alignnone wp-image-2154\" src=\"https:\/\/agora.xtec.cat\/ceipsantacreudecalafell\/wp-content\/uploads\/usu1567\/2020\/12\/IMG-20201202-WA0021-1024x768.jpg\" alt=\"\" width=\"500\" height=\"375\" \/><\/a> <a href=\"https:\/\/agora.xtec.cat\/ceipsantacreudecalafell\/wp-content\/uploads\/usu1567\/2020\/12\/IMG-20201202-WA0023.jpg\"><img loading=\"lazy\" decoding=\"async\" class=\"alignnone wp-image-2153\" src=\"https:\/\/agora.xtec.cat\/ceipsantacreudecalafell\/wp-content\/uploads\/usu1567\/2020\/12\/IMG-20201202-WA0023-768x1024.jpg\" alt=\"\" width=\"300\" height=\"401\" \/><\/a> <a href=\"https:\/\/agora.xtec.cat\/ceipsantacreudecalafell\/wp-content\/uploads\/usu1567\/2020\/12\/IMG-20201202-WA0024.jpg\"><img loading=\"lazy\" decoding=\"async\" class=\"alignnone wp-image-2152\" src=\"https:\/\/agora.xtec.cat\/ceipsantacreudecalafell\/wp-content\/uploads\/usu1567\/2020\/12\/IMG-20201202-WA0024-1024x768.jpg\" alt=\"\" width=\"503\" height=\"377\" \/><\/a> <a href=\"https:\/\/agora.xtec.cat\/ceipsantacreudecalafell\/wp-content\/uploads\/usu1567\/2020\/12\/IMG-20201202-WA0029.jpg\"><img loading=\"lazy\" decoding=\"async\" class=\"alignnone wp-image-2151\" src=\"https:\/\/agora.xtec.cat\/ceipsantacreudecalafell\/wp-content\/uploads\/usu1567\/2020\/12\/IMG-20201202-WA0029-1024x768.jpg\" alt=\"\" width=\"499\" height=\"374\" \/><\/a><\/p>\n<p>&nbsp;<\/p>\n","protected":false},"excerpt":{"rendered":"<p>Albert Estengre, ens ha visitat a l&#8217;escola i als alumnes de 3r de Prim\u00e0ria ens ha fet reflexionar sobre la import\u00e0ncia dels conta contes i la necessitat d&#8217;apropar als nens \/es d&#8217;una forma m\u00e9s l\u00fadica a la imaginaci\u00f3 mitjan\u00e7ant la paraula, hem pogut disfrutar dels contes per tel\u00e8fon d&#8217;en Gianni Rodari. &nbsp;<\/p>\n","protected":false},"author":1,"featured_media":0,"comment_status":"open","ping_status":"closed","sticky":true,"template":"","format":"standard","meta":{"_bbp_topic_count":0,"_bbp_reply_count":0,"_bbp_total_topic_count":0,"_bbp_total_reply_count":0,"_bbp_voice_count":0,"_bbp_anonymous_reply_count":0,"_bbp_topic_count_hidden":0,"_bbp_reply_count_hidden":0,"_bbp_forum_subforum_count":0,"site-sidebar-layout":"default","site-content-layout":"","ast-site-content-layout":"","site-content-style":"default","site-sidebar-style":"default","ast-global-header-display":"","ast-banner-title-visibility":"","ast-main-header-display":"","ast-hfb-above-header-display":"","ast-hfb-below-header-display":"","ast-hfb-mobile-header-display":"","site-post-title":"","ast-breadcrumbs-content":"","ast-featured-img":"","footer-sml-layout":"","theme-transparent-header-meta":"","adv-header-id-meta":"","stick-header-meta":"","header-above-stick-meta":"","header-main-stick-meta":"","header-below-stick-meta":"","astra-migrate-meta-layouts":"default","ast-page-background-enabled":"default","ast-page-background-meta":{"desktop":{"background-color":"var(--ast-global-color-4)","background-image":"","background-repeat":"repeat","background-position":"center center","background-size":"auto","background-attachment":"scroll","background-type":"","background-media":"","overlay-type":"","overlay-color":"","overlay-opacity":"","overlay-gradient":""},"tablet":{"background-color":"","background-image":"","background-repeat":"repeat","background-position":"center center","background-size":"auto","background-attachment":"scroll","background-type":"","background-media":"","overlay-type":"","overlay-color":"","overlay-opacity":"","overlay-gradient":""},"mobile":{"background-color":"","background-image":"","background-repeat":"repeat","background-position":"center center","background-size":"auto","background-attachment":"scroll","background-type":"","background-media":"","overlay-type":"","overlay-color":"","overlay-opacity":"","overlay-gradient":""}},"ast-content-background-meta":{"desktop":{"background-color":"var(--ast-global-color-5)","background-image":"","background-repeat":"repeat","background-position":"center center","background-size":"auto","background-attachment":"scroll","background-type":"","background-media":"","overlay-type":"","overlay-color":"","overlay-opacity":"","overlay-gradient":""},"tablet":{"background-color":"var(--ast-global-color-5)","background-image":"","background-repeat":"repeat","background-position":"center center","background-size":"auto","background-attachment":"scroll","background-type":"","background-media":"","overlay-type":"","overlay-color":"","overlay-opacity":"","overlay-gradient":""},"mobile":{"background-color":"var(--ast-global-color-5)","background-image":"","background-repeat":"repeat","background-position":"center center","background-size":"auto","background-attachment":"scroll","background-type":"","background-media":"","overlay-type":"","overlay-color":"","overlay-opacity":"","overlay-gradient":""}},"footnotes":""},"categories":[12,91,108,1,4],"tags":[160],"class_list":["post-2159","post","type-post","status-publish","format-standard","hentry","category-3r","category-biblioteca","category-biblioteca-publica","category-general","category-portada","tag-conta-contes"],"post_mailing_queue_ids":[],"_links":{"self":[{"href":"https:\/\/agora.xtec.cat\/ceipsantacreudecalafell\/wp-json\/wp\/v2\/posts\/2159","targetHints":{"allow":["GET"]}}],"collection":[{"href":"https:\/\/agora.xtec.cat\/ceipsantacreudecalafell\/wp-json\/wp\/v2\/posts"}],"about":[{"href":"https:\/\/agora.xtec.cat\/ceipsantacreudecalafell\/wp-json\/wp\/v2\/types\/post"}],"author":[{"embeddable":true,"href":"https:\/\/agora.xtec.cat\/ceipsantacreudecalafell\/wp-json\/wp\/v2\/users\/1"}],"replies":[{"embeddable":true,"href":"https:\/\/agora.xtec.cat\/ceipsantacreudecalafell\/wp-json\/wp\/v2\/comments?post=2159"}],"version-history":[{"count":3,"href":"https:\/\/agora.xtec.cat\/ceipsantacreudecalafell\/wp-json\/wp\/v2\/posts\/2159\/revisions"}],"predecessor-version":[{"id":2162,"href":"https:\/\/agora.xtec.cat\/ceipsantacreudecalafell\/wp-json\/wp\/v2\/posts\/2159\/revisions\/2162"}],"wp:attachment":[{"href":"https:\/\/agora.xtec.cat\/ceipsantacreudecalafell\/wp-json\/wp\/v2\/media?parent=2159"}],"wp:term":[{"taxonomy":"category","embeddable":true,"href":"https:\/\/agora.xtec.cat\/ceipsantacreudecalafell\/wp-json\/wp\/v2\/categories?post=2159"},{"taxonomy":"post_tag","embeddable":true,"href":"https:\/\/agora.xtec.cat\/ceipsantacreudecalafell\/wp-json\/wp\/v2\/tags?post=2159"}],"curies":[{"name":"wp","href":"https:\/\/api.w.org\/{rel}","templated":true}]}}