{"id":2145,"date":"2020-10-17T12:31:42","date_gmt":"2020-10-17T10:31:42","guid":{"rendered":"http:\/\/agora.xtec.cat\/ceipsantacreudecalafell\/?p=2145"},"modified":"2020-10-17T12:32:41","modified_gmt":"2020-10-17T10:32:41","slug":"protocol-de-gestio-de-casos-covid-19-a-lescola","status":"publish","type":"post","link":"https:\/\/agora.xtec.cat\/ceipsantacreudecalafell\/general\/protocol-de-gestio-de-casos-covid-19-a-lescola\/","title":{"rendered":"Protocol de Gesti\u00f3 de Casos COVID-19 a l&#8217;escola"},"content":{"rendered":"<p>Benvolgudes fam\u00edlies,<\/p>\n<p>Hem creat aquest espai a la nostra p\u00e0gina web per poder resoldre tots els dubtes que ens poden sorgir davant aquestes noves situacions que ens estem trobant. Sabem i entenem que s\u00f3n moments dif\u00edcils i que no estem acostumats a conviure amb aquesta pandemia per\u00f2 \u00e9s important que tots\/es tinguem interioritzat que la situaci\u00f3 de trobar-nos una classe confinada es pot repetir diverses vegades durant el curs escolar i que entra dins de la &#8220;nova normalitat&#8221; a la nostra escola.<\/p>\n<p>\u00c9s per aix\u00f2 que us volem deixar penjat en aquest espai aquests documents:<\/p>\n<p><strong>Protocol de Gesti\u00f3 de Casos COVID-19 a l&#8217;escola<\/strong>:\u00a0<a href=\"https:\/\/agora.xtec.cat\/ceipsantacreudecalafell\/wp-content\/uploads\/usu1567\/2020\/10\/Protocol-Gestio-casos-rev.pdf\">Protocol-Gestio-casos-rev<\/a><\/p>\n<p><strong>Mesures complement\u00e0ries a les previstes al \u201cPla d\u2019actuaci\u00f3 per al curs 2020-2021 per a centres educatius en el marc de la pand\u00e8mia\u201d<\/strong>: <a href=\"https:\/\/agora.xtec.cat\/ceipsantacreudecalafell\/wp-content\/uploads\/usu1567\/2020\/10\/Adaptacio_mesures_Pla_actuacio.pdf\">Adaptacio_mesures_Pla_actuacio<\/a><\/p>\n<p><strong>Carta Salut\/Escola per a fam\u00edlies<\/strong>: <a href=\"https:\/\/agora.xtec.cat\/ceipsantacreudecalafell\/wp-content\/uploads\/usu1567\/2020\/10\/salut-escola-carta-families.pdf\">salut-escola-carta-families<\/a><\/p>\n<p><strong>Pla d&#8217;obertura de centre<\/strong>: <a href=\"https:\/\/agora.xtec.cat\/ceipsantacreudecalafell\/wp-content\/uploads\/usu1567\/2020\/07\/PLA_OBERTURA_Setembre_Definitiu_Escola-Santa-Creu-de-Calafell.pdf\">PLA_OBERTURA_Setembre_Definitiu_Escola Santa Creu de Calafell<\/a><\/p>\n<p><a href=\"https:\/\/canalsalut.gencat.cat\/ca\/salut-a-z\/c\/coronavirus-2019-ncov\/ciutadania\/salut-escola\/informacio-per-a-families\/\">P\u00e0gina web Cat\/Salut<\/a><\/p>\n<p>&nbsp;<\/p>\n","protected":false},"excerpt":{"rendered":"<p>Benvolgudes fam\u00edlies, Hem creat aquest espai a la nostra p\u00e0gina web per poder resoldre tots els dubtes que ens poden sorgir davant aquestes noves situacions que ens estem trobant. Sabem i entenem que s\u00f3n moments dif\u00edcils i que no estem acostumats a conviure amb aquesta pandemia per\u00f2 \u00e9s important que tots\/es tinguem interioritzat que la [&hellip;]<\/p>\n","protected":false},"author":1,"featured_media":0,"comment_status":"open","ping_status":"closed","sticky":true,"template":"","format":"standard","meta":{"_bbp_topic_count":0,"_bbp_reply_count":0,"_bbp_total_topic_count":0,"_bbp_total_reply_count":0,"_bbp_voice_count":0,"_bbp_anonymous_reply_count":0,"_bbp_topic_count_hidden":0,"_bbp_reply_count_hidden":0,"_bbp_forum_subforum_count":0,"site-sidebar-layout":"default","site-content-layout":"","ast-site-content-layout":"","site-content-style":"default","site-sidebar-style":"default","ast-global-header-display":"","ast-banner-title-visibility":"","ast-main-header-display":"","ast-hfb-above-header-display":"","ast-hfb-below-header-display":"","ast-hfb-mobile-header-display":"","site-post-title":"","ast-breadcrumbs-content":"","ast-featured-img":"","footer-sml-layout":"","theme-transparent-header-meta":"","adv-header-id-meta":"","stick-header-meta":"","header-above-stick-meta":"","header-main-stick-meta":"","header-below-stick-meta":"","astra-migrate-meta-layouts":"default","ast-page-background-enabled":"default","ast-page-background-meta":{"desktop":{"background-color":"var(--ast-global-color-4)","background-image":"","background-repeat":"repeat","background-position":"center center","background-size":"auto","background-attachment":"scroll","background-type":"","background-media":"","overlay-type":"","overlay-color":"","overlay-opacity":"","overlay-gradient":""},"tablet":{"background-color":"","background-image":"","background-repeat":"repeat","background-position":"center center","background-size":"auto","background-attachment":"scroll","background-type":"","background-media":"","overlay-type":"","overlay-color":"","overlay-opacity":"","overlay-gradient":""},"mobile":{"background-color":"","background-image":"","background-repeat":"repeat","background-position":"center center","background-size":"auto","background-attachment":"scroll","background-type":"","background-media":"","overlay-type":"","overlay-color":"","overlay-opacity":"","overlay-gradient":""}},"ast-content-background-meta":{"desktop":{"background-color":"var(--ast-global-color-5)","background-image":"","background-repeat":"repeat","background-position":"center center","background-size":"auto","background-attachment":"scroll","background-type":"","background-media":"","overlay-type":"","overlay-color":"","overlay-opacity":"","overlay-gradient":""},"tablet":{"background-color":"var(--ast-global-color-5)","background-image":"","background-repeat":"repeat","background-position":"center center","background-size":"auto","background-attachment":"scroll","background-type":"","background-media":"","overlay-type":"","overlay-color":"","overlay-opacity":"","overlay-gradient":""},"mobile":{"background-color":"var(--ast-global-color-5)","background-image":"","background-repeat":"repeat","background-position":"center center","background-size":"auto","background-attachment":"scroll","background-type":"","background-media":"","overlay-type":"","overlay-color":"","overlay-opacity":"","overlay-gradient":""}},"footnotes":""},"categories":[7,1,2,4,5],"tags":[158],"class_list":["post-2145","post","type-post","status-publish","format-standard","hentry","category-afa","category-general","category-infantil","category-portada","category-primaria","tag-protocol-covid"],"post_mailing_queue_ids":[],"_links":{"self":[{"href":"https:\/\/agora.xtec.cat\/ceipsantacreudecalafell\/wp-json\/wp\/v2\/posts\/2145","targetHints":{"allow":["GET"]}}],"collection":[{"href":"https:\/\/agora.xtec.cat\/ceipsantacreudecalafell\/wp-json\/wp\/v2\/posts"}],"about":[{"href":"https:\/\/agora.xtec.cat\/ceipsantacreudecalafell\/wp-json\/wp\/v2\/types\/post"}],"author":[{"embeddable":true,"href":"https:\/\/agora.xtec.cat\/ceipsantacreudecalafell\/wp-json\/wp\/v2\/users\/1"}],"replies":[{"embeddable":true,"href":"https:\/\/agora.xtec.cat\/ceipsantacreudecalafell\/wp-json\/wp\/v2\/comments?post=2145"}],"version-history":[{"count":1,"href":"https:\/\/agora.xtec.cat\/ceipsantacreudecalafell\/wp-json\/wp\/v2\/posts\/2145\/revisions"}],"predecessor-version":[{"id":2146,"href":"https:\/\/agora.xtec.cat\/ceipsantacreudecalafell\/wp-json\/wp\/v2\/posts\/2145\/revisions\/2146"}],"wp:attachment":[{"href":"https:\/\/agora.xtec.cat\/ceipsantacreudecalafell\/wp-json\/wp\/v2\/media?parent=2145"}],"wp:term":[{"taxonomy":"category","embeddable":true,"href":"https:\/\/agora.xtec.cat\/ceipsantacreudecalafell\/wp-json\/wp\/v2\/categories?post=2145"},{"taxonomy":"post_tag","embeddable":true,"href":"https:\/\/agora.xtec.cat\/ceipsantacreudecalafell\/wp-json\/wp\/v2\/tags?post=2145"}],"curies":[{"name":"wp","href":"https:\/\/api.w.org\/{rel}","templated":true}]}}