{"id":2117,"date":"2020-09-11T12:50:59","date_gmt":"2020-09-11T10:50:59","guid":{"rendered":"http:\/\/agora.xtec.cat\/ceipsantacreudecalafell\/?p=2117"},"modified":"2020-09-13T10:54:28","modified_gmt":"2020-09-13T08:54:28","slug":"informacio-servei-de-menjador","status":"publish","type":"post","link":"https:\/\/agora.xtec.cat\/ceipsantacreudecalafell\/infantil\/informacio-servei-de-menjador\/","title":{"rendered":"Informaci\u00f3 Servei de Menjador"},"content":{"rendered":"<p>Estimades fam\u00edlies,<\/p>\n<p style=\"font-weight: 400;\">Us fem arribar diferents documents informatius sobre el servei de menjador:<\/p>\n<ul style=\"font-weight: 400;\">\n<li>CARTA PREUS: Informaci\u00f3 sobre els preus i la gesti\u00f3 del menjador.<\/li>\n<li>CARTA DE PRESENTACI\u00d3 INSCRIPCIONS: Informaci\u00f3 per fer les inscripcions de manera telem\u00e0tica.<\/li>\n<li>INFORMACI\u00d3 GENERAL DEL SERVEI: Breu explicaci\u00f3 del funcionament i l\u2019organitzaci\u00f3 del servei.<\/li>\n<\/ul>\n<p><a href=\"https:\/\/agora.xtec.cat\/ceipsantacreudecalafell\/wp-content\/uploads\/usu1567\/2020\/09\/195-CARTA-PRESENTACI\u00d3-INSCRIPCIONS-NOVES-CC-BAIX-PENEDES.pdf\">195 &#8211; CARTA PRESENTACI\u00d3 INSCRIPCIONS NOVES CC BAIX PENEDES<\/a><\/p>\n<p><a href=\"https:\/\/agora.xtec.cat\/ceipsantacreudecalafell\/wp-content\/uploads\/usu1567\/2020\/09\/195-CARTA_PREUS.pdf\">195-CARTA_PREUS<\/a><\/p>\n<p><a href=\"https:\/\/agora.xtec.cat\/ceipsantacreudecalafell\/wp-content\/uploads\/usu1567\/2020\/09\/195-SANTA-CREU-info-general-servei.pdf\">195- SANTA CREU info general servei<\/a><\/p>\n<p><strong>Recordeu important<\/strong>:<\/p>\n<p>Degut a la situaci\u00f3 actual, la gesti\u00f3 i atenci\u00f3 a les fam\u00edlies, que di\u00e0riament es fa de 9:00 a 10:00h no podr\u00e0 ser presencial. Totes les gestions i consultes es realitzaran mitjan\u00e7ant, trucades telef\u00f2niques, missatges (SMS, whatsApp) o via e-mail.<br \/>\n<strong>Tel: 610 178 221<\/strong><br \/>\n<strong>E-mail: menjador.santacreu195@gmail.com<\/strong><\/p>\n<p>&nbsp;<\/p>\n","protected":false},"excerpt":{"rendered":"<p>Estimades fam\u00edlies, Us fem arribar diferents documents informatius sobre el servei de menjador: CARTA PREUS: Informaci\u00f3 sobre els preus i la gesti\u00f3 del menjador. CARTA DE PRESENTACI\u00d3 INSCRIPCIONS: Informaci\u00f3 per fer les inscripcions de manera telem\u00e0tica. INFORMACI\u00d3 GENERAL DEL SERVEI: Breu explicaci\u00f3 del funcionament i l\u2019organitzaci\u00f3 del servei. 195 &#8211; CARTA PRESENTACI\u00d3 INSCRIPCIONS NOVES CC [&hellip;]<\/p>\n","protected":false},"author":1,"featured_media":0,"comment_status":"open","ping_status":"closed","sticky":true,"template":"","format":"standard","meta":{"_bbp_topic_count":0,"_bbp_reply_count":0,"_bbp_total_topic_count":0,"_bbp_total_reply_count":0,"_bbp_voice_count":0,"_bbp_anonymous_reply_count":0,"_bbp_topic_count_hidden":0,"_bbp_reply_count_hidden":0,"_bbp_forum_subforum_count":0,"site-sidebar-layout":"default","site-content-layout":"","ast-site-content-layout":"","site-content-style":"default","site-sidebar-style":"default","ast-global-header-display":"","ast-banner-title-visibility":"","ast-main-header-display":"","ast-hfb-above-header-display":"","ast-hfb-below-header-display":"","ast-hfb-mobile-header-display":"","site-post-title":"","ast-breadcrumbs-content":"","ast-featured-img":"","footer-sml-layout":"","theme-transparent-header-meta":"","adv-header-id-meta":"","stick-header-meta":"","header-above-stick-meta":"","header-main-stick-meta":"","header-below-stick-meta":"","astra-migrate-meta-layouts":"default","ast-page-background-enabled":"default","ast-page-background-meta":{"desktop":{"background-color":"var(--ast-global-color-4)","background-image":"","background-repeat":"repeat","background-position":"center center","background-size":"auto","background-attachment":"scroll","background-type":"","background-media":"","overlay-type":"","overlay-color":"","overlay-opacity":"","overlay-gradient":""},"tablet":{"background-color":"","background-image":"","background-repeat":"repeat","background-position":"center center","background-size":"auto","background-attachment":"scroll","background-type":"","background-media":"","overlay-type":"","overlay-color":"","overlay-opacity":"","overlay-gradient":""},"mobile":{"background-color":"","background-image":"","background-repeat":"repeat","background-position":"center center","background-size":"auto","background-attachment":"scroll","background-type":"","background-media":"","overlay-type":"","overlay-color":"","overlay-opacity":"","overlay-gradient":""}},"ast-content-background-meta":{"desktop":{"background-color":"var(--ast-global-color-5)","background-image":"","background-repeat":"repeat","background-position":"center center","background-size":"auto","background-attachment":"scroll","background-type":"","background-media":"","overlay-type":"","overlay-color":"","overlay-opacity":"","overlay-gradient":""},"tablet":{"background-color":"var(--ast-global-color-5)","background-image":"","background-repeat":"repeat","background-position":"center center","background-size":"auto","background-attachment":"scroll","background-type":"","background-media":"","overlay-type":"","overlay-color":"","overlay-opacity":"","overlay-gradient":""},"mobile":{"background-color":"var(--ast-global-color-5)","background-image":"","background-repeat":"repeat","background-position":"center center","background-size":"auto","background-attachment":"scroll","background-type":"","background-media":"","overlay-type":"","overlay-color":"","overlay-opacity":"","overlay-gradient":""}},"footnotes":""},"categories":[2,58,4,5],"tags":[72],"class_list":["post-2117","post","type-post","status-publish","format-standard","hentry","category-infantil","category-menjador-escolar","category-portada","category-primaria","tag-menjador"],"post_mailing_queue_ids":[],"_links":{"self":[{"href":"https:\/\/agora.xtec.cat\/ceipsantacreudecalafell\/wp-json\/wp\/v2\/posts\/2117","targetHints":{"allow":["GET"]}}],"collection":[{"href":"https:\/\/agora.xtec.cat\/ceipsantacreudecalafell\/wp-json\/wp\/v2\/posts"}],"about":[{"href":"https:\/\/agora.xtec.cat\/ceipsantacreudecalafell\/wp-json\/wp\/v2\/types\/post"}],"author":[{"embeddable":true,"href":"https:\/\/agora.xtec.cat\/ceipsantacreudecalafell\/wp-json\/wp\/v2\/users\/1"}],"replies":[{"embeddable":true,"href":"https:\/\/agora.xtec.cat\/ceipsantacreudecalafell\/wp-json\/wp\/v2\/comments?post=2117"}],"version-history":[{"count":3,"href":"https:\/\/agora.xtec.cat\/ceipsantacreudecalafell\/wp-json\/wp\/v2\/posts\/2117\/revisions"}],"predecessor-version":[{"id":2130,"href":"https:\/\/agora.xtec.cat\/ceipsantacreudecalafell\/wp-json\/wp\/v2\/posts\/2117\/revisions\/2130"}],"wp:attachment":[{"href":"https:\/\/agora.xtec.cat\/ceipsantacreudecalafell\/wp-json\/wp\/v2\/media?parent=2117"}],"wp:term":[{"taxonomy":"category","embeddable":true,"href":"https:\/\/agora.xtec.cat\/ceipsantacreudecalafell\/wp-json\/wp\/v2\/categories?post=2117"},{"taxonomy":"post_tag","embeddable":true,"href":"https:\/\/agora.xtec.cat\/ceipsantacreudecalafell\/wp-json\/wp\/v2\/tags?post=2117"}],"curies":[{"name":"wp","href":"https:\/\/api.w.org\/{rel}","templated":true}]}}