{"id":1840,"date":"2020-03-29T13:11:34","date_gmt":"2020-03-29T11:11:34","guid":{"rendered":"http:\/\/agora.xtec.cat\/ceipsantacreudecalafell\/?p=1840"},"modified":"2020-03-30T14:30:17","modified_gmt":"2020-03-30T12:30:17","slug":"tot-anira-be-de-part-de-la-comunitat-educativa","status":"publish","type":"post","link":"https:\/\/agora.xtec.cat\/ceipsantacreudecalafell\/infantil\/tot-anira-be-de-part-de-la-comunitat-educativa\/","title":{"rendered":"Tot anir\u00e0 b\u00e9 de part de la Comunitat Educativa"},"content":{"rendered":"<p>Estimats alumnes i fam\u00edlies, fa m\u00e9s de 2 setmanes que tenim l&#8217;escola tancada, per\u00f2 tot i estar separats, no deixem cada dia de pensar en vosaltres. \u00c9s per aix\u00f2 que hem fet aquest v\u00eddeo amb petites aportacions de tots els membres de la Comunitat Educativa per dir-vos que <strong>US TROBEM MOLT A FALTAR!!<\/strong><\/p>\n<div class=\"ast-oembed-container \" style=\"height: 100%;\"><iframe loading=\"lazy\" title=\"Escola Santa Creu de Calafell_Tot anir\u00e0 b\u00e9!\" width=\"500\" height=\"281\" src=\"https:\/\/www.youtube.com\/embed\/ECp0o1lwMno?start=20&#038;feature=oembed\" frameborder=\"0\" allow=\"accelerometer; autoplay; clipboard-write; encrypted-media; gyroscope; picture-in-picture; web-share\" referrerpolicy=\"strict-origin-when-cross-origin\" allowfullscreen><\/iframe><\/div>\n","protected":false},"excerpt":{"rendered":"<p>Estimats alumnes i fam\u00edlies, fa m\u00e9s de 2 setmanes que tenim l&#8217;escola tancada, per\u00f2 tot i estar separats, no deixem cada dia de pensar en vosaltres. \u00c9s per aix\u00f2 que hem fet aquest v\u00eddeo amb petites aportacions de tots els membres de la Comunitat Educativa per dir-vos que US TROBEM MOLT A FALTAR!!<\/p>\n","protected":false},"author":1,"featured_media":0,"comment_status":"open","ping_status":"closed","sticky":true,"template":"","format":"standard","meta":{"_bbp_topic_count":0,"_bbp_reply_count":0,"_bbp_total_topic_count":0,"_bbp_total_reply_count":0,"_bbp_voice_count":0,"_bbp_anonymous_reply_count":0,"_bbp_topic_count_hidden":0,"_bbp_reply_count_hidden":0,"_bbp_forum_subforum_count":0,"site-sidebar-layout":"default","site-content-layout":"","ast-site-content-layout":"","site-content-style":"default","site-sidebar-style":"default","ast-global-header-display":"","ast-banner-title-visibility":"","ast-main-header-display":"","ast-hfb-above-header-display":"","ast-hfb-below-header-display":"","ast-hfb-mobile-header-display":"","site-post-title":"","ast-breadcrumbs-content":"","ast-featured-img":"","footer-sml-layout":"","theme-transparent-header-meta":"","adv-header-id-meta":"","stick-header-meta":"","header-above-stick-meta":"","header-main-stick-meta":"","header-below-stick-meta":"","astra-migrate-meta-layouts":"default","ast-page-background-enabled":"default","ast-page-background-meta":{"desktop":{"background-color":"var(--ast-global-color-4)","background-image":"","background-repeat":"repeat","background-position":"center center","background-size":"auto","background-attachment":"scroll","background-type":"","background-media":"","overlay-type":"","overlay-color":"","overlay-opacity":"","overlay-gradient":""},"tablet":{"background-color":"","background-image":"","background-repeat":"repeat","background-position":"center center","background-size":"auto","background-attachment":"scroll","background-type":"","background-media":"","overlay-type":"","overlay-color":"","overlay-opacity":"","overlay-gradient":""},"mobile":{"background-color":"","background-image":"","background-repeat":"repeat","background-position":"center center","background-size":"auto","background-attachment":"scroll","background-type":"","background-media":"","overlay-type":"","overlay-color":"","overlay-opacity":"","overlay-gradient":""}},"ast-content-background-meta":{"desktop":{"background-color":"var(--ast-global-color-5)","background-image":"","background-repeat":"repeat","background-position":"center center","background-size":"auto","background-attachment":"scroll","background-type":"","background-media":"","overlay-type":"","overlay-color":"","overlay-opacity":"","overlay-gradient":""},"tablet":{"background-color":"var(--ast-global-color-5)","background-image":"","background-repeat":"repeat","background-position":"center center","background-size":"auto","background-attachment":"scroll","background-type":"","background-media":"","overlay-type":"","overlay-color":"","overlay-opacity":"","overlay-gradient":""},"mobile":{"background-color":"var(--ast-global-color-5)","background-image":"","background-repeat":"repeat","background-position":"center center","background-size":"auto","background-attachment":"scroll","background-type":"","background-media":"","overlay-type":"","overlay-color":"","overlay-opacity":"","overlay-gradient":""}},"footnotes":""},"categories":[7,2,58,4,5],"tags":[],"class_list":["post-1840","post","type-post","status-publish","format-standard","hentry","category-afa","category-infantil","category-menjador-escolar","category-portada","category-primaria"],"post_mailing_queue_ids":[],"_links":{"self":[{"href":"https:\/\/agora.xtec.cat\/ceipsantacreudecalafell\/wp-json\/wp\/v2\/posts\/1840","targetHints":{"allow":["GET"]}}],"collection":[{"href":"https:\/\/agora.xtec.cat\/ceipsantacreudecalafell\/wp-json\/wp\/v2\/posts"}],"about":[{"href":"https:\/\/agora.xtec.cat\/ceipsantacreudecalafell\/wp-json\/wp\/v2\/types\/post"}],"author":[{"embeddable":true,"href":"https:\/\/agora.xtec.cat\/ceipsantacreudecalafell\/wp-json\/wp\/v2\/users\/1"}],"replies":[{"embeddable":true,"href":"https:\/\/agora.xtec.cat\/ceipsantacreudecalafell\/wp-json\/wp\/v2\/comments?post=1840"}],"version-history":[{"count":1,"href":"https:\/\/agora.xtec.cat\/ceipsantacreudecalafell\/wp-json\/wp\/v2\/posts\/1840\/revisions"}],"predecessor-version":[{"id":1842,"href":"https:\/\/agora.xtec.cat\/ceipsantacreudecalafell\/wp-json\/wp\/v2\/posts\/1840\/revisions\/1842"}],"wp:attachment":[{"href":"https:\/\/agora.xtec.cat\/ceipsantacreudecalafell\/wp-json\/wp\/v2\/media?parent=1840"}],"wp:term":[{"taxonomy":"category","embeddable":true,"href":"https:\/\/agora.xtec.cat\/ceipsantacreudecalafell\/wp-json\/wp\/v2\/categories?post=1840"},{"taxonomy":"post_tag","embeddable":true,"href":"https:\/\/agora.xtec.cat\/ceipsantacreudecalafell\/wp-json\/wp\/v2\/tags?post=1840"}],"curies":[{"name":"wp","href":"https:\/\/api.w.org\/{rel}","templated":true}]}}