{"id":1600,"date":"2019-10-21T16:26:54","date_gmt":"2019-10-21T14:26:54","guid":{"rendered":"http:\/\/agora.xtec.cat\/ceipsantacreudecalafell\/?p=1600"},"modified":"2019-10-21T16:27:14","modified_gmt":"2019-10-21T14:27:14","slug":"inaguracio-rocodrom","status":"publish","type":"post","link":"https:\/\/agora.xtec.cat\/ceipsantacreudecalafell\/portada\/inaguracio-rocodrom\/","title":{"rendered":"Inaguraci\u00f3 Roc\u00f2drom"},"content":{"rendered":"<p>La setmana passada va quedar inaugurat el nou espai Roc\u00f2drom de l\u2019escola. Podem disposar d\u2019aquest nou espai gr\u00e0cies a la col\u00b7laboraci\u00f3 de l\u2019AMPA i de l\u2019Ajuntament del nostre municipi. Aqu\u00ed teniu un tast d\u2019imatges de l\u2019\u00e8xit d\u2019aquesta nova instal\u00b7laci\u00f3 entre el nostre alumnat.<\/p>\n<p><a href=\"https:\/\/agora.xtec.cat\/ceipsantacreudecalafell\/wp-content\/uploads\/usu1567\/2019\/10\/IMG-20191004-WA0025.jpg\"><img loading=\"lazy\" decoding=\"async\" class=\"alignnone wp-image-1583\" src=\"https:\/\/agora.xtec.cat\/ceipsantacreudecalafell\/wp-content\/uploads\/usu1567\/2019\/10\/IMG-20191004-WA0025-1024x768.jpg\" alt=\"\" width=\"330\" height=\"248\" \/><\/a> <a href=\"https:\/\/agora.xtec.cat\/ceipsantacreudecalafell\/wp-content\/uploads\/usu1567\/2019\/10\/IMG-20191004-WA0027.jpg\"><img loading=\"lazy\" decoding=\"async\" class=\"alignnone wp-image-1584\" src=\"https:\/\/agora.xtec.cat\/ceipsantacreudecalafell\/wp-content\/uploads\/usu1567\/2019\/10\/IMG-20191004-WA0027-1024x768.jpg\" alt=\"\" width=\"330\" height=\"247\" \/><\/a> <a href=\"https:\/\/agora.xtec.cat\/ceipsantacreudecalafell\/wp-content\/uploads\/usu1567\/2019\/10\/IMG-20191004-WA0033.jpg\"><img loading=\"lazy\" decoding=\"async\" class=\"alignnone wp-image-1585\" src=\"https:\/\/agora.xtec.cat\/ceipsantacreudecalafell\/wp-content\/uploads\/usu1567\/2019\/10\/IMG-20191004-WA0033-1024x768.jpg\" alt=\"\" width=\"330\" height=\"247\" \/><\/a> <a href=\"https:\/\/agora.xtec.cat\/ceipsantacreudecalafell\/wp-content\/uploads\/usu1567\/2019\/10\/20191008_115413_resized.jpg\"><img loading=\"lazy\" decoding=\"async\" class=\"alignnone wp-image-1599\" src=\"https:\/\/agora.xtec.cat\/ceipsantacreudecalafell\/wp-content\/uploads\/usu1567\/2019\/10\/20191008_115413_resized-1024x576.jpg\" alt=\"\" width=\"329\" height=\"185\" \/><\/a> <a href=\"https:\/\/agora.xtec.cat\/ceipsantacreudecalafell\/wp-content\/uploads\/usu1567\/2019\/10\/20191003_151956_resized.jpg\"><img loading=\"lazy\" decoding=\"async\" class=\"alignnone wp-image-1598\" src=\"https:\/\/agora.xtec.cat\/ceipsantacreudecalafell\/wp-content\/uploads\/usu1567\/2019\/10\/20191003_151956_resized-1024x576.jpg\" alt=\"\" width=\"329\" height=\"185\" \/><\/a> <a href=\"https:\/\/agora.xtec.cat\/ceipsantacreudecalafell\/wp-content\/uploads\/usu1567\/2019\/10\/IMG-20191004-WA0041.jpg\"><img loading=\"lazy\" decoding=\"async\" class=\"alignnone wp-image-1597\" src=\"https:\/\/agora.xtec.cat\/ceipsantacreudecalafell\/wp-content\/uploads\/usu1567\/2019\/10\/IMG-20191004-WA0041-1024x768.jpg\" alt=\"\" width=\"329\" height=\"247\" \/><\/a> <a href=\"https:\/\/agora.xtec.cat\/ceipsantacreudecalafell\/wp-content\/uploads\/usu1567\/2019\/10\/IMG-20191004-WA0016.jpg\"><img loading=\"lazy\" decoding=\"async\" class=\"alignnone wp-image-1596\" src=\"https:\/\/agora.xtec.cat\/ceipsantacreudecalafell\/wp-content\/uploads\/usu1567\/2019\/10\/IMG-20191004-WA0016-1024x768.jpg\" alt=\"\" width=\"328\" height=\"246\" \/><\/a> <a href=\"https:\/\/agora.xtec.cat\/ceipsantacreudecalafell\/wp-content\/uploads\/usu1567\/2019\/10\/IMG-20191004-WA0044.jpg\"><img loading=\"lazy\" decoding=\"async\" class=\"alignnone wp-image-1595\" src=\"https:\/\/agora.xtec.cat\/ceipsantacreudecalafell\/wp-content\/uploads\/usu1567\/2019\/10\/IMG-20191004-WA0044-1024x768.jpg\" alt=\"\" width=\"331\" height=\"248\" \/><\/a> <a href=\"https:\/\/agora.xtec.cat\/ceipsantacreudecalafell\/wp-content\/uploads\/usu1567\/2019\/10\/20191003_161536_resized.jpg\"><img loading=\"lazy\" decoding=\"async\" class=\"alignnone wp-image-1594\" src=\"https:\/\/agora.xtec.cat\/ceipsantacreudecalafell\/wp-content\/uploads\/usu1567\/2019\/10\/20191003_161536_resized-1024x576.jpg\" alt=\"\" width=\"331\" height=\"186\" \/><\/a> <a href=\"https:\/\/agora.xtec.cat\/ceipsantacreudecalafell\/wp-content\/uploads\/usu1567\/2019\/10\/IMG-20191004-WA0038.jpg\"><img loading=\"lazy\" decoding=\"async\" class=\"alignnone wp-image-1593\" src=\"https:\/\/agora.xtec.cat\/ceipsantacreudecalafell\/wp-content\/uploads\/usu1567\/2019\/10\/IMG-20191004-WA0038-1024x768.jpg\" alt=\"\" width=\"331\" height=\"248\" \/><\/a> <a href=\"https:\/\/agora.xtec.cat\/ceipsantacreudecalafell\/wp-content\/uploads\/usu1567\/2019\/10\/IMG-20191004-WA0022.jpg\"><img loading=\"lazy\" decoding=\"async\" class=\"alignnone wp-image-1592\" src=\"https:\/\/agora.xtec.cat\/ceipsantacreudecalafell\/wp-content\/uploads\/usu1567\/2019\/10\/IMG-20191004-WA0022-1024x768.jpg\" alt=\"\" width=\"331\" height=\"248\" \/><\/a> <a href=\"https:\/\/agora.xtec.cat\/ceipsantacreudecalafell\/wp-content\/uploads\/usu1567\/2019\/10\/20191007_152514_resized.jpg\"><img loading=\"lazy\" decoding=\"async\" class=\"alignnone wp-image-1591\" src=\"https:\/\/agora.xtec.cat\/ceipsantacreudecalafell\/wp-content\/uploads\/usu1567\/2019\/10\/20191007_152514_resized-1024x576.jpg\" alt=\"\" width=\"331\" height=\"186\" \/><\/a> <a href=\"https:\/\/agora.xtec.cat\/ceipsantacreudecalafell\/wp-content\/uploads\/usu1567\/2019\/10\/20191004_120214_resized.jpg\"><img loading=\"lazy\" decoding=\"async\" class=\"alignnone wp-image-1590\" src=\"https:\/\/agora.xtec.cat\/ceipsantacreudecalafell\/wp-content\/uploads\/usu1567\/2019\/10\/20191004_120214_resized-1024x576.jpg\" alt=\"\" width=\"331\" height=\"186\" \/><\/a> <a href=\"https:\/\/agora.xtec.cat\/ceipsantacreudecalafell\/wp-content\/uploads\/usu1567\/2019\/10\/20191004_092711_resized.jpg\"><img loading=\"lazy\" decoding=\"async\" class=\"alignnone wp-image-1589\" src=\"https:\/\/agora.xtec.cat\/ceipsantacreudecalafell\/wp-content\/uploads\/usu1567\/2019\/10\/20191004_092711_resized-1024x576.jpg\" alt=\"\" width=\"331\" height=\"186\" \/><\/a> <a href=\"https:\/\/agora.xtec.cat\/ceipsantacreudecalafell\/wp-content\/uploads\/usu1567\/2019\/10\/20191008_151754_resized.jpg\"><img loading=\"lazy\" decoding=\"async\" class=\"alignnone wp-image-1588\" src=\"https:\/\/agora.xtec.cat\/ceipsantacreudecalafell\/wp-content\/uploads\/usu1567\/2019\/10\/20191008_151754_resized-1024x576.jpg\" alt=\"\" width=\"331\" height=\"186\" \/><\/a> <a href=\"https:\/\/agora.xtec.cat\/ceipsantacreudecalafell\/wp-content\/uploads\/usu1567\/2019\/10\/IMG-20191004-WA0042.jpg\"><img loading=\"lazy\" decoding=\"async\" class=\"alignnone wp-image-1586\" src=\"https:\/\/agora.xtec.cat\/ceipsantacreudecalafell\/wp-content\/uploads\/usu1567\/2019\/10\/IMG-20191004-WA0042-1024x768.jpg\" alt=\"\" width=\"331\" height=\"248\" \/><\/a><\/p>\n","protected":false},"excerpt":{"rendered":"<p>La setmana passada va quedar inaugurat el nou espai Roc\u00f2drom de l\u2019escola. Podem disposar d\u2019aquest nou espai gr\u00e0cies a la col\u00b7laboraci\u00f3 de l\u2019AMPA i de l\u2019Ajuntament del nostre municipi. Aqu\u00ed teniu un tast d\u2019imatges de l\u2019\u00e8xit d\u2019aquesta nova instal\u00b7laci\u00f3 entre el nostre alumnat.<\/p>\n","protected":false},"author":1,"featured_media":0,"comment_status":"open","ping_status":"closed","sticky":true,"template":"","format":"standard","meta":{"_bbp_topic_count":0,"_bbp_reply_count":0,"_bbp_total_topic_count":0,"_bbp_total_reply_count":0,"_bbp_voice_count":0,"_bbp_anonymous_reply_count":0,"_bbp_topic_count_hidden":0,"_bbp_reply_count_hidden":0,"_bbp_forum_subforum_count":0,"site-sidebar-layout":"default","site-content-layout":"","ast-site-content-layout":"","site-content-style":"default","site-sidebar-style":"default","ast-global-header-display":"","ast-banner-title-visibility":"","ast-main-header-display":"","ast-hfb-above-header-display":"","ast-hfb-below-header-display":"","ast-hfb-mobile-header-display":"","site-post-title":"","ast-breadcrumbs-content":"","ast-featured-img":"","footer-sml-layout":"","theme-transparent-header-meta":"","adv-header-id-meta":"","stick-header-meta":"","header-above-stick-meta":"","header-main-stick-meta":"","header-below-stick-meta":"","astra-migrate-meta-layouts":"default","ast-page-background-enabled":"default","ast-page-background-meta":{"desktop":{"background-color":"var(--ast-global-color-4)","background-image":"","background-repeat":"repeat","background-position":"center center","background-size":"auto","background-attachment":"scroll","background-type":"","background-media":"","overlay-type":"","overlay-color":"","overlay-opacity":"","overlay-gradient":""},"tablet":{"background-color":"","background-image":"","background-repeat":"repeat","background-position":"center center","background-size":"auto","background-attachment":"scroll","background-type":"","background-media":"","overlay-type":"","overlay-color":"","overlay-opacity":"","overlay-gradient":""},"mobile":{"background-color":"","background-image":"","background-repeat":"repeat","background-position":"center center","background-size":"auto","background-attachment":"scroll","background-type":"","background-media":"","overlay-type":"","overlay-color":"","overlay-opacity":"","overlay-gradient":""}},"ast-content-background-meta":{"desktop":{"background-color":"var(--ast-global-color-5)","background-image":"","background-repeat":"repeat","background-position":"center center","background-size":"auto","background-attachment":"scroll","background-type":"","background-media":"","overlay-type":"","overlay-color":"","overlay-opacity":"","overlay-gradient":""},"tablet":{"background-color":"var(--ast-global-color-5)","background-image":"","background-repeat":"repeat","background-position":"center center","background-size":"auto","background-attachment":"scroll","background-type":"","background-media":"","overlay-type":"","overlay-color":"","overlay-opacity":"","overlay-gradient":""},"mobile":{"background-color":"var(--ast-global-color-5)","background-image":"","background-repeat":"repeat","background-position":"center center","background-size":"auto","background-attachment":"scroll","background-type":"","background-media":"","overlay-type":"","overlay-color":"","overlay-opacity":"","overlay-gradient":""}},"footnotes":""},"categories":[4,5],"tags":[132],"class_list":["post-1600","post","type-post","status-publish","format-standard","hentry","category-portada","category-primaria","tag-inaguracio-rocodrom"],"post_mailing_queue_ids":[],"_links":{"self":[{"href":"https:\/\/agora.xtec.cat\/ceipsantacreudecalafell\/wp-json\/wp\/v2\/posts\/1600","targetHints":{"allow":["GET"]}}],"collection":[{"href":"https:\/\/agora.xtec.cat\/ceipsantacreudecalafell\/wp-json\/wp\/v2\/posts"}],"about":[{"href":"https:\/\/agora.xtec.cat\/ceipsantacreudecalafell\/wp-json\/wp\/v2\/types\/post"}],"author":[{"embeddable":true,"href":"https:\/\/agora.xtec.cat\/ceipsantacreudecalafell\/wp-json\/wp\/v2\/users\/1"}],"replies":[{"embeddable":true,"href":"https:\/\/agora.xtec.cat\/ceipsantacreudecalafell\/wp-json\/wp\/v2\/comments?post=1600"}],"version-history":[{"count":1,"href":"https:\/\/agora.xtec.cat\/ceipsantacreudecalafell\/wp-json\/wp\/v2\/posts\/1600\/revisions"}],"predecessor-version":[{"id":1601,"href":"https:\/\/agora.xtec.cat\/ceipsantacreudecalafell\/wp-json\/wp\/v2\/posts\/1600\/revisions\/1601"}],"wp:attachment":[{"href":"https:\/\/agora.xtec.cat\/ceipsantacreudecalafell\/wp-json\/wp\/v2\/media?parent=1600"}],"wp:term":[{"taxonomy":"category","embeddable":true,"href":"https:\/\/agora.xtec.cat\/ceipsantacreudecalafell\/wp-json\/wp\/v2\/categories?post=1600"},{"taxonomy":"post_tag","embeddable":true,"href":"https:\/\/agora.xtec.cat\/ceipsantacreudecalafell\/wp-json\/wp\/v2\/tags?post=1600"}],"curies":[{"name":"wp","href":"https:\/\/api.w.org\/{rel}","templated":true}]}}