{"id":1554,"date":"2019-09-02T19:41:02","date_gmt":"2019-09-02T17:41:02","guid":{"rendered":"http:\/\/agora.xtec.cat\/ceipsantacreudecalafell\/?p=1554"},"modified":"2019-09-02T19:41:02","modified_gmt":"2019-09-02T17:41:02","slug":"actualitzacio-de-laplicacio-dinantia","status":"publish","type":"post","link":"https:\/\/agora.xtec.cat\/ceipsantacreudecalafell\/general\/actualitzacio-de-laplicacio-dinantia\/","title":{"rendered":"Actualitzaci\u00f3 de l&#8217;aplicaci\u00f3 Dinantia"},"content":{"rendered":"<p>Aquest estiu<strong> la plataforma de Dinantia ha fet una actualitzaci\u00f3<\/strong>. Aquesta actualitzaci\u00f3 ha sigut per millorar les prestacions i fer-la m\u00e9s accessible.<\/p>\n<p>Aquesta actualitzaci\u00f3 obliga a tots els usuaris de l\u2019app m\u00f2bil a<strong> tornar iniciar sessi\u00f3<\/strong>. Afecta a mestres, pares, mares, administradors&#8230;<\/p>\n<p>Aix\u00f2 vol dir que <strong>fins que no inicieu sessi\u00f3 a l\u2019aplicaci\u00f3 de Dinantia, nom\u00e9s podreu llegir els missatges per email<\/strong>. <strong>No cal reinstal\u00b7lar l\u2019aplicaci\u00f3<\/strong>, simplement <strong>cal iniciar sessi\u00f3 amb el correu que ens vau donar per donar-vos d\u2019alta<\/strong>.<\/p>\n<p>Una vegada, heu posat el correu que tenim vostre, us <strong>reenviaran un correu d\u2019activaci\u00f3<\/strong>. Entreu al correu i cliqueu en <strong>Acceptar<\/strong>.<\/p>\n<p><a href=\"https:\/\/agora.xtec.cat\/ceipsantacreudecalafell\/wp-content\/uploads\/usu1567\/2019\/09\/activaci\u00f3-Dinantia.jpg\"><img loading=\"lazy\" decoding=\"async\" class=\"wp-image-1556 aligncenter\" src=\"https:\/\/agora.xtec.cat\/ceipsantacreudecalafell\/wp-content\/uploads\/usu1567\/2019\/09\/activaci\u00f3-Dinantia-542x1024.jpg\" alt=\"\" width=\"242\" height=\"457\" \/><\/a><\/p>\n<p><strong>Ja podreu entrar a l\u2019aplicaci\u00f3 Dinantia amb el vostre correu<\/strong>.<\/p>\n<p>Si no surt aquest av\u00eds \u00e9s perqu\u00e8 esteu posant el correu mal escrit o un altre diferent.<\/p>\n","protected":false},"excerpt":{"rendered":"<p>Aquest estiu la plataforma de Dinantia ha fet una actualitzaci\u00f3. Aquesta actualitzaci\u00f3 ha sigut per millorar les prestacions i fer-la m\u00e9s accessible. Aquesta actualitzaci\u00f3 obliga a tots els usuaris de l\u2019app m\u00f2bil a tornar iniciar sessi\u00f3. Afecta a mestres, pares, mares, administradors&#8230; Aix\u00f2 vol dir que fins que no inicieu sessi\u00f3 a l\u2019aplicaci\u00f3 de Dinantia, [&hellip;]<\/p>\n","protected":false},"author":1,"featured_media":0,"comment_status":"open","ping_status":"closed","sticky":true,"template":"","format":"standard","meta":{"_bbp_topic_count":0,"_bbp_reply_count":0,"_bbp_total_topic_count":0,"_bbp_total_reply_count":0,"_bbp_voice_count":0,"_bbp_anonymous_reply_count":0,"_bbp_topic_count_hidden":0,"_bbp_reply_count_hidden":0,"_bbp_forum_subforum_count":0,"site-sidebar-layout":"default","site-content-layout":"","ast-site-content-layout":"","site-content-style":"default","site-sidebar-style":"default","ast-global-header-display":"","ast-banner-title-visibility":"","ast-main-header-display":"","ast-hfb-above-header-display":"","ast-hfb-below-header-display":"","ast-hfb-mobile-header-display":"","site-post-title":"","ast-breadcrumbs-content":"","ast-featured-img":"","footer-sml-layout":"","theme-transparent-header-meta":"","adv-header-id-meta":"","stick-header-meta":"","header-above-stick-meta":"","header-main-stick-meta":"","header-below-stick-meta":"","astra-migrate-meta-layouts":"default","ast-page-background-enabled":"default","ast-page-background-meta":{"desktop":{"background-color":"var(--ast-global-color-4)","background-image":"","background-repeat":"repeat","background-position":"center center","background-size":"auto","background-attachment":"scroll","background-type":"","background-media":"","overlay-type":"","overlay-color":"","overlay-opacity":"","overlay-gradient":""},"tablet":{"background-color":"","background-image":"","background-repeat":"repeat","background-position":"center center","background-size":"auto","background-attachment":"scroll","background-type":"","background-media":"","overlay-type":"","overlay-color":"","overlay-opacity":"","overlay-gradient":""},"mobile":{"background-color":"","background-image":"","background-repeat":"repeat","background-position":"center center","background-size":"auto","background-attachment":"scroll","background-type":"","background-media":"","overlay-type":"","overlay-color":"","overlay-opacity":"","overlay-gradient":""}},"ast-content-background-meta":{"desktop":{"background-color":"var(--ast-global-color-5)","background-image":"","background-repeat":"repeat","background-position":"center center","background-size":"auto","background-attachment":"scroll","background-type":"","background-media":"","overlay-type":"","overlay-color":"","overlay-opacity":"","overlay-gradient":""},"tablet":{"background-color":"var(--ast-global-color-5)","background-image":"","background-repeat":"repeat","background-position":"center center","background-size":"auto","background-attachment":"scroll","background-type":"","background-media":"","overlay-type":"","overlay-color":"","overlay-opacity":"","overlay-gradient":""},"mobile":{"background-color":"var(--ast-global-color-5)","background-image":"","background-repeat":"repeat","background-position":"center center","background-size":"auto","background-attachment":"scroll","background-type":"","background-media":"","overlay-type":"","overlay-color":"","overlay-opacity":"","overlay-gradient":""}},"footnotes":""},"categories":[7,1,2,4,5],"tags":[],"class_list":["post-1554","post","type-post","status-publish","format-standard","hentry","category-afa","category-general","category-infantil","category-portada","category-primaria"],"post_mailing_queue_ids":[],"_links":{"self":[{"href":"https:\/\/agora.xtec.cat\/ceipsantacreudecalafell\/wp-json\/wp\/v2\/posts\/1554","targetHints":{"allow":["GET"]}}],"collection":[{"href":"https:\/\/agora.xtec.cat\/ceipsantacreudecalafell\/wp-json\/wp\/v2\/posts"}],"about":[{"href":"https:\/\/agora.xtec.cat\/ceipsantacreudecalafell\/wp-json\/wp\/v2\/types\/post"}],"author":[{"embeddable":true,"href":"https:\/\/agora.xtec.cat\/ceipsantacreudecalafell\/wp-json\/wp\/v2\/users\/1"}],"replies":[{"embeddable":true,"href":"https:\/\/agora.xtec.cat\/ceipsantacreudecalafell\/wp-json\/wp\/v2\/comments?post=1554"}],"version-history":[{"count":2,"href":"https:\/\/agora.xtec.cat\/ceipsantacreudecalafell\/wp-json\/wp\/v2\/posts\/1554\/revisions"}],"predecessor-version":[{"id":1557,"href":"https:\/\/agora.xtec.cat\/ceipsantacreudecalafell\/wp-json\/wp\/v2\/posts\/1554\/revisions\/1557"}],"wp:attachment":[{"href":"https:\/\/agora.xtec.cat\/ceipsantacreudecalafell\/wp-json\/wp\/v2\/media?parent=1554"}],"wp:term":[{"taxonomy":"category","embeddable":true,"href":"https:\/\/agora.xtec.cat\/ceipsantacreudecalafell\/wp-json\/wp\/v2\/categories?post=1554"},{"taxonomy":"post_tag","embeddable":true,"href":"https:\/\/agora.xtec.cat\/ceipsantacreudecalafell\/wp-json\/wp\/v2\/tags?post=1554"}],"curies":[{"name":"wp","href":"https:\/\/api.w.org\/{rel}","templated":true}]}}