{"id":1537,"date":"2024-06-19T10:05:50","date_gmt":"2024-06-19T08:05:50","guid":{"rendered":"http:\/\/agora.xtec.cat\/ceipsantacreudecalafell\/?p=1537"},"modified":"2024-06-19T10:12:08","modified_gmt":"2024-06-19T08:12:08","slug":"llista-de-llibres-curs-2022-2023","status":"publish","type":"post","link":"https:\/\/agora.xtec.cat\/ceipsantacreudecalafell\/infantil\/llista-de-llibres-curs-2022-2023\/","title":{"rendered":"Llista de Llibres Curs 2024-2025"},"content":{"rendered":"<p><strong>Educaci\u00f3 Infantil<\/strong> durant aquest curs 2023-2024 no faran servir llibres, nom\u00e9s cal portar 1 paquet de 500 folis (80 gr DIN A-4)<\/p>\n<p><strong>Educaci\u00f3 Prim\u00e0ria<\/strong>:<\/p>\n<p><a href=\"https:\/\/agora.xtec.cat\/ceipsantacreudecalafell\/wp-content\/uploads\/usu1567\/2024\/06\/LLISTA-LLIBRES-1r-2024-25.pdf\">LLISTA LLIBRES 1r 2024-25<\/a><\/p>\n<p><a href=\"https:\/\/agora.xtec.cat\/ceipsantacreudecalafell\/wp-content\/uploads\/usu1567\/2024\/06\/LLISTA-LLIBRES-2n-2024-25.pdf\">LLISTA LLIBRES 2n 2024-25<\/a><\/p>\n<p><a href=\"https:\/\/agora.xtec.cat\/ceipsantacreudecalafell\/wp-content\/uploads\/usu1567\/2024\/06\/LLISTA-LLIBRES-3r-2024-25.pdf\">LLISTA LLIBRES 3r 2024-25<\/a><\/p>\n<p><a href=\"https:\/\/agora.xtec.cat\/ceipsantacreudecalafell\/wp-content\/uploads\/usu1567\/2024\/06\/LLISTA-LLIBRES-4t-2024-25.pdf\">LLISTA LLIBRES 4t 2024-25<\/a><\/p>\n<p><a href=\"https:\/\/agora.xtec.cat\/ceipsantacreudecalafell\/wp-content\/uploads\/usu1567\/2024\/06\/LLISTA-LLIBRES-5e-2024-25.pdf\">LLISTA LLIBRES 5\u00e8 2024-25<\/a><\/p>\n<p><a href=\"https:\/\/agora.xtec.cat\/ceipsantacreudecalafell\/wp-content\/uploads\/usu1567\/2024\/06\/LLISTA-LLIBRES-6e-2024-25.pdf\">LLISTA LLIBRES 6\u00e8 2024-25<\/a><\/p>\n<ul>\n<li><span style=\"color: #ff0000;\">Els alumnes que tenen llista de llibres personalitzats, el\/la tutor\/a enviar\u00e0 el seu document personalitzat per Dinantia.<\/span><\/li>\n<\/ul>\n<p><span style=\"color: #0000ff;\">Aix\u00ed mateix, us transmetem una informaci\u00f3 important sobre l&#8217;AFA de l&#8217;escola. L&#8217;AFA de la nostra escola s&#8217;encarrega de realitzar diferents activitats i col\u00b7laboracions per l&#8217;escola. Us animem a fer-vos socis de l&#8217;AFA per tal de que es puguin seguir realitzant totes aquestes tasques que aporta beneficis als nostres alumnes.<\/span><\/p>\n","protected":false},"excerpt":{"rendered":"<p>Educaci\u00f3 Infantil durant aquest curs 2023-2024 no faran servir llibres, nom\u00e9s cal portar 1 paquet de 500 folis (80 gr DIN A-4) Educaci\u00f3 Prim\u00e0ria: LLISTA LLIBRES 1r 2024-25 LLISTA LLIBRES 2n 2024-25 LLISTA LLIBRES 3r 2024-25 LLISTA LLIBRES 4t 2024-25 LLISTA LLIBRES 5\u00e8 2024-25 LLISTA LLIBRES 6\u00e8 2024-25 Els alumnes que tenen llista de llibres [&hellip;]<\/p>\n","protected":false},"author":1,"featured_media":0,"comment_status":"open","ping_status":"closed","sticky":true,"template":"","format":"standard","meta":{"_bbp_topic_count":0,"_bbp_reply_count":0,"_bbp_total_topic_count":0,"_bbp_total_reply_count":0,"_bbp_voice_count":0,"_bbp_anonymous_reply_count":0,"_bbp_topic_count_hidden":0,"_bbp_reply_count_hidden":0,"_bbp_forum_subforum_count":0,"site-sidebar-layout":"default","site-content-layout":"","ast-site-content-layout":"","site-content-style":"default","site-sidebar-style":"default","ast-global-header-display":"","ast-banner-title-visibility":"","ast-main-header-display":"","ast-hfb-above-header-display":"","ast-hfb-below-header-display":"","ast-hfb-mobile-header-display":"","site-post-title":"","ast-breadcrumbs-content":"","ast-featured-img":"","footer-sml-layout":"","theme-transparent-header-meta":"","adv-header-id-meta":"","stick-header-meta":"","header-above-stick-meta":"","header-main-stick-meta":"","header-below-stick-meta":"","astra-migrate-meta-layouts":"default","ast-page-background-enabled":"default","ast-page-background-meta":{"desktop":{"background-color":"var(--ast-global-color-4)","background-image":"","background-repeat":"repeat","background-position":"center center","background-size":"auto","background-attachment":"scroll","background-type":"","background-media":"","overlay-type":"","overlay-color":"","overlay-opacity":"","overlay-gradient":""},"tablet":{"background-color":"","background-image":"","background-repeat":"repeat","background-position":"center center","background-size":"auto","background-attachment":"scroll","background-type":"","background-media":"","overlay-type":"","overlay-color":"","overlay-opacity":"","overlay-gradient":""},"mobile":{"background-color":"","background-image":"","background-repeat":"repeat","background-position":"center center","background-size":"auto","background-attachment":"scroll","background-type":"","background-media":"","overlay-type":"","overlay-color":"","overlay-opacity":"","overlay-gradient":""}},"ast-content-background-meta":{"desktop":{"background-color":"var(--ast-global-color-5)","background-image":"","background-repeat":"repeat","background-position":"center center","background-size":"auto","background-attachment":"scroll","background-type":"","background-media":"","overlay-type":"","overlay-color":"","overlay-opacity":"","overlay-gradient":""},"tablet":{"background-color":"var(--ast-global-color-5)","background-image":"","background-repeat":"repeat","background-position":"center center","background-size":"auto","background-attachment":"scroll","background-type":"","background-media":"","overlay-type":"","overlay-color":"","overlay-opacity":"","overlay-gradient":""},"mobile":{"background-color":"var(--ast-global-color-5)","background-image":"","background-repeat":"repeat","background-position":"center center","background-size":"auto","background-attachment":"scroll","background-type":"","background-media":"","overlay-type":"","overlay-color":"","overlay-opacity":"","overlay-gradient":""}},"footnotes":""},"categories":[10,11,12,13,14,15,3,8,9,2,4,5],"tags":[128],"class_list":["post-1537","post","type-post","status-publish","format-standard","hentry","category-1r","category-2n","category-3r","category-4t","category-5e","category-6e","category-i3","category-i4","category-i5","category-infantil","category-portada","category-primaria","tag-llista-de-llibres"],"post_mailing_queue_ids":[],"_links":{"self":[{"href":"https:\/\/agora.xtec.cat\/ceipsantacreudecalafell\/wp-json\/wp\/v2\/posts\/1537","targetHints":{"allow":["GET"]}}],"collection":[{"href":"https:\/\/agora.xtec.cat\/ceipsantacreudecalafell\/wp-json\/wp\/v2\/posts"}],"about":[{"href":"https:\/\/agora.xtec.cat\/ceipsantacreudecalafell\/wp-json\/wp\/v2\/types\/post"}],"author":[{"embeddable":true,"href":"https:\/\/agora.xtec.cat\/ceipsantacreudecalafell\/wp-json\/wp\/v2\/users\/1"}],"replies":[{"embeddable":true,"href":"https:\/\/agora.xtec.cat\/ceipsantacreudecalafell\/wp-json\/wp\/v2\/comments?post=1537"}],"version-history":[{"count":6,"href":"https:\/\/agora.xtec.cat\/ceipsantacreudecalafell\/wp-json\/wp\/v2\/posts\/1537\/revisions"}],"predecessor-version":[{"id":4094,"href":"https:\/\/agora.xtec.cat\/ceipsantacreudecalafell\/wp-json\/wp\/v2\/posts\/1537\/revisions\/4094"}],"wp:attachment":[{"href":"https:\/\/agora.xtec.cat\/ceipsantacreudecalafell\/wp-json\/wp\/v2\/media?parent=1537"}],"wp:term":[{"taxonomy":"category","embeddable":true,"href":"https:\/\/agora.xtec.cat\/ceipsantacreudecalafell\/wp-json\/wp\/v2\/categories?post=1537"},{"taxonomy":"post_tag","embeddable":true,"href":"https:\/\/agora.xtec.cat\/ceipsantacreudecalafell\/wp-json\/wp\/v2\/tags?post=1537"}],"curies":[{"name":"wp","href":"https:\/\/api.w.org\/{rel}","templated":true}]}}