{"id":1524,"date":"2025-09-14T08:50:10","date_gmt":"2025-09-14T06:50:10","guid":{"rendered":"http:\/\/agora.xtec.cat\/ceipsantacreudecalafell\/?p=1524"},"modified":"2025-09-16T09:26:08","modified_gmt":"2025-09-16T07:26:08","slug":"circular-reunions-inici-de-curs","status":"publish","type":"post","link":"https:\/\/agora.xtec.cat\/ceipsantacreudecalafell\/infantil\/circular-reunions-inici-de-curs\/","title":{"rendered":"Resums de les reunions inici de curs"},"content":{"rendered":"<p><a href=\"https:\/\/agora.xtec.cat\/ceipsantacreudecalafell\/wp-content\/uploads\/usu1567\/2023\/09\/Back-to-school-facebook-post.png\"><img loading=\"lazy\" decoding=\"async\" class=\"alignnone wp-image-3672\" src=\"https:\/\/agora.xtec.cat\/ceipsantacreudecalafell\/wp-content\/uploads\/usu1567\/2023\/09\/Back-to-school-facebook-post.png\" alt=\"\" width=\"468\" height=\"393\" srcset=\"https:\/\/agora.xtec.cat\/ceipsantacreudecalafell\/wp-content\/uploads\/usu1567\/2023\/09\/Back-to-school-facebook-post.png 940w, https:\/\/agora.xtec.cat\/ceipsantacreudecalafell\/wp-content\/uploads\/usu1567\/2023\/09\/Back-to-school-facebook-post-300x251.png 300w, https:\/\/agora.xtec.cat\/ceipsantacreudecalafell\/wp-content\/uploads\/usu1567\/2023\/09\/Back-to-school-facebook-post-768x644.png 768w\" sizes=\"auto, (max-width: 468px) 100vw, 468px\" \/><\/a><\/p>\n<p>Durant la primera setmana de curs s&#8217;ha realitzat les reunions amb les fam\u00edlies. Per les fam\u00edlies que no heu pogut venir us deixem aqu\u00ed un resum dels documents que s&#8217;han projectat.<\/p>\n<p><strong>REUNIONS EDUCACI\u00d3 INFANTIL:<\/strong><\/p>\n<p><a href=\"https:\/\/agora.xtec.cat\/ceipsantacreudecalafell\/wp-content\/uploads\/usu1567\/2020\/09\/Reunio-families-I-3.pdf\">Reuni\u00f3 fam\u00edlies I-3<\/a><\/p>\n<p><a href=\"https:\/\/agora.xtec.cat\/ceipsantacreudecalafell\/wp-content\/uploads\/usu1567\/2020\/09\/Reunio-families-I-4.pdf\">Reuni\u00f3 fam\u00edlies I-4<\/a><\/p>\n<p><a href=\"https:\/\/agora.xtec.cat\/ceipsantacreudecalafell\/wp-content\/uploads\/usu1567\/2020\/09\/Reunio-families-I-5.pdf\">Reuni\u00f3 fam\u00edlies I-5<\/a><\/p>\n<p><strong>REUNIONS EDUCACI\u00d3 PRIM\u00c0RIA:<\/strong><\/p>\n<p><a href=\"https:\/\/agora.xtec.cat\/ceipsantacreudecalafell\/wp-content\/uploads\/usu1567\/2020\/09\/Reunio-families-1r.pdf\">Reuni\u00f3 fam\u00edlies 1r<\/a><\/p>\n<p><a href=\"https:\/\/agora.xtec.cat\/ceipsantacreudecalafell\/wp-content\/uploads\/usu1567\/2025\/09\/Reunio-de-Families-2n.pdf\">Reuni\u00f3 de Families 2n<\/a><\/p>\n<p><a href=\"https:\/\/agora.xtec.cat\/ceipsantacreudecalafell\/wp-content\/uploads\/usu1567\/2025\/09\/Reunio-families-3r.pdf\">Reunio\u0301 fami\u0301lies 3r<\/a><\/p>\n<p><a href=\"https:\/\/agora.xtec.cat\/ceipsantacreudecalafell\/wp-content\/uploads\/usu1567\/2020\/09\/Reunio-families-4t.pdf\">Reunio\u0301 fami\u0301lies 4t<\/a><\/p>\n<p><a href=\"https:\/\/agora.xtec.cat\/ceipsantacreudecalafell\/wp-content\/uploads\/usu1567\/2020\/09\/Reunio-families-5e.pdf\">Reuni\u00f3 fam\u00edlies 5\u00e8<\/a><\/p>\n<p><a href=\"https:\/\/agora.xtec.cat\/ceipsantacreudecalafell\/wp-content\/uploads\/usu1567\/2020\/09\/Reunio-families-6e.pdf\">Reuni\u00f3 fam\u00edlies 6\u00e8<\/a><\/p>\n<p><a href=\"https:\/\/agora.xtec.cat\/ceipsantacreudecalafell\/wp-content\/uploads\/usu1567\/2023\/09\/turu.jpg\"><img loading=\"lazy\" decoding=\"async\" class=\"alignnone size-full wp-image-3671\" src=\"https:\/\/agora.xtec.cat\/ceipsantacreudecalafell\/wp-content\/uploads\/usu1567\/2023\/09\/turu.jpg\" alt=\"\" width=\"400\" height=\"283\" srcset=\"https:\/\/agora.xtec.cat\/ceipsantacreudecalafell\/wp-content\/uploads\/usu1567\/2023\/09\/turu.jpg 400w, https:\/\/agora.xtec.cat\/ceipsantacreudecalafell\/wp-content\/uploads\/usu1567\/2023\/09\/turu-300x212.jpg 300w\" sizes=\"auto, (max-width: 400px) 100vw, 400px\" \/><\/a><\/p>\n","protected":false},"excerpt":{"rendered":"<p>Durant la primera setmana de curs s&#8217;ha realitzat les reunions amb les fam\u00edlies. Per les fam\u00edlies que no heu pogut venir us deixem aqu\u00ed un resum dels documents que s&#8217;han projectat. REUNIONS EDUCACI\u00d3 INFANTIL: Reuni\u00f3 fam\u00edlies I-3 Reuni\u00f3 fam\u00edlies I-4 Reuni\u00f3 fam\u00edlies I-5 REUNIONS EDUCACI\u00d3 PRIM\u00c0RIA: Reuni\u00f3 fam\u00edlies 1r Reuni\u00f3 de Families 2n Reunio\u0301 fami\u0301lies [&hellip;]<\/p>\n","protected":false},"author":1,"featured_media":0,"comment_status":"open","ping_status":"closed","sticky":true,"template":"","format":"standard","meta":{"_bbp_topic_count":0,"_bbp_reply_count":0,"_bbp_total_topic_count":0,"_bbp_total_reply_count":0,"_bbp_voice_count":0,"_bbp_anonymous_reply_count":0,"_bbp_topic_count_hidden":0,"_bbp_reply_count_hidden":0,"_bbp_forum_subforum_count":0,"site-sidebar-layout":"default","site-content-layout":"","ast-site-content-layout":"","site-content-style":"default","site-sidebar-style":"default","ast-global-header-display":"","ast-banner-title-visibility":"","ast-main-header-display":"","ast-hfb-above-header-display":"","ast-hfb-below-header-display":"","ast-hfb-mobile-header-display":"","site-post-title":"","ast-breadcrumbs-content":"","ast-featured-img":"","footer-sml-layout":"","theme-transparent-header-meta":"","adv-header-id-meta":"","stick-header-meta":"","header-above-stick-meta":"","header-main-stick-meta":"","header-below-stick-meta":"","astra-migrate-meta-layouts":"default","ast-page-background-enabled":"default","ast-page-background-meta":{"desktop":{"background-color":"var(--ast-global-color-4)","background-image":"","background-repeat":"repeat","background-position":"center center","background-size":"auto","background-attachment":"scroll","background-type":"","background-media":"","overlay-type":"","overlay-color":"","overlay-opacity":"","overlay-gradient":""},"tablet":{"background-color":"","background-image":"","background-repeat":"repeat","background-position":"center center","background-size":"auto","background-attachment":"scroll","background-type":"","background-media":"","overlay-type":"","overlay-color":"","overlay-opacity":"","overlay-gradient":""},"mobile":{"background-color":"","background-image":"","background-repeat":"repeat","background-position":"center center","background-size":"auto","background-attachment":"scroll","background-type":"","background-media":"","overlay-type":"","overlay-color":"","overlay-opacity":"","overlay-gradient":""}},"ast-content-background-meta":{"desktop":{"background-color":"var(--ast-global-color-5)","background-image":"","background-repeat":"repeat","background-position":"center center","background-size":"auto","background-attachment":"scroll","background-type":"","background-media":"","overlay-type":"","overlay-color":"","overlay-opacity":"","overlay-gradient":""},"tablet":{"background-color":"var(--ast-global-color-5)","background-image":"","background-repeat":"repeat","background-position":"center center","background-size":"auto","background-attachment":"scroll","background-type":"","background-media":"","overlay-type":"","overlay-color":"","overlay-opacity":"","overlay-gradient":""},"mobile":{"background-color":"var(--ast-global-color-5)","background-image":"","background-repeat":"repeat","background-position":"center center","background-size":"auto","background-attachment":"scroll","background-type":"","background-media":"","overlay-type":"","overlay-color":"","overlay-opacity":"","overlay-gradient":""}},"footnotes":""},"categories":[2,4,5],"tags":[127],"class_list":["post-1524","post","type-post","status-publish","format-standard","hentry","category-infantil","category-portada","category-primaria","tag-reunions-inici-de-curs"],"post_mailing_queue_ids":[],"_links":{"self":[{"href":"https:\/\/agora.xtec.cat\/ceipsantacreudecalafell\/wp-json\/wp\/v2\/posts\/1524","targetHints":{"allow":["GET"]}}],"collection":[{"href":"https:\/\/agora.xtec.cat\/ceipsantacreudecalafell\/wp-json\/wp\/v2\/posts"}],"about":[{"href":"https:\/\/agora.xtec.cat\/ceipsantacreudecalafell\/wp-json\/wp\/v2\/types\/post"}],"author":[{"embeddable":true,"href":"https:\/\/agora.xtec.cat\/ceipsantacreudecalafell\/wp-json\/wp\/v2\/users\/1"}],"replies":[{"embeddable":true,"href":"https:\/\/agora.xtec.cat\/ceipsantacreudecalafell\/wp-json\/wp\/v2\/comments?post=1524"}],"version-history":[{"count":6,"href":"https:\/\/agora.xtec.cat\/ceipsantacreudecalafell\/wp-json\/wp\/v2\/posts\/1524\/revisions"}],"predecessor-version":[{"id":4430,"href":"https:\/\/agora.xtec.cat\/ceipsantacreudecalafell\/wp-json\/wp\/v2\/posts\/1524\/revisions\/4430"}],"wp:attachment":[{"href":"https:\/\/agora.xtec.cat\/ceipsantacreudecalafell\/wp-json\/wp\/v2\/media?parent=1524"}],"wp:term":[{"taxonomy":"category","embeddable":true,"href":"https:\/\/agora.xtec.cat\/ceipsantacreudecalafell\/wp-json\/wp\/v2\/categories?post=1524"},{"taxonomy":"post_tag","embeddable":true,"href":"https:\/\/agora.xtec.cat\/ceipsantacreudecalafell\/wp-json\/wp\/v2\/tags?post=1524"}],"curies":[{"name":"wp","href":"https:\/\/api.w.org\/{rel}","templated":true}]}}