{"id":1273,"date":"2019-01-24T19:36:50","date_gmt":"2019-01-24T18:36:50","guid":{"rendered":"http:\/\/agora.xtec.cat\/ceipsantacreudecalafell\/?p=1273"},"modified":"2019-01-24T19:36:50","modified_gmt":"2019-01-24T18:36:50","slug":"voleu-coneixer-com-podem-fomentar-lhabit-lector","status":"publish","type":"post","link":"https:\/\/agora.xtec.cat\/ceipsantacreudecalafell\/general\/voleu-coneixer-com-podem-fomentar-lhabit-lector\/","title":{"rendered":"Voleu con\u00e8ixer com podem fomentar l&#8217;h\u00e0bit lector?"},"content":{"rendered":"<p style=\"text-align: center;\"><strong>L\u2019IMPULS DE LA LECTURA, UNA ESTRAT\u00c8GIA PER A L\u2019\u00c8XIT ESCOLAR<\/strong><\/p>\n<p>10 idees, <u>adre\u00e7ades a les fam\u00edlies<\/u>, per animar als fills a descobrir el plaer de la lectura:<\/p>\n<ol>\n<li style=\"text-align: justify;\"><strong>Que et vegin llegir<\/strong>. El teu exemple \u00e9s molt important. Els fills aprenen imitant-te.<a href=\"https:\/\/agora.xtec.cat\/ceipsantacreudecalafell\/wp-content\/uploads\/usu1567\/2019\/01\/ninos-felices-leyendo-libro-imaginativo_23-2147533259.jpg\"><img loading=\"lazy\" decoding=\"async\" class=\" wp-image-1254 alignright\" src=\"https:\/\/agora.xtec.cat\/ceipsantacreudecalafell\/wp-content\/uploads\/usu1567\/2019\/01\/ninos-felices-leyendo-libro-imaginativo_23-2147533259.jpg\" alt=\"\" width=\"248\" height=\"229\" \/><\/a><\/li>\n<li style=\"text-align: justify;\">Crea&#8217;ls un <strong>espai a la sala de casa<\/strong>. La seva biblioteca, amb els seus llibres i la seva petita butaca.<\/li>\n<li style=\"text-align: justify;\">Fes-los el <strong>carnet de la biblioteca<\/strong>. Gaudiu junts d&#8217;una estona a la biblioteca cada setmana, participeu en les activitats, sentiu-vos encuriosits, escolliu llibres&#8230;<\/li>\n<li style=\"text-align: justify;\">No facis de la lectura un c\u00e0stig o una obligaci\u00f3. Ha de ser una <strong>activitat entretinguda, una diversi\u00f3<\/strong>.<\/li>\n<li style=\"text-align: justify;\"><strong>Llegiu junts de manera habitual<\/strong>. Una estona de lectura amb ells, abans d&#8217;anar a dormir, per exemple, els crea vincles afectius amb tu i amb els llibres.<\/li>\n<li style=\"text-align: justify;\"><strong>Regala&#8217;ls un llibre<\/strong>. N\u2019hi ha de tota mena i per a tots els gustos.<\/li>\n<li style=\"text-align: justify;\"><strong>Recupera els llibres de la teva infantesa<\/strong> i prova de compartir-los amb ells. Gaudiu d&#8217;una tarda de descobriment de tresors.<\/li>\n<li style=\"text-align: justify;\"><strong>Llegir no \u00e9s un acte seri\u00f3s<\/strong>. Desperta el seu inter\u00e8s llegint en veu alta, cantant, jugant, interpretant o fent disfresses&#8230;<\/li>\n<li style=\"text-align: justify;\"><strong>Visiteu llibreries junts<\/strong>. Deixa que mirin, toquin i escullin llibres que els agradin.<\/li>\n<li style=\"text-align: justify;\"><strong>Fomenta la lectura a trav\u00e9s dels jocs<\/strong>. Compartiu experi\u00e8ncies que incloguin llegir, dibuixar, escriure o lletrejar.<\/li>\n<\/ol>\n<p><a href=\"https:\/\/agora.xtec.cat\/ceipsantacreudecalafell\/wp-content\/uploads\/usu1567\/2019\/01\/piramide_primaria_430x304.png\"><img loading=\"lazy\" decoding=\"async\" class=\" wp-image-1275 aligncenter\" src=\"https:\/\/agora.xtec.cat\/ceipsantacreudecalafell\/wp-content\/uploads\/usu1567\/2019\/01\/piramide_primaria_430x304.png\" alt=\"\" width=\"356\" height=\"252\" \/><\/a><\/p>\n<p>Podeu llegir el document complert a:<\/p>\n<p><u><a href=\"http:\/\/xtec.gencat.cat\/ca\/projectes\/lectura\/impulslectura\/einesprof\/piramide\/\">http:\/\/xtec.gencat.cat\/ca\/projectes\/lectura\/impulslectura\/einesprof\/piramide\/<\/a><\/u><\/p>\n<p>&nbsp;<\/p>\n","protected":false},"excerpt":{"rendered":"<p>L\u2019IMPULS DE LA LECTURA, UNA ESTRAT\u00c8GIA PER A L\u2019\u00c8XIT ESCOLAR 10 idees, adre\u00e7ades a les fam\u00edlies, per animar als fills a descobrir el plaer de la lectura: Que et vegin llegir. El teu exemple \u00e9s molt important. Els fills aprenen imitant-te. Crea&#8217;ls un espai a la sala de casa. La seva biblioteca, amb els seus [&hellip;]<\/p>\n","protected":false},"author":1,"featured_media":0,"comment_status":"open","ping_status":"closed","sticky":true,"template":"","format":"standard","meta":{"_bbp_topic_count":0,"_bbp_reply_count":0,"_bbp_total_topic_count":0,"_bbp_total_reply_count":0,"_bbp_voice_count":0,"_bbp_anonymous_reply_count":0,"_bbp_topic_count_hidden":0,"_bbp_reply_count_hidden":0,"_bbp_forum_subforum_count":0,"site-sidebar-layout":"default","site-content-layout":"","ast-site-content-layout":"","site-content-style":"default","site-sidebar-style":"default","ast-global-header-display":"","ast-banner-title-visibility":"","ast-main-header-display":"","ast-hfb-above-header-display":"","ast-hfb-below-header-display":"","ast-hfb-mobile-header-display":"","site-post-title":"","ast-breadcrumbs-content":"","ast-featured-img":"","footer-sml-layout":"","theme-transparent-header-meta":"","adv-header-id-meta":"","stick-header-meta":"","header-above-stick-meta":"","header-main-stick-meta":"","header-below-stick-meta":"","astra-migrate-meta-layouts":"default","ast-page-background-enabled":"default","ast-page-background-meta":{"desktop":{"background-color":"var(--ast-global-color-4)","background-image":"","background-repeat":"repeat","background-position":"center center","background-size":"auto","background-attachment":"scroll","background-type":"","background-media":"","overlay-type":"","overlay-color":"","overlay-opacity":"","overlay-gradient":""},"tablet":{"background-color":"","background-image":"","background-repeat":"repeat","background-position":"center center","background-size":"auto","background-attachment":"scroll","background-type":"","background-media":"","overlay-type":"","overlay-color":"","overlay-opacity":"","overlay-gradient":""},"mobile":{"background-color":"","background-image":"","background-repeat":"repeat","background-position":"center center","background-size":"auto","background-attachment":"scroll","background-type":"","background-media":"","overlay-type":"","overlay-color":"","overlay-opacity":"","overlay-gradient":""}},"ast-content-background-meta":{"desktop":{"background-color":"var(--ast-global-color-5)","background-image":"","background-repeat":"repeat","background-position":"center center","background-size":"auto","background-attachment":"scroll","background-type":"","background-media":"","overlay-type":"","overlay-color":"","overlay-opacity":"","overlay-gradient":""},"tablet":{"background-color":"var(--ast-global-color-5)","background-image":"","background-repeat":"repeat","background-position":"center center","background-size":"auto","background-attachment":"scroll","background-type":"","background-media":"","overlay-type":"","overlay-color":"","overlay-opacity":"","overlay-gradient":""},"mobile":{"background-color":"var(--ast-global-color-5)","background-image":"","background-repeat":"repeat","background-position":"center center","background-size":"auto","background-attachment":"scroll","background-type":"","background-media":"","overlay-type":"","overlay-color":"","overlay-opacity":"","overlay-gradient":""}},"footnotes":""},"categories":[91,1,102,2,4,5],"tags":[117],"class_list":["post-1273","post","type-post","status-publish","format-standard","hentry","category-biblioteca","category-general","category-habit-lector","category-infantil","category-portada","category-primaria","tag-fomentar-la-lectura"],"post_mailing_queue_ids":[],"_links":{"self":[{"href":"https:\/\/agora.xtec.cat\/ceipsantacreudecalafell\/wp-json\/wp\/v2\/posts\/1273","targetHints":{"allow":["GET"]}}],"collection":[{"href":"https:\/\/agora.xtec.cat\/ceipsantacreudecalafell\/wp-json\/wp\/v2\/posts"}],"about":[{"href":"https:\/\/agora.xtec.cat\/ceipsantacreudecalafell\/wp-json\/wp\/v2\/types\/post"}],"author":[{"embeddable":true,"href":"https:\/\/agora.xtec.cat\/ceipsantacreudecalafell\/wp-json\/wp\/v2\/users\/1"}],"replies":[{"embeddable":true,"href":"https:\/\/agora.xtec.cat\/ceipsantacreudecalafell\/wp-json\/wp\/v2\/comments?post=1273"}],"version-history":[{"count":2,"href":"https:\/\/agora.xtec.cat\/ceipsantacreudecalafell\/wp-json\/wp\/v2\/posts\/1273\/revisions"}],"predecessor-version":[{"id":1276,"href":"https:\/\/agora.xtec.cat\/ceipsantacreudecalafell\/wp-json\/wp\/v2\/posts\/1273\/revisions\/1276"}],"wp:attachment":[{"href":"https:\/\/agora.xtec.cat\/ceipsantacreudecalafell\/wp-json\/wp\/v2\/media?parent=1273"}],"wp:term":[{"taxonomy":"category","embeddable":true,"href":"https:\/\/agora.xtec.cat\/ceipsantacreudecalafell\/wp-json\/wp\/v2\/categories?post=1273"},{"taxonomy":"post_tag","embeddable":true,"href":"https:\/\/agora.xtec.cat\/ceipsantacreudecalafell\/wp-json\/wp\/v2\/tags?post=1273"}],"curies":[{"name":"wp","href":"https:\/\/api.w.org\/{rel}","templated":true}]}}