{"id":1116,"date":"2019-01-09T09:00:38","date_gmt":"2019-01-09T08:00:38","guid":{"rendered":"http:\/\/agora.xtec.cat\/ceipsantacreudecalafell\/?p=1116"},"modified":"2019-01-13T09:13:02","modified_gmt":"2019-01-13T08:13:02","slug":"benvinguts-a-la-nostra-biblioteca","status":"publish","type":"post","link":"https:\/\/agora.xtec.cat\/ceipsantacreudecalafell\/biblioteca\/benvinguts-a-la-nostra-biblioteca\/","title":{"rendered":"Voleu con\u00e8ixer la nostra Biblioteca? Passeu, passeu&#8230;"},"content":{"rendered":"<p style=\"text-align: justify;\">Per a totes les persones que estimen els llibres i la lectura, per a passar-ho b\u00e9 i per a aprendre!!<br \/>\nL&#8217;objectiu \u00e9s donar a <strong>con\u00e8ixer les diferents activitats que es porten a terme a la nostra biblioteca<\/strong>. Com tamb\u00e9 <strong>fer difusi\u00f3 de bones pr\u00e0ctiques<\/strong>.<\/p>\n<p><a href=\"http:\/\/agora.xtec.cat\/ceipsantacreudecalafell\/wp-content\/uploads\/usu1567\/2016\/11\/Biblioteca-2.jpg\"><img loading=\"lazy\" decoding=\"async\" class=\"size-full wp-image-650 aligncenter\" src=\"http:\/\/agora.xtec.cat\/ceipsantacreudecalafell\/wp-content\/uploads\/usu1567\/2016\/11\/Biblioteca-2.jpg\" alt=\"biblioteca-2\" width=\"200\" height=\"150\" \/><\/a>\u00a0 \u00a0 \u00a0 \u00a0 \u00a0\u00a0 \u00a0 \u00a0 \u00a0 \u00a0 \u00a0 \u00a0 \u00a0\u00a0<a href=\"http:\/\/agora.xtec.cat\/ceipsantacreudecalafell\/wp-content\/uploads\/usu1567\/2016\/11\/bibioteca-1.jpg\"><img loading=\"lazy\" decoding=\"async\" class=\"size-large wp-image-651 aligncenter\" src=\"http:\/\/agora.xtec.cat\/ceipsantacreudecalafell\/wp-content\/uploads\/usu1567\/2016\/11\/bibioteca-1.jpg\" alt=\"bibioteca-1\" width=\"200\" height=\"150\" \/><\/a><\/p>\n<p><strong>Qu\u00e8 oferim aquest curs?<\/strong> Aqu\u00ed teniu algunes de les <strong>novetats<\/strong> que tenim per aquest curs:<\/p>\n<ul>\n<li>Formaci\u00f3 d\u2019usuaris (Cicle Mitj\u00e0 i Cicle Superior).<\/li>\n<li>Ajudants de biblioteca (grups de 6\u00e8).<\/li>\n<li>Exposicions tem\u00e0tiques (Educaci\u00f3 Prim\u00e0ria).<\/li>\n<li>Visita d\u2019autor (Cicle Superior i 2n de Prim\u00e0ria).<\/li>\n<li>El bibliopati (adre\u00e7at a alumnes de Cicle Mitj\u00e0 i Cicle Superior).<\/li>\n<li>Recomanacions de llibres per part dels alumnes.<\/li>\n<li>Exposicions a la Biblioteca per refor\u00e7ar les diferents tipologies textuals.<\/li>\n<li>Els padrins de lectura (alumnes de 1r amb 5\u00e8).<\/li>\n<li>Jornades de jocs cooperatius, estrat\u00e8gics i matem\u00e0tics.<\/li>\n<li>Les maletes viatgeres per a P5 i 3r.<\/li>\n<li>Animaci\u00f3 lectora a partir dels contes (contes en angl\u00e8s, per part de les Editorials, per part de les fam\u00edlies volunt\u00e0ries, obra de teatre&#8230;).<\/li>\n<li>La gimcana de lleng\u00fces (Cicle Mitj\u00e0 i Cicle Superior).<\/li>\n<li>Augmentar les visites dels usuaris posant a l\u2019abast materials atractius als alumnes i facilitar als tutors un espai de lectura amb materials motivadors.<\/li>\n<li>El certamen de Sant Jordi. Exposici\u00f3 d\u2019una obre de teatre a c\u00e0rrec dels alumnes ajudants de Biblioteca, \u201cSant Jordi, la hist\u00f2ria explicada pel Drac\u201d<\/li>\n<li>El Cab\u00e0s dels contes (Educaci\u00f3 Infantil i Cicle Inicial)<\/li>\n<li>La maleta tem\u00e0tica (Cicle Mitj\u00e0 i Cicle Superior).<\/li>\n<\/ul>\n","protected":false},"excerpt":{"rendered":"<p>Per a totes les persones que estimen els llibres i la lectura, per a passar-ho b\u00e9 i per a aprendre!! L&#8217;objectiu \u00e9s donar a con\u00e8ixer les diferents activitats que es porten a terme a la nostra biblioteca. Com tamb\u00e9 fer difusi\u00f3 de bones pr\u00e0ctiques. \u00a0 \u00a0 \u00a0 \u00a0 \u00a0\u00a0 \u00a0 \u00a0 \u00a0 \u00a0 \u00a0 \u00a0 [&hellip;]<\/p>\n","protected":false},"author":1,"featured_media":0,"comment_status":"open","ping_status":"closed","sticky":true,"template":"","format":"standard","meta":{"_bbp_topic_count":0,"_bbp_reply_count":0,"_bbp_total_topic_count":0,"_bbp_total_reply_count":0,"_bbp_voice_count":0,"_bbp_anonymous_reply_count":0,"_bbp_topic_count_hidden":0,"_bbp_reply_count_hidden":0,"_bbp_forum_subforum_count":0,"site-sidebar-layout":"default","site-content-layout":"","ast-site-content-layout":"","site-content-style":"default","site-sidebar-style":"default","ast-global-header-display":"","ast-banner-title-visibility":"","ast-main-header-display":"","ast-hfb-above-header-display":"","ast-hfb-below-header-display":"","ast-hfb-mobile-header-display":"","site-post-title":"","ast-breadcrumbs-content":"","ast-featured-img":"","footer-sml-layout":"","theme-transparent-header-meta":"","adv-header-id-meta":"","stick-header-meta":"","header-above-stick-meta":"","header-main-stick-meta":"","header-below-stick-meta":"","astra-migrate-meta-layouts":"default","ast-page-background-enabled":"default","ast-page-background-meta":{"desktop":{"background-color":"var(--ast-global-color-4)","background-image":"","background-repeat":"repeat","background-position":"center center","background-size":"auto","background-attachment":"scroll","background-type":"","background-media":"","overlay-type":"","overlay-color":"","overlay-opacity":"","overlay-gradient":""},"tablet":{"background-color":"","background-image":"","background-repeat":"repeat","background-position":"center center","background-size":"auto","background-attachment":"scroll","background-type":"","background-media":"","overlay-type":"","overlay-color":"","overlay-opacity":"","overlay-gradient":""},"mobile":{"background-color":"","background-image":"","background-repeat":"repeat","background-position":"center center","background-size":"auto","background-attachment":"scroll","background-type":"","background-media":"","overlay-type":"","overlay-color":"","overlay-opacity":"","overlay-gradient":""}},"ast-content-background-meta":{"desktop":{"background-color":"var(--ast-global-color-5)","background-image":"","background-repeat":"repeat","background-position":"center center","background-size":"auto","background-attachment":"scroll","background-type":"","background-media":"","overlay-type":"","overlay-color":"","overlay-opacity":"","overlay-gradient":""},"tablet":{"background-color":"var(--ast-global-color-5)","background-image":"","background-repeat":"repeat","background-position":"center center","background-size":"auto","background-attachment":"scroll","background-type":"","background-media":"","overlay-type":"","overlay-color":"","overlay-opacity":"","overlay-gradient":""},"mobile":{"background-color":"var(--ast-global-color-5)","background-image":"","background-repeat":"repeat","background-position":"center center","background-size":"auto","background-attachment":"scroll","background-type":"","background-media":"","overlay-type":"","overlay-color":"","overlay-opacity":"","overlay-gradient":""}},"footnotes":""},"categories":[91],"tags":[114],"class_list":["post-1116","post","type-post","status-publish","format-standard","hentry","category-biblioteca","tag-novetats"],"post_mailing_queue_ids":[],"_links":{"self":[{"href":"https:\/\/agora.xtec.cat\/ceipsantacreudecalafell\/wp-json\/wp\/v2\/posts\/1116","targetHints":{"allow":["GET"]}}],"collection":[{"href":"https:\/\/agora.xtec.cat\/ceipsantacreudecalafell\/wp-json\/wp\/v2\/posts"}],"about":[{"href":"https:\/\/agora.xtec.cat\/ceipsantacreudecalafell\/wp-json\/wp\/v2\/types\/post"}],"author":[{"embeddable":true,"href":"https:\/\/agora.xtec.cat\/ceipsantacreudecalafell\/wp-json\/wp\/v2\/users\/1"}],"replies":[{"embeddable":true,"href":"https:\/\/agora.xtec.cat\/ceipsantacreudecalafell\/wp-json\/wp\/v2\/comments?post=1116"}],"version-history":[{"count":3,"href":"https:\/\/agora.xtec.cat\/ceipsantacreudecalafell\/wp-json\/wp\/v2\/posts\/1116\/revisions"}],"predecessor-version":[{"id":1250,"href":"https:\/\/agora.xtec.cat\/ceipsantacreudecalafell\/wp-json\/wp\/v2\/posts\/1116\/revisions\/1250"}],"wp:attachment":[{"href":"https:\/\/agora.xtec.cat\/ceipsantacreudecalafell\/wp-json\/wp\/v2\/media?parent=1116"}],"wp:term":[{"taxonomy":"category","embeddable":true,"href":"https:\/\/agora.xtec.cat\/ceipsantacreudecalafell\/wp-json\/wp\/v2\/categories?post=1116"},{"taxonomy":"post_tag","embeddable":true,"href":"https:\/\/agora.xtec.cat\/ceipsantacreudecalafell\/wp-json\/wp\/v2\/tags?post=1116"}],"curies":[{"name":"wp","href":"https:\/\/api.w.org\/{rel}","templated":true}]}}