{"id":9344,"date":"2020-09-25T11:35:37","date_gmt":"2020-09-25T09:35:37","guid":{"rendered":"http:\/\/agora.xtec.cat\/ceipsalvadorvinyals\/?p=9344"},"modified":"2020-09-25T11:37:10","modified_gmt":"2020-09-25T09:37:10","slug":"els-nens-i-nenes-de-segon-tornem-a-lescola","status":"publish","type":"post","link":"https:\/\/agora.xtec.cat\/ceipsalvadorvinyals\/portada\/els-nens-i-nenes-de-segon-tornem-a-lescola\/","title":{"rendered":"ELS NENS I NENES DE SEGON TORNEM A L&#8217;ESCOLA!"},"content":{"rendered":"<h1 style=\"text-align: center;\"><span style=\"color: #ff00ff;\">ELS<\/span><span style=\"color: #33cccc;\"> PRIMERS <\/span><span style=\"color: #00ccff;\">DIES<\/span> <span style=\"color: #ff0000;\">D&#8217;ESCOLA<\/span> <span style=\"color: #ffff00;\">DE<\/span> <span style=\"color: #cc99ff;\">LA<\/span> <span style=\"color: #993300;\">CLASSE<\/span> DELS <span style=\"color: #993366;\">PIRATES<\/span><\/h1>\n<p>&nbsp;<\/p>\n<p>Aquests primers dies d&#8217;escola la classe de segon (Els pirates) hem:<\/p>\n<figure id=\"attachment_9348\" aria-describedby=\"caption-attachment-9348\" style=\"width: 640px\" class=\"wp-caption alignnone\"><img loading=\"lazy\" decoding=\"async\" class=\"size-full wp-image-9348\" src=\"https:\/\/agora.xtec.cat\/ceipsalvadorvinyals\/wp-content\/uploads\/usu1905\/2020\/09\/IMG-3983.jpg\" alt=\"\" width=\"640\" height=\"480\" \/><figcaption id=\"caption-attachment-9348\" class=\"wp-caption-text\">Els nens i les nenes de la classe dels pirates s&#8217;ensenyen les coses que han portat de casa.<\/figcaption><\/figure>\n<p>&nbsp;<\/p>\n<figure id=\"attachment_9349\" aria-describedby=\"caption-attachment-9349\" style=\"width: 640px\" class=\"wp-caption alignnone\"><img loading=\"lazy\" decoding=\"async\" class=\"size-full wp-image-9349\" src=\"https:\/\/agora.xtec.cat\/ceipsalvadorvinyals\/wp-content\/uploads\/usu1905\/2020\/09\/IMG-3988.jpg\" alt=\"\" width=\"640\" height=\"480\" srcset=\"https:\/\/agora.xtec.cat\/ceipsalvadorvinyals\/wp-content\/uploads\/usu1905\/2020\/09\/IMG-3988.jpg 640w, https:\/\/agora.xtec.cat\/ceipsalvadorvinyals\/wp-content\/uploads\/usu1905\/2020\/09\/IMG-3988-300x225.jpg 300w, https:\/\/agora.xtec.cat\/ceipsalvadorvinyals\/wp-content\/uploads\/usu1905\/2020\/09\/IMG-3988-200x150.jpg 200w\" sizes=\"auto, (max-width: 640px) 100vw, 640px\" \/><figcaption id=\"caption-attachment-9349\" class=\"wp-caption-text\">Els nens i les nenes de la classe dels pirates juguen a futbol a l&#8217;estona del pati.<\/figcaption><\/figure>\n<p>&nbsp;<\/p>\n<figure id=\"attachment_9351\" aria-describedby=\"caption-attachment-9351\" style=\"width: 640px\" class=\"wp-caption alignnone\"><img loading=\"lazy\" decoding=\"async\" class=\"size-full wp-image-9351\" src=\"https:\/\/agora.xtec.cat\/ceipsalvadorvinyals\/wp-content\/uploads\/usu1905\/2020\/09\/IMG-3989.jpg\" alt=\"\" width=\"640\" height=\"480\" srcset=\"https:\/\/agora.xtec.cat\/ceipsalvadorvinyals\/wp-content\/uploads\/usu1905\/2020\/09\/IMG-3989.jpg 640w, https:\/\/agora.xtec.cat\/ceipsalvadorvinyals\/wp-content\/uploads\/usu1905\/2020\/09\/IMG-3989-300x225.jpg 300w, https:\/\/agora.xtec.cat\/ceipsalvadorvinyals\/wp-content\/uploads\/usu1905\/2020\/09\/IMG-3989-200x150.jpg 200w\" sizes=\"auto, (max-width: 640px) 100vw, 640px\" \/><figcaption id=\"caption-attachment-9351\" class=\"wp-caption-text\">Els nens i les nenes de la classe dels pirates aprenen on \u00e9s la m\u00e0 dreta i la m\u00e0 esquerra.<\/figcaption><\/figure>\n<p><img loading=\"lazy\" decoding=\"async\" class=\"alignnone size-large wp-image-9352\" src=\"https:\/\/agora.xtec.cat\/ceipsalvadorvinyals\/wp-content\/uploads\/usu1905\/2020\/09\/IMG-3991.jpg\" alt=\"\" width=\"640\" height=\"480\" srcset=\"https:\/\/agora.xtec.cat\/ceipsalvadorvinyals\/wp-content\/uploads\/usu1905\/2020\/09\/IMG-3991.jpg 640w, https:\/\/agora.xtec.cat\/ceipsalvadorvinyals\/wp-content\/uploads\/usu1905\/2020\/09\/IMG-3991-300x225.jpg 300w, https:\/\/agora.xtec.cat\/ceipsalvadorvinyals\/wp-content\/uploads\/usu1905\/2020\/09\/IMG-3991-200x150.jpg 200w\" sizes=\"auto, (max-width: 640px) 100vw, 640px\" \/><\/p>\n<ul>\n<li style=\"text-align: center;\">Apr\u00e8s a rentar les mans.<\/li>\n<li style=\"text-align: center;\">Dibuixar i apr\u00e8s on est\u00e0 la dreta i la esquerra.<\/li>\n<li style=\"text-align: center;\">Fet servir les tablets.<\/li>\n<li style=\"text-align: center;\">Cantat a m\u00fasica.<\/li>\n<li style=\"text-align: center;\">The numbers.<\/li>\n<\/ul>\n<h2 style=\"text-align: center;\"><span style=\"color: #ffcc00;\"><strong>ESTEM MOLT CONTENTS!!<\/strong><\/span><\/h2>\n","protected":false},"excerpt":{"rendered":"<p>ELS PRIMERS DIES D&#8217;ESCOLA DE LA CLASSE DELS PIRATES &nbsp; Aquests primers dies d&#8217;escola la classe de segon (Els pirates) hem: &nbsp; &nbsp; Apr\u00e8s a rentar les mans. Dibuixar i apr\u00e8s on est\u00e0 la dreta i la esquerra. Fet servir les tablets. Cantat a m\u00fasica. The numbers. ESTEM MOLT CONTENTS!!<\/p>\n","protected":false},"author":15,"featured_media":0,"comment_status":"open","ping_status":"closed","sticky":false,"template":"","format":"standard","meta":{"_bbp_topic_count":0,"_bbp_reply_count":0,"_bbp_total_topic_count":0,"_bbp_total_reply_count":0,"_bbp_voice_count":0,"_bbp_anonymous_reply_count":0,"_bbp_topic_count_hidden":0,"_bbp_reply_count_hidden":0,"_bbp_forum_subforum_count":0,"site-sidebar-layout":"default","site-content-layout":"","ast-site-content-layout":"","site-content-style":"default","site-sidebar-style":"default","ast-global-header-display":"","ast-banner-title-visibility":"","ast-main-header-display":"","ast-hfb-above-header-display":"","ast-hfb-below-header-display":"","ast-hfb-mobile-header-display":"","site-post-title":"","ast-breadcrumbs-content":"","ast-featured-img":"","footer-sml-layout":"","theme-transparent-header-meta":"","adv-header-id-meta":"","stick-header-meta":"","header-above-stick-meta":"","header-main-stick-meta":"","header-below-stick-meta":"","astra-migrate-meta-layouts":"default","ast-page-background-enabled":"default","ast-page-background-meta":{"desktop":{"background-color":"var(--ast-global-color-4)","background-image":"","background-repeat":"repeat","background-position":"center center","background-size":"auto","background-attachment":"scroll","background-type":"","background-media":"","overlay-type":"","overlay-color":"","overlay-opacity":"","overlay-gradient":""},"tablet":{"background-color":"","background-image":"","background-repeat":"repeat","background-position":"center center","background-size":"auto","background-attachment":"scroll","background-type":"","background-media":"","overlay-type":"","overlay-color":"","overlay-opacity":"","overlay-gradient":""},"mobile":{"background-color":"","background-image":"","background-repeat":"repeat","background-position":"center center","background-size":"auto","background-attachment":"scroll","background-type":"","background-media":"","overlay-type":"","overlay-color":"","overlay-opacity":"","overlay-gradient":""}},"ast-content-background-meta":{"desktop":{"background-color":"var(--ast-global-color-5)","background-image":"","background-repeat":"repeat","background-position":"center center","background-size":"auto","background-attachment":"scroll","background-type":"","background-media":"","overlay-type":"","overlay-color":"","overlay-opacity":"","overlay-gradient":""},"tablet":{"background-color":"var(--ast-global-color-5)","background-image":"","background-repeat":"repeat","background-position":"center center","background-size":"auto","background-attachment":"scroll","background-type":"","background-media":"","overlay-type":"","overlay-color":"","overlay-opacity":"","overlay-gradient":""},"mobile":{"background-color":"var(--ast-global-color-5)","background-image":"","background-repeat":"repeat","background-position":"center center","background-size":"auto","background-attachment":"scroll","background-type":"","background-media":"","overlay-type":"","overlay-color":"","overlay-opacity":"","overlay-gradient":""}},"footnotes":""},"categories":[11,4],"tags":[],"class_list":["post-9344","post","type-post","status-publish","format-standard","hentry","category-2n","category-portada"],"post_mailing_queue_ids":[],"_links":{"self":[{"href":"https:\/\/agora.xtec.cat\/ceipsalvadorvinyals\/wp-json\/wp\/v2\/posts\/9344","targetHints":{"allow":["GET"]}}],"collection":[{"href":"https:\/\/agora.xtec.cat\/ceipsalvadorvinyals\/wp-json\/wp\/v2\/posts"}],"about":[{"href":"https:\/\/agora.xtec.cat\/ceipsalvadorvinyals\/wp-json\/wp\/v2\/types\/post"}],"author":[{"embeddable":true,"href":"https:\/\/agora.xtec.cat\/ceipsalvadorvinyals\/wp-json\/wp\/v2\/users\/15"}],"replies":[{"embeddable":true,"href":"https:\/\/agora.xtec.cat\/ceipsalvadorvinyals\/wp-json\/wp\/v2\/comments?post=9344"}],"version-history":[{"count":4,"href":"https:\/\/agora.xtec.cat\/ceipsalvadorvinyals\/wp-json\/wp\/v2\/posts\/9344\/revisions"}],"predecessor-version":[{"id":9357,"href":"https:\/\/agora.xtec.cat\/ceipsalvadorvinyals\/wp-json\/wp\/v2\/posts\/9344\/revisions\/9357"}],"wp:attachment":[{"href":"https:\/\/agora.xtec.cat\/ceipsalvadorvinyals\/wp-json\/wp\/v2\/media?parent=9344"}],"wp:term":[{"taxonomy":"category","embeddable":true,"href":"https:\/\/agora.xtec.cat\/ceipsalvadorvinyals\/wp-json\/wp\/v2\/categories?post=9344"},{"taxonomy":"post_tag","embeddable":true,"href":"https:\/\/agora.xtec.cat\/ceipsalvadorvinyals\/wp-json\/wp\/v2\/tags?post=9344"}],"curies":[{"name":"wp","href":"https:\/\/api.w.org\/{rel}","templated":true}]}}