{"id":1532,"date":"2019-01-17T14:06:51","date_gmt":"2019-01-17T13:06:51","guid":{"rendered":"http:\/\/agora.xtec.cat\/ceipsalvadorvinyals\/?p=1532"},"modified":"2019-01-17T14:06:51","modified_gmt":"2019-01-17T13:06:51","slug":"identifiquem-sons-diferents-a-1r","status":"publish","type":"post","link":"https:\/\/agora.xtec.cat\/ceipsalvadorvinyals\/general\/identifiquem-sons-diferents-a-1r\/","title":{"rendered":"Identifiquem sons diferents a 1r"},"content":{"rendered":"<p>Els nens i nenes de la classe de 1r, Els colors, hem fet un joc molt divertir durant l\u2019estona de m\u00fasica: tir\u00e0vem una baldufa amb uns dibuixos de sons diferents, despr\u00e9s hav\u00edem de trobar aquest sons en unes capsetes sense mirar el dibuix.<\/p>\n<p>Ha sigut f\u00e0cil, per\u00f2 el proper dia ser\u00e0 una mica m\u00e9s dif\u00edcil per que hi haur\u00e0 m\u00e9s caixetes!!<\/p>\n<div id='gallery-1' class='gallery galleryid-1532 gallery-columns-3 gallery-size-medium'><figure class='gallery-item'>\n\t\t\t<div class='gallery-icon landscape'>\n\t\t\t\t<a href='https:\/\/agora.xtec.cat\/ceipsalvadorvinyals\/general\/identifiquem-sons-diferents-a-1r\/attachment\/identificacio-de-sons-5\/'><img loading=\"lazy\" decoding=\"async\" width=\"300\" height=\"225\" src=\"https:\/\/agora.xtec.cat\/ceipsalvadorvinyals\/wp-content\/uploads\/usu1905\/2019\/01\/Identificaci\u00f3-de-sons-5-300x225.jpg\" class=\"attachment-medium size-medium\" alt=\"\" srcset=\"https:\/\/agora.xtec.cat\/ceipsalvadorvinyals\/wp-content\/uploads\/usu1905\/2019\/01\/Identificaci\u00f3-de-sons-5-300x225.jpg 300w, https:\/\/agora.xtec.cat\/ceipsalvadorvinyals\/wp-content\/uploads\/usu1905\/2019\/01\/Identificaci\u00f3-de-sons-5-768x576.jpg 768w, https:\/\/agora.xtec.cat\/ceipsalvadorvinyals\/wp-content\/uploads\/usu1905\/2019\/01\/Identificaci\u00f3-de-sons-5-200x150.jpg 200w, https:\/\/agora.xtec.cat\/ceipsalvadorvinyals\/wp-content\/uploads\/usu1905\/2019\/01\/Identificaci\u00f3-de-sons-5.jpg 853w\" sizes=\"auto, (max-width: 300px) 100vw, 300px\" \/><\/a>\n\t\t\t<\/div><\/figure><figure class='gallery-item'>\n\t\t\t<div class='gallery-icon landscape'>\n\t\t\t\t<a href='https:\/\/agora.xtec.cat\/ceipsalvadorvinyals\/general\/identifiquem-sons-diferents-a-1r\/attachment\/identificacio-de-sons-13\/'><img loading=\"lazy\" decoding=\"async\" width=\"300\" height=\"225\" src=\"https:\/\/agora.xtec.cat\/ceipsalvadorvinyals\/wp-content\/uploads\/usu1905\/2019\/01\/Identificaci\u00f3-de-sons-13-300x225.jpg\" class=\"attachment-medium size-medium\" alt=\"\" srcset=\"https:\/\/agora.xtec.cat\/ceipsalvadorvinyals\/wp-content\/uploads\/usu1905\/2019\/01\/Identificaci\u00f3-de-sons-13-300x225.jpg 300w, https:\/\/agora.xtec.cat\/ceipsalvadorvinyals\/wp-content\/uploads\/usu1905\/2019\/01\/Identificaci\u00f3-de-sons-13-768x576.jpg 768w, https:\/\/agora.xtec.cat\/ceipsalvadorvinyals\/wp-content\/uploads\/usu1905\/2019\/01\/Identificaci\u00f3-de-sons-13-200x150.jpg 200w, https:\/\/agora.xtec.cat\/ceipsalvadorvinyals\/wp-content\/uploads\/usu1905\/2019\/01\/Identificaci\u00f3-de-sons-13.jpg 853w\" sizes=\"auto, (max-width: 300px) 100vw, 300px\" \/><\/a>\n\t\t\t<\/div><\/figure><figure class='gallery-item'>\n\t\t\t<div class='gallery-icon landscape'>\n\t\t\t\t<a href='https:\/\/agora.xtec.cat\/ceipsalvadorvinyals\/general\/identifiquem-sons-diferents-a-1r\/attachment\/identificacio-de-sons-19\/'><img loading=\"lazy\" decoding=\"async\" width=\"300\" height=\"225\" src=\"https:\/\/agora.xtec.cat\/ceipsalvadorvinyals\/wp-content\/uploads\/usu1905\/2019\/01\/Identificaci\u00f3-de-sons-19-300x225.jpg\" class=\"attachment-medium size-medium\" alt=\"\" srcset=\"https:\/\/agora.xtec.cat\/ceipsalvadorvinyals\/wp-content\/uploads\/usu1905\/2019\/01\/Identificaci\u00f3-de-sons-19-300x225.jpg 300w, https:\/\/agora.xtec.cat\/ceipsalvadorvinyals\/wp-content\/uploads\/usu1905\/2019\/01\/Identificaci\u00f3-de-sons-19-768x576.jpg 768w, https:\/\/agora.xtec.cat\/ceipsalvadorvinyals\/wp-content\/uploads\/usu1905\/2019\/01\/Identificaci\u00f3-de-sons-19-200x150.jpg 200w, https:\/\/agora.xtec.cat\/ceipsalvadorvinyals\/wp-content\/uploads\/usu1905\/2019\/01\/Identificaci\u00f3-de-sons-19.jpg 853w\" sizes=\"auto, (max-width: 300px) 100vw, 300px\" \/><\/a>\n\t\t\t<\/div><\/figure>\n\t\t<\/div>\n\n","protected":false},"excerpt":{"rendered":"<p>Tir\u00e0vem una baldufa amb uns dibuixos de sons diferents, despr\u00e9s hav\u00edem de trobar aquest sons en unes capsetes sense mirar el dibuix.<\/p>\n","protected":false},"author":1,"featured_media":0,"comment_status":"closed","ping_status":"closed","sticky":false,"template":"","format":"standard","meta":{"_bbp_topic_count":0,"_bbp_reply_count":0,"_bbp_total_topic_count":0,"_bbp_total_reply_count":0,"_bbp_voice_count":0,"_bbp_anonymous_reply_count":0,"_bbp_topic_count_hidden":0,"_bbp_reply_count_hidden":0,"_bbp_forum_subforum_count":0,"site-sidebar-layout":"default","site-content-layout":"","ast-site-content-layout":"","site-content-style":"default","site-sidebar-style":"default","ast-global-header-display":"","ast-banner-title-visibility":"","ast-main-header-display":"","ast-hfb-above-header-display":"","ast-hfb-below-header-display":"","ast-hfb-mobile-header-display":"","site-post-title":"","ast-breadcrumbs-content":"","ast-featured-img":"","footer-sml-layout":"","theme-transparent-header-meta":"","adv-header-id-meta":"","stick-header-meta":"","header-above-stick-meta":"","header-main-stick-meta":"","header-below-stick-meta":"","astra-migrate-meta-layouts":"default","ast-page-background-enabled":"default","ast-page-background-meta":{"desktop":{"background-color":"var(--ast-global-color-4)","background-image":"","background-repeat":"repeat","background-position":"center center","background-size":"auto","background-attachment":"scroll","background-type":"","background-media":"","overlay-type":"","overlay-color":"","overlay-opacity":"","overlay-gradient":""},"tablet":{"background-color":"","background-image":"","background-repeat":"repeat","background-position":"center center","background-size":"auto","background-attachment":"scroll","background-type":"","background-media":"","overlay-type":"","overlay-color":"","overlay-opacity":"","overlay-gradient":""},"mobile":{"background-color":"","background-image":"","background-repeat":"repeat","background-position":"center center","background-size":"auto","background-attachment":"scroll","background-type":"","background-media":"","overlay-type":"","overlay-color":"","overlay-opacity":"","overlay-gradient":""}},"ast-content-background-meta":{"desktop":{"background-color":"var(--ast-global-color-5)","background-image":"","background-repeat":"repeat","background-position":"center center","background-size":"auto","background-attachment":"scroll","background-type":"","background-media":"","overlay-type":"","overlay-color":"","overlay-opacity":"","overlay-gradient":""},"tablet":{"background-color":"var(--ast-global-color-5)","background-image":"","background-repeat":"repeat","background-position":"center center","background-size":"auto","background-attachment":"scroll","background-type":"","background-media":"","overlay-type":"","overlay-color":"","overlay-opacity":"","overlay-gradient":""},"mobile":{"background-color":"var(--ast-global-color-5)","background-image":"","background-repeat":"repeat","background-position":"center center","background-size":"auto","background-attachment":"scroll","background-type":"","background-media":"","overlay-type":"","overlay-color":"","overlay-opacity":"","overlay-gradient":""}},"footnotes":""},"categories":[10,1,62,4,5],"tags":[],"class_list":["post-1532","post","type-post","status-publish","format-standard","hentry","category-1r","category-general","category-musica","category-portada","category-primaria"],"post_mailing_queue_ids":[],"_links":{"self":[{"href":"https:\/\/agora.xtec.cat\/ceipsalvadorvinyals\/wp-json\/wp\/v2\/posts\/1532","targetHints":{"allow":["GET"]}}],"collection":[{"href":"https:\/\/agora.xtec.cat\/ceipsalvadorvinyals\/wp-json\/wp\/v2\/posts"}],"about":[{"href":"https:\/\/agora.xtec.cat\/ceipsalvadorvinyals\/wp-json\/wp\/v2\/types\/post"}],"author":[{"embeddable":true,"href":"https:\/\/agora.xtec.cat\/ceipsalvadorvinyals\/wp-json\/wp\/v2\/users\/1"}],"replies":[{"embeddable":true,"href":"https:\/\/agora.xtec.cat\/ceipsalvadorvinyals\/wp-json\/wp\/v2\/comments?post=1532"}],"version-history":[{"count":1,"href":"https:\/\/agora.xtec.cat\/ceipsalvadorvinyals\/wp-json\/wp\/v2\/posts\/1532\/revisions"}],"predecessor-version":[{"id":1554,"href":"https:\/\/agora.xtec.cat\/ceipsalvadorvinyals\/wp-json\/wp\/v2\/posts\/1532\/revisions\/1554"}],"wp:attachment":[{"href":"https:\/\/agora.xtec.cat\/ceipsalvadorvinyals\/wp-json\/wp\/v2\/media?parent=1532"}],"wp:term":[{"taxonomy":"category","embeddable":true,"href":"https:\/\/agora.xtec.cat\/ceipsalvadorvinyals\/wp-json\/wp\/v2\/categories?post=1532"},{"taxonomy":"post_tag","embeddable":true,"href":"https:\/\/agora.xtec.cat\/ceipsalvadorvinyals\/wp-json\/wp\/v2\/tags?post=1532"}],"curies":[{"name":"wp","href":"https:\/\/api.w.org\/{rel}","templated":true}]}}