{"id":10903,"date":"2021-02-19T16:06:32","date_gmt":"2021-02-19T15:06:32","guid":{"rendered":"http:\/\/agora.xtec.cat\/ceipsalvadorvinyals\/?p=10903"},"modified":"2021-02-19T16:14:21","modified_gmt":"2021-02-19T15:14:21","slug":"ha-arribat-la-vella-quaresma","status":"publish","type":"post","link":"https:\/\/agora.xtec.cat\/ceipsalvadorvinyals\/general\/ha-arribat-la-vella-quaresma\/","title":{"rendered":"HA ARRIBAT LA VELLA QUARESMA!!"},"content":{"rendered":"<p>DESPR\u00c9S DE LA FESTA DEL <strong><span style=\"color: #ff6600\">R<\/span><span style=\"color: #008000\">E<\/span><\/strong><span style=\"color: #0000ff\"><strong>I<\/strong> <\/span><strong>C<span style=\"color: #800080\">A<\/span><span style=\"color: #ffff00\">R<\/span><span style=\"color: #00ccff\">N<\/span><span style=\"color: #808080\">E<\/span><span style=\"color: #000080\">S<\/span><span style=\"color: #ff00ff\">T<\/span><span style=\"color: #ffcc99\">O<\/span><span style=\"color: #00ff00\">L<\/span><span style=\"color: #cc99ff\">T<\/span><span style=\"color: #ff0000\">E<\/span><span style=\"color: #993300\">S<\/span><\/strong>, AVUI ENS HA VINGUT A VISITAR LA <span style=\"color: #000000\"><strong>VELLA QUARESMA<\/strong><\/span> A TOTS ELS NENS I NENES, DE <strong>P3, P4 i P5<\/strong>!!<\/p>\n<p>LA VELLA QUARESMA \u00c9S UNA SENYORA VELLETA, MOLT PRIMA, MALHUMORADA, UNA MICA SERIA I TRISTA I NO LI AGRADA GENS LA FESTA. A M\u00c9S A M\u00c9S, \u00c9S UNA VELLETA PECULIAR PERQU\u00c8 T\u00c9 MOLTES CAMES&#8230; EN TOTAL, 7 CAMES!<\/p>\n<p>QUAN L&#8217;HEM VIST LI HEM CANTANT LA CAN\u00c7\u00d3 DE &#8220;LA VELLA QUARESMA&#8221;<a href=\"https:\/\/www.youtube.com\/watch?v=ZKphX44EuFA\"> https:\/\/www.youtube.com\/watch?v=ZKphX44EuFA<\/a> I LI ANIREM TRAIENT 1 CAMA CADA SETMANA, FINS QUE PUGUI CAMINAR.<\/p>\n<p>ALESHORES QUAN LI CAIGUIN TOTES LES CAMES&#8230; ARRIBAR\u00c0 LA <span style=\"color: #ffcc99\"><strong>PRIMAVERA!<\/strong><\/span><\/p>\n<p>&nbsp;<\/p>\n\n<p>&nbsp;<\/p>\n","protected":false},"excerpt":{"rendered":"<p>DESPR\u00c9S DE LA FESTA DEL REI CARNESTOLTES, AVUI ENS HA VINGUT A VISITAR LA VELLA QUARESMA A TOTS ELS NENS I NENES, DE P3, P4 i P5!! LA VELLA QUARESMA \u00c9S UNA SENYORA VELLETA, MOLT PRIMA, MALHUMORADA, UNA MICA SERIA I TRISTA I NO LI AGRADA GENS LA FESTA. A M\u00c9S A M\u00c9S, \u00c9S UNA [&hellip;]<\/p>\n","protected":false},"author":1,"featured_media":0,"comment_status":"open","ping_status":"closed","sticky":false,"template":"","format":"standard","meta":{"_bbp_topic_count":0,"_bbp_reply_count":0,"_bbp_total_topic_count":0,"_bbp_total_reply_count":0,"_bbp_voice_count":0,"_bbp_anonymous_reply_count":0,"_bbp_topic_count_hidden":0,"_bbp_reply_count_hidden":0,"_bbp_forum_subforum_count":0,"site-sidebar-layout":"default","site-content-layout":"","ast-site-content-layout":"","site-content-style":"default","site-sidebar-style":"default","ast-global-header-display":"","ast-banner-title-visibility":"","ast-main-header-display":"","ast-hfb-above-header-display":"","ast-hfb-below-header-display":"","ast-hfb-mobile-header-display":"","site-post-title":"","ast-breadcrumbs-content":"","ast-featured-img":"","footer-sml-layout":"","theme-transparent-header-meta":"","adv-header-id-meta":"","stick-header-meta":"","header-above-stick-meta":"","header-main-stick-meta":"","header-below-stick-meta":"","astra-migrate-meta-layouts":"default","ast-page-background-enabled":"default","ast-page-background-meta":{"desktop":{"background-color":"var(--ast-global-color-4)","background-image":"","background-repeat":"repeat","background-position":"center center","background-size":"auto","background-attachment":"scroll","background-type":"","background-media":"","overlay-type":"","overlay-color":"","overlay-opacity":"","overlay-gradient":""},"tablet":{"background-color":"","background-image":"","background-repeat":"repeat","background-position":"center center","background-size":"auto","background-attachment":"scroll","background-type":"","background-media":"","overlay-type":"","overlay-color":"","overlay-opacity":"","overlay-gradient":""},"mobile":{"background-color":"","background-image":"","background-repeat":"repeat","background-position":"center center","background-size":"auto","background-attachment":"scroll","background-type":"","background-media":"","overlay-type":"","overlay-color":"","overlay-opacity":"","overlay-gradient":""}},"ast-content-background-meta":{"desktop":{"background-color":"var(--ast-global-color-5)","background-image":"","background-repeat":"repeat","background-position":"center center","background-size":"auto","background-attachment":"scroll","background-type":"","background-media":"","overlay-type":"","overlay-color":"","overlay-opacity":"","overlay-gradient":""},"tablet":{"background-color":"var(--ast-global-color-5)","background-image":"","background-repeat":"repeat","background-position":"center center","background-size":"auto","background-attachment":"scroll","background-type":"","background-media":"","overlay-type":"","overlay-color":"","overlay-opacity":"","overlay-gradient":""},"mobile":{"background-color":"var(--ast-global-color-5)","background-image":"","background-repeat":"repeat","background-position":"center center","background-size":"auto","background-attachment":"scroll","background-type":"","background-media":"","overlay-type":"","overlay-color":"","overlay-opacity":"","overlay-gradient":""}},"footnotes":""},"categories":[1,2,4],"tags":[],"class_list":["post-10903","post","type-post","status-publish","format-standard","hentry","category-general","category-infantil","category-portada"],"post_mailing_queue_ids":[],"_links":{"self":[{"href":"https:\/\/agora.xtec.cat\/ceipsalvadorvinyals\/wp-json\/wp\/v2\/posts\/10903","targetHints":{"allow":["GET"]}}],"collection":[{"href":"https:\/\/agora.xtec.cat\/ceipsalvadorvinyals\/wp-json\/wp\/v2\/posts"}],"about":[{"href":"https:\/\/agora.xtec.cat\/ceipsalvadorvinyals\/wp-json\/wp\/v2\/types\/post"}],"author":[{"embeddable":true,"href":"https:\/\/agora.xtec.cat\/ceipsalvadorvinyals\/wp-json\/wp\/v2\/users\/1"}],"replies":[{"embeddable":true,"href":"https:\/\/agora.xtec.cat\/ceipsalvadorvinyals\/wp-json\/wp\/v2\/comments?post=10903"}],"version-history":[{"count":3,"href":"https:\/\/agora.xtec.cat\/ceipsalvadorvinyals\/wp-json\/wp\/v2\/posts\/10903\/revisions"}],"predecessor-version":[{"id":10916,"href":"https:\/\/agora.xtec.cat\/ceipsalvadorvinyals\/wp-json\/wp\/v2\/posts\/10903\/revisions\/10916"}],"wp:attachment":[{"href":"https:\/\/agora.xtec.cat\/ceipsalvadorvinyals\/wp-json\/wp\/v2\/media?parent=10903"}],"wp:term":[{"taxonomy":"category","embeddable":true,"href":"https:\/\/agora.xtec.cat\/ceipsalvadorvinyals\/wp-json\/wp\/v2\/categories?post=10903"},{"taxonomy":"post_tag","embeddable":true,"href":"https:\/\/agora.xtec.cat\/ceipsalvadorvinyals\/wp-json\/wp\/v2\/tags?post=10903"}],"curies":[{"name":"wp","href":"https:\/\/api.w.org\/{rel}","templated":true}]}}