{"id":9962,"date":"2026-03-26T10:50:30","date_gmt":"2026-03-26T09:50:30","guid":{"rendered":"https:\/\/agora.xtec.cat\/ceipsalvadorninot\/?p=9962"},"modified":"2026-04-13T12:17:49","modified_gmt":"2026-04-13T10:17:49","slug":"%f0%9f%9a%b5%f0%9f%8f%bb-gran-inici-de-la-btt-a-montblanc","status":"publish","type":"post","link":"https:\/\/agora.xtec.cat\/ceipsalvadorninot\/general\/%f0%9f%9a%b5%f0%9f%8f%bb-gran-inici-de-la-btt-a-montblanc\/","title":{"rendered":"\ud83d\udeb5\ud83c\udffb\u200b Gran inici de la BTT a Montblanc"},"content":{"rendered":"<p data-start=\"177\" data-end=\"364\">Fa uns dies es va celebrar a <strong>Montblanc la primera cursa de BTT<\/strong> de la temporada 2025-2026, emmarcada dins dels Jocs Esportius Escolars de Catalunya i del Pla Catal\u00e0 de l\u2019Esport a l\u2019Escola.<\/p>\n<p data-start=\"177\" data-end=\"364\">Des de l&#8217;escola <span style=\"font-size: 16px;\">volem felicitar especialment l&#8217;alumnat que va aconseguir molt bona posici\u00f3 en aquesta cursa. El seu \u00e8xit \u00e9s una satisfacci\u00f3 per a tota la comunitat escolar i una motivaci\u00f3 per a la resta de companys i companyes. <\/span><\/p>\n<p data-start=\"177\" data-end=\"364\"><span style=\"font-size: 16px;\">\u200b\ud83d\udc49\ud83c\udffb\u200b De la categoria <strong>pre-benjamins<\/strong>, felicitem al Pau Mateu \ud83e\udd49\u200b i l&#8217;Heura Bonet \ud83e\udd48\u200b.<\/span><\/p>\n<p data-start=\"177\" data-end=\"364\"><span style=\"font-size: 16px;\">\u200b\ud83d\udc49\ud83c\udffb\u200b De la categoria <strong>alevins<\/strong>, felicitem al Tian Vil\u00e0 \ud83e\udd47\u200b i la Carla Amill \ud83e\udd47\u200b.<\/span><\/p>\n<p data-start=\"177\" data-end=\"364\"><a href=\"https:\/\/agora.xtec.cat\/ceipsalvadorninot\/wp-content\/uploads\/usu1097\/2026\/03\/PHOTO-2026-03-16-17-39-355.jpg\"><img loading=\"lazy\" decoding=\"async\" class=\"alignnone size-medium wp-image-9963\" src=\"https:\/\/agora.xtec.cat\/ceipsalvadorninot\/wp-content\/uploads\/usu1097\/2026\/03\/PHOTO-2026-03-16-17-39-355-169x300.jpg\" alt=\"\" width=\"169\" height=\"300\" srcset=\"https:\/\/agora.xtec.cat\/ceipsalvadorninot\/wp-content\/uploads\/usu1097\/2026\/03\/PHOTO-2026-03-16-17-39-355-169x300.jpg 169w, https:\/\/agora.xtec.cat\/ceipsalvadorninot\/wp-content\/uploads\/usu1097\/2026\/03\/PHOTO-2026-03-16-17-39-355-576x1024.jpg 576w, https:\/\/agora.xtec.cat\/ceipsalvadorninot\/wp-content\/uploads\/usu1097\/2026\/03\/PHOTO-2026-03-16-17-39-355-768x1365.jpg 768w, https:\/\/agora.xtec.cat\/ceipsalvadorninot\/wp-content\/uploads\/usu1097\/2026\/03\/PHOTO-2026-03-16-17-39-355-864x1536.jpg 864w, https:\/\/agora.xtec.cat\/ceipsalvadorninot\/wp-content\/uploads\/usu1097\/2026\/03\/PHOTO-2026-03-16-17-39-355.jpg 900w\" sizes=\"auto, (max-width: 169px) 100vw, 169px\" \/><\/a> <a href=\"https:\/\/agora.xtec.cat\/ceipsalvadorninot\/wp-content\/uploads\/usu1097\/2026\/03\/PHOTO-2026-03-16-17-39-363.jpg\"><img loading=\"lazy\" decoding=\"async\" class=\"alignnone size-medium wp-image-9964\" src=\"https:\/\/agora.xtec.cat\/ceipsalvadorninot\/wp-content\/uploads\/usu1097\/2026\/03\/PHOTO-2026-03-16-17-39-363-169x300.jpg\" alt=\"\" width=\"169\" height=\"300\" srcset=\"https:\/\/agora.xtec.cat\/ceipsalvadorninot\/wp-content\/uploads\/usu1097\/2026\/03\/PHOTO-2026-03-16-17-39-363-169x300.jpg 169w, https:\/\/agora.xtec.cat\/ceipsalvadorninot\/wp-content\/uploads\/usu1097\/2026\/03\/PHOTO-2026-03-16-17-39-363-576x1024.jpg 576w, https:\/\/agora.xtec.cat\/ceipsalvadorninot\/wp-content\/uploads\/usu1097\/2026\/03\/PHOTO-2026-03-16-17-39-363-768x1365.jpg 768w, https:\/\/agora.xtec.cat\/ceipsalvadorninot\/wp-content\/uploads\/usu1097\/2026\/03\/PHOTO-2026-03-16-17-39-363-864x1536.jpg 864w, https:\/\/agora.xtec.cat\/ceipsalvadorninot\/wp-content\/uploads\/usu1097\/2026\/03\/PHOTO-2026-03-16-17-39-363.jpg 900w\" sizes=\"auto, (max-width: 169px) 100vw, 169px\" \/><\/a> <a href=\"https:\/\/agora.xtec.cat\/ceipsalvadorninot\/wp-content\/uploads\/usu1097\/2026\/03\/PHOTO-2026-03-16-17-39-362.jpg\"><img loading=\"lazy\" decoding=\"async\" class=\"alignnone size-medium wp-image-9965\" src=\"https:\/\/agora.xtec.cat\/ceipsalvadorninot\/wp-content\/uploads\/usu1097\/2026\/03\/PHOTO-2026-03-16-17-39-362-169x300.jpg\" alt=\"\" width=\"169\" height=\"300\" srcset=\"https:\/\/agora.xtec.cat\/ceipsalvadorninot\/wp-content\/uploads\/usu1097\/2026\/03\/PHOTO-2026-03-16-17-39-362-169x300.jpg 169w, https:\/\/agora.xtec.cat\/ceipsalvadorninot\/wp-content\/uploads\/usu1097\/2026\/03\/PHOTO-2026-03-16-17-39-362-576x1024.jpg 576w, https:\/\/agora.xtec.cat\/ceipsalvadorninot\/wp-content\/uploads\/usu1097\/2026\/03\/PHOTO-2026-03-16-17-39-362-768x1365.jpg 768w, https:\/\/agora.xtec.cat\/ceipsalvadorninot\/wp-content\/uploads\/usu1097\/2026\/03\/PHOTO-2026-03-16-17-39-362-864x1536.jpg 864w, https:\/\/agora.xtec.cat\/ceipsalvadorninot\/wp-content\/uploads\/usu1097\/2026\/03\/PHOTO-2026-03-16-17-39-362.jpg 900w\" sizes=\"auto, (max-width: 169px) 100vw, 169px\" \/><\/a><\/p>\n<p data-start=\"366\" data-end=\"731\">Destaquem la bona organitzaci\u00f3 i el circuit atractiu, dissenyat pels voltants del municipi, que va permetre als participants gaudir d\u2019un entorn privilegiat mentre competien. Van participar-hi al voltant de 80 ciclistes. Aix\u00ed que va ser tot un \u00e8xit!<\/p>\n<p data-start=\"733\" data-end=\"962\">Cal remarcar l&#8217;augment de la pr\u00e0ctica de la BTT entre els m\u00e9s joves, un fet que \u00e9s possible, en gran part, gr\u00e0cies a la implicaci\u00f3 de les fam\u00edlies, que fomenten aquest esport saludable.<\/p>\n<p data-start=\"964\" data-end=\"1096\">La competici\u00f3 tindr\u00e0 continu\u00eftat amb les properes dates del calendari:<\/p>\n<ul>\n<li data-start=\"964\" data-end=\"1096\"><strong>Sarral<\/strong>: el dissabte, 11 d\u2019abril.<\/li>\n<li data-start=\"964\" data-end=\"1096\"><strong>L\u2019Espluga de Francol\u00ed<\/strong>: el diumenge, 17 de maig.<\/li>\n<\/ul>\n<p data-start=\"1098\" data-end=\"1337\">Finalment, expressem el nostre agra\u00efment a totes les entitats que han fet possible aquesta activitat: l\u2019AMPA Mare de D\u00e9u de la Serra, l\u2019Ajuntament de Montblanc, <em>Europstry<\/em>, el Consell Catal\u00e0 de l\u2019Esport i Protecci\u00f3 Civil de Montblanc.<\/p>\n","protected":false},"excerpt":{"rendered":"<p>Fa uns dies es va celebrar a Montblanc la primera cursa de BTT de la temporada 2025-2026, emmarcada dins dels [&hellip;]<\/p>\n","protected":false},"author":16,"featured_media":9966,"comment_status":"open","ping_status":"open","sticky":false,"template":"","format":"standard","meta":{"_bbp_topic_count":0,"_bbp_reply_count":0,"_bbp_total_topic_count":0,"_bbp_total_reply_count":0,"_bbp_voice_count":0,"_bbp_anonymous_reply_count":0,"_bbp_topic_count_hidden":0,"_bbp_reply_count_hidden":0,"_bbp_forum_subforum_count":0,"site-sidebar-layout":"default","site-content-layout":"","ast-site-content-layout":"default","site-content-style":"default","site-sidebar-style":"default","ast-global-header-display":"","ast-banner-title-visibility":"","ast-main-header-display":"","ast-hfb-above-header-display":"","ast-hfb-below-header-display":"","ast-hfb-mobile-header-display":"","site-post-title":"","ast-breadcrumbs-content":"","ast-featured-img":"","footer-sml-layout":"","theme-transparent-header-meta":"default","adv-header-id-meta":"","stick-header-meta":"","header-above-stick-meta":"","header-main-stick-meta":"","header-below-stick-meta":"","astra-migrate-meta-layouts":"set","ast-page-background-enabled":"default","ast-page-background-meta":{"desktop":{"background-color":"var(--ast-global-color-4)","background-image":"","background-repeat":"repeat","background-position":"center center","background-size":"auto","background-attachment":"scroll","background-type":"","background-media":"","overlay-type":"","overlay-color":"","overlay-opacity":"","overlay-gradient":""},"tablet":{"background-color":"","background-image":"","background-repeat":"repeat","background-position":"center center","background-size":"auto","background-attachment":"scroll","background-type":"","background-media":"","overlay-type":"","overlay-color":"","overlay-opacity":"","overlay-gradient":""},"mobile":{"background-color":"","background-image":"","background-repeat":"repeat","background-position":"center center","background-size":"auto","background-attachment":"scroll","background-type":"","background-media":"","overlay-type":"","overlay-color":"","overlay-opacity":"","overlay-gradient":""}},"ast-content-background-meta":{"desktop":{"background-color":"var(--ast-global-color-5)","background-image":"","background-repeat":"repeat","background-position":"center center","background-size":"auto","background-attachment":"scroll","background-type":"","background-media":"","overlay-type":"","overlay-color":"","overlay-opacity":"","overlay-gradient":""},"tablet":{"background-color":"var(--ast-global-color-5)","background-image":"","background-repeat":"repeat","background-position":"center center","background-size":"auto","background-attachment":"scroll","background-type":"","background-media":"","overlay-type":"","overlay-color":"","overlay-opacity":"","overlay-gradient":""},"mobile":{"background-color":"var(--ast-global-color-5)","background-image":"","background-repeat":"repeat","background-position":"center center","background-size":"auto","background-attachment":"scroll","background-type":"","background-media":"","overlay-type":"","overlay-color":"","overlay-opacity":"","overlay-gradient":""}},"footnotes":""},"categories":[11,14,106,1,4,5],"tags":[],"class_list":["post-9962","post","type-post","status-publish","format-standard","has-post-thumbnail","hentry","category-2n","category-5e","category-ef-pcee","category-general","category-portada","category-primaria"],"post_mailing_queue_ids":[],"_links":{"self":[{"href":"https:\/\/agora.xtec.cat\/ceipsalvadorninot\/wp-json\/wp\/v2\/posts\/9962","targetHints":{"allow":["GET"]}}],"collection":[{"href":"https:\/\/agora.xtec.cat\/ceipsalvadorninot\/wp-json\/wp\/v2\/posts"}],"about":[{"href":"https:\/\/agora.xtec.cat\/ceipsalvadorninot\/wp-json\/wp\/v2\/types\/post"}],"author":[{"embeddable":true,"href":"https:\/\/agora.xtec.cat\/ceipsalvadorninot\/wp-json\/wp\/v2\/users\/16"}],"replies":[{"embeddable":true,"href":"https:\/\/agora.xtec.cat\/ceipsalvadorninot\/wp-json\/wp\/v2\/comments?post=9962"}],"version-history":[{"count":2,"href":"https:\/\/agora.xtec.cat\/ceipsalvadorninot\/wp-json\/wp\/v2\/posts\/9962\/revisions"}],"predecessor-version":[{"id":10004,"href":"https:\/\/agora.xtec.cat\/ceipsalvadorninot\/wp-json\/wp\/v2\/posts\/9962\/revisions\/10004"}],"wp:featuredmedia":[{"embeddable":true,"href":"https:\/\/agora.xtec.cat\/ceipsalvadorninot\/wp-json\/wp\/v2\/media\/9966"}],"wp:attachment":[{"href":"https:\/\/agora.xtec.cat\/ceipsalvadorninot\/wp-json\/wp\/v2\/media?parent=9962"}],"wp:term":[{"taxonomy":"category","embeddable":true,"href":"https:\/\/agora.xtec.cat\/ceipsalvadorninot\/wp-json\/wp\/v2\/categories?post=9962"},{"taxonomy":"post_tag","embeddable":true,"href":"https:\/\/agora.xtec.cat\/ceipsalvadorninot\/wp-json\/wp\/v2\/tags?post=9962"}],"curies":[{"name":"wp","href":"https:\/\/api.w.org\/{rel}","templated":true}]}}