{"id":9903,"date":"2026-03-03T07:40:48","date_gmt":"2026-03-03T06:40:48","guid":{"rendered":"https:\/\/agora.xtec.cat\/ceipsalvadorninot\/?p=9903"},"modified":"2026-03-03T07:40:48","modified_gmt":"2026-03-03T06:40:48","slug":"%f0%9f%8f%83%f0%9f%8f%bd-segon-cros-comarcal-a-blancafort","status":"publish","type":"post","link":"https:\/\/agora.xtec.cat\/ceipsalvadorninot\/general\/%f0%9f%8f%83%f0%9f%8f%bd-segon-cros-comarcal-a-blancafort\/","title":{"rendered":"\ud83c\udfc3\ud83c\udffd\u200b Segon cros comarcal a Blancafort"},"content":{"rendered":"<p>Aquest passat diumenge va tenir lloc el <strong>segon cros comarcal<\/strong> al municipi de Blancafort.<\/p>\n<p data-start=\"0\" data-end=\"235\">El Cros Comarcal, integrat dins els Jocs Esportius Escolars de Catalunya (JEEC) i el programa d\u2019esport escolar de la Generalitat de Catalunya, va reunir prop de 130 atletes de la Conca de Barber\u00e0.<\/p>\n<p data-start=\"237\" data-end=\"567\">Els participants van gaudir d\u2019un circuit atractiu per l&#8217;entorn del municipi, que va propiciar curses \u00e0gils, din\u00e0miques i plenes d\u2019emoci\u00f3. La jornada va comptar amb unes condicions \u00f2ptimes per a la pr\u00e0ctica del cros i amb una bona organitzaci\u00f3 que va contribuir a l\u2019\u00e8xit de l\u2019esdeveniment.<\/p>\n<p data-start=\"569\" data-end=\"749\">En finalitzar les curses, a tots els participants se&#8217;ls va oferir aigua, fruita i una medalla commemorativa, mentre que els primers classificats van ser distingits amb un trofeu.<\/p>\n<p data-start=\"569\" data-end=\"749\">\ud83d\udc4f\u200b\ud83d\udc4f\u200b Des de l&#8217;escola felicitem al Tian per haver quedat en segona posici\u00f3 en la categoria alev\u00ed mascul\u00ed. \u200b\ud83c\udfc6\u200b \u00a0<strong>Moltes felicitats! \ud83c\udf89\u200b\ud83c\udf8a\u200b<\/strong><\/p>\n<p data-start=\"569\" data-end=\"749\"><a href=\"https:\/\/agora.xtec.cat\/ceipsalvadorninot\/wp-content\/uploads\/usu1097\/2026\/03\/7-3.jpg\"><img loading=\"lazy\" decoding=\"async\" class=\"size-large wp-image-9905 aligncenter\" src=\"https:\/\/agora.xtec.cat\/ceipsalvadorninot\/wp-content\/uploads\/usu1097\/2026\/03\/7-3-768x1024.jpg\" alt=\"\" width=\"768\" height=\"1024\" srcset=\"https:\/\/agora.xtec.cat\/ceipsalvadorninot\/wp-content\/uploads\/usu1097\/2026\/03\/7-3-768x1024.jpg 768w, https:\/\/agora.xtec.cat\/ceipsalvadorninot\/wp-content\/uploads\/usu1097\/2026\/03\/7-3-225x300.jpg 225w, https:\/\/agora.xtec.cat\/ceipsalvadorninot\/wp-content\/uploads\/usu1097\/2026\/03\/7-3-1152x1536.jpg 1152w, https:\/\/agora.xtec.cat\/ceipsalvadorninot\/wp-content\/uploads\/usu1097\/2026\/03\/7-3.jpg 1200w\" sizes=\"auto, (max-width: 768px) 100vw, 768px\" \/><\/a><\/p>\n<p data-start=\"569\" data-end=\"749\">\n<p data-start=\"751\" data-end=\"947\" data-is-last-node=\"\" data-is-only-node=\"\">Expressem tamb\u00e9 el nostre agra\u00efment a l\u2019Ajuntament de Blancafort, a l\u2019AE Blancafort, a la ZER Poblet, al Consell Esportiu i a <em>Europstry<\/em> pel seu suport i col\u00b7laboraci\u00f3 en aquesta jornada esportiva.<\/p>\n","protected":false},"excerpt":{"rendered":"<p>Aquest passat diumenge va tenir lloc el segon cros comarcal al municipi de Blancafort. El Cros Comarcal, integrat dins els [&hellip;]<\/p>\n","protected":false},"author":16,"featured_media":9905,"comment_status":"open","ping_status":"open","sticky":false,"template":"","format":"standard","meta":{"_bbp_topic_count":0,"_bbp_reply_count":0,"_bbp_total_topic_count":0,"_bbp_total_reply_count":0,"_bbp_voice_count":0,"_bbp_anonymous_reply_count":0,"_bbp_topic_count_hidden":0,"_bbp_reply_count_hidden":0,"_bbp_forum_subforum_count":0,"site-sidebar-layout":"default","site-content-layout":"","ast-site-content-layout":"default","site-content-style":"default","site-sidebar-style":"default","ast-global-header-display":"","ast-banner-title-visibility":"","ast-main-header-display":"","ast-hfb-above-header-display":"","ast-hfb-below-header-display":"","ast-hfb-mobile-header-display":"","site-post-title":"","ast-breadcrumbs-content":"","ast-featured-img":"","footer-sml-layout":"","theme-transparent-header-meta":"default","adv-header-id-meta":"","stick-header-meta":"","header-above-stick-meta":"","header-main-stick-meta":"","header-below-stick-meta":"","astra-migrate-meta-layouts":"set","ast-page-background-enabled":"default","ast-page-background-meta":{"desktop":{"background-color":"var(--ast-global-color-4)","background-image":"","background-repeat":"repeat","background-position":"center center","background-size":"auto","background-attachment":"scroll","background-type":"","background-media":"","overlay-type":"","overlay-color":"","overlay-opacity":"","overlay-gradient":""},"tablet":{"background-color":"","background-image":"","background-repeat":"repeat","background-position":"center center","background-size":"auto","background-attachment":"scroll","background-type":"","background-media":"","overlay-type":"","overlay-color":"","overlay-opacity":"","overlay-gradient":""},"mobile":{"background-color":"","background-image":"","background-repeat":"repeat","background-position":"center center","background-size":"auto","background-attachment":"scroll","background-type":"","background-media":"","overlay-type":"","overlay-color":"","overlay-opacity":"","overlay-gradient":""}},"ast-content-background-meta":{"desktop":{"background-color":"var(--ast-global-color-5)","background-image":"","background-repeat":"repeat","background-position":"center center","background-size":"auto","background-attachment":"scroll","background-type":"","background-media":"","overlay-type":"","overlay-color":"","overlay-opacity":"","overlay-gradient":""},"tablet":{"background-color":"var(--ast-global-color-5)","background-image":"","background-repeat":"repeat","background-position":"center center","background-size":"auto","background-attachment":"scroll","background-type":"","background-media":"","overlay-type":"","overlay-color":"","overlay-opacity":"","overlay-gradient":""},"mobile":{"background-color":"var(--ast-global-color-5)","background-image":"","background-repeat":"repeat","background-position":"center center","background-size":"auto","background-attachment":"scroll","background-type":"","background-media":"","overlay-type":"","overlay-color":"","overlay-opacity":"","overlay-gradient":""}},"footnotes":""},"categories":[106,1,2,4,5],"tags":[],"class_list":["post-9903","post","type-post","status-publish","format-standard","has-post-thumbnail","hentry","category-ef-pcee","category-general","category-infantil","category-portada","category-primaria"],"post_mailing_queue_ids":[],"_links":{"self":[{"href":"https:\/\/agora.xtec.cat\/ceipsalvadorninot\/wp-json\/wp\/v2\/posts\/9903","targetHints":{"allow":["GET"]}}],"collection":[{"href":"https:\/\/agora.xtec.cat\/ceipsalvadorninot\/wp-json\/wp\/v2\/posts"}],"about":[{"href":"https:\/\/agora.xtec.cat\/ceipsalvadorninot\/wp-json\/wp\/v2\/types\/post"}],"author":[{"embeddable":true,"href":"https:\/\/agora.xtec.cat\/ceipsalvadorninot\/wp-json\/wp\/v2\/users\/16"}],"replies":[{"embeddable":true,"href":"https:\/\/agora.xtec.cat\/ceipsalvadorninot\/wp-json\/wp\/v2\/comments?post=9903"}],"version-history":[{"count":1,"href":"https:\/\/agora.xtec.cat\/ceipsalvadorninot\/wp-json\/wp\/v2\/posts\/9903\/revisions"}],"predecessor-version":[{"id":9906,"href":"https:\/\/agora.xtec.cat\/ceipsalvadorninot\/wp-json\/wp\/v2\/posts\/9903\/revisions\/9906"}],"wp:featuredmedia":[{"embeddable":true,"href":"https:\/\/agora.xtec.cat\/ceipsalvadorninot\/wp-json\/wp\/v2\/media\/9905"}],"wp:attachment":[{"href":"https:\/\/agora.xtec.cat\/ceipsalvadorninot\/wp-json\/wp\/v2\/media?parent=9903"}],"wp:term":[{"taxonomy":"category","embeddable":true,"href":"https:\/\/agora.xtec.cat\/ceipsalvadorninot\/wp-json\/wp\/v2\/categories?post=9903"},{"taxonomy":"post_tag","embeddable":true,"href":"https:\/\/agora.xtec.cat\/ceipsalvadorninot\/wp-json\/wp\/v2\/tags?post=9903"}],"curies":[{"name":"wp","href":"https:\/\/api.w.org\/{rel}","templated":true}]}}