{"id":9734,"date":"2025-12-19T20:07:12","date_gmt":"2025-12-19T19:07:12","guid":{"rendered":"https:\/\/agora.xtec.cat\/ceipsalvadorninot\/?p=9734"},"modified":"2025-12-19T20:07:47","modified_gmt":"2025-12-19T19:07:47","slug":"fem-cagar-el-tio-%f0%9f%aa%b5%f0%9f%aa%88","status":"publish","type":"post","link":"https:\/\/agora.xtec.cat\/ceipsalvadorninot\/general\/fem-cagar-el-tio-%f0%9f%aa%b5%f0%9f%aa%88\/","title":{"rendered":"Fem cagar el ti\u00f3! \u200b\ud83e\udeb5\u200b\ud83e\ude88\u200b"},"content":{"rendered":"<p>Avui a l\u2019escola hem viscut una jornada molt especial fent cagar el ti\u00f3, una de les tradicions nadalenques m\u00e9s estimades pels infants.<\/p>\n<p>Des de primera hora del mat\u00ed, els nens i nenes, des dels cursos m\u00e9s petits fins als m\u00e9s grans, s\u2019han reunit amb molta il\u00b7lusi\u00f3 per fer-lo cagar. Entre can\u00e7ons, rialles i cops de bast\u00f3, el ti\u00f3 ha anat repartint regals i sorpreses, convertint el moment en una experi\u00e8ncia plena d\u2019alegria i emoci\u00f3.<\/p>\n<p>Aquesta activitat ens permet mantenir vives les tradicions populars catalanes i compartir un espai de conviv\u00e8ncia i celebraci\u00f3 entre tots els membres de la comunitat escolar. Ha estat una manera fant\u00e0stica de tancar el trimestre abans de les vacances de Nadal.<\/p>\n<p>Des de l\u2019escola, us desitgem molt bones festes i un bon Nadal a totes les fam\u00edlies i educadors\/es. \ud83c\udf84\u200b\u2b50\u200b<\/p>\n<p>Ens retrobem el dia 8 de gener amb energies renovades!<span style=\"color: #888888;\"><br \/>\n<\/span><\/p>\n<p><a href=\"https:\/\/agora.xtec.cat\/ceipsalvadorninot\/wp-content\/uploads\/usu1097\/2025\/12\/25-26_Felicitacio-Nadal_ESC-Salvador-Ninot-Sarral.png\"><img loading=\"lazy\" decoding=\"async\" class=\"size-large wp-image-9736 aligncenter\" src=\"https:\/\/agora.xtec.cat\/ceipsalvadorninot\/wp-content\/uploads\/usu1097\/2025\/12\/25-26_Felicitacio-Nadal_ESC-Salvador-Ninot-Sarral-819x1024.png\" alt=\"\" width=\"819\" height=\"1024\" srcset=\"https:\/\/agora.xtec.cat\/ceipsalvadorninot\/wp-content\/uploads\/usu1097\/2025\/12\/25-26_Felicitacio-Nadal_ESC-Salvador-Ninot-Sarral-819x1024.png 819w, https:\/\/agora.xtec.cat\/ceipsalvadorninot\/wp-content\/uploads\/usu1097\/2025\/12\/25-26_Felicitacio-Nadal_ESC-Salvador-Ninot-Sarral-240x300.png 240w, https:\/\/agora.xtec.cat\/ceipsalvadorninot\/wp-content\/uploads\/usu1097\/2025\/12\/25-26_Felicitacio-Nadal_ESC-Salvador-Ninot-Sarral-768x960.png 768w, https:\/\/agora.xtec.cat\/ceipsalvadorninot\/wp-content\/uploads\/usu1097\/2025\/12\/25-26_Felicitacio-Nadal_ESC-Salvador-Ninot-Sarral.png 1080w\" sizes=\"auto, (max-width: 819px) 100vw, 819px\" \/><\/a><\/p>\n","protected":false},"excerpt":{"rendered":"<p>Avui a l\u2019escola hem viscut una jornada molt especial fent cagar el ti\u00f3, una de les tradicions nadalenques m\u00e9s estimades [&hellip;]<\/p>\n","protected":false},"author":16,"featured_media":9735,"comment_status":"open","ping_status":"open","sticky":false,"template":"","format":"standard","meta":{"_bbp_topic_count":0,"_bbp_reply_count":0,"_bbp_total_topic_count":0,"_bbp_total_reply_count":0,"_bbp_voice_count":0,"_bbp_anonymous_reply_count":0,"_bbp_topic_count_hidden":0,"_bbp_reply_count_hidden":0,"_bbp_forum_subforum_count":0,"site-sidebar-layout":"default","site-content-layout":"","ast-site-content-layout":"default","site-content-style":"default","site-sidebar-style":"default","ast-global-header-display":"","ast-banner-title-visibility":"","ast-main-header-display":"","ast-hfb-above-header-display":"","ast-hfb-below-header-display":"","ast-hfb-mobile-header-display":"","site-post-title":"","ast-breadcrumbs-content":"","ast-featured-img":"","footer-sml-layout":"","theme-transparent-header-meta":"default","adv-header-id-meta":"","stick-header-meta":"","header-above-stick-meta":"","header-main-stick-meta":"","header-below-stick-meta":"","astra-migrate-meta-layouts":"set","ast-page-background-enabled":"default","ast-page-background-meta":{"desktop":{"background-color":"var(--ast-global-color-4)","background-image":"","background-repeat":"repeat","background-position":"center center","background-size":"auto","background-attachment":"scroll","background-type":"","background-media":"","overlay-type":"","overlay-color":"","overlay-opacity":"","overlay-gradient":""},"tablet":{"background-color":"","background-image":"","background-repeat":"repeat","background-position":"center center","background-size":"auto","background-attachment":"scroll","background-type":"","background-media":"","overlay-type":"","overlay-color":"","overlay-opacity":"","overlay-gradient":""},"mobile":{"background-color":"","background-image":"","background-repeat":"repeat","background-position":"center center","background-size":"auto","background-attachment":"scroll","background-type":"","background-media":"","overlay-type":"","overlay-color":"","overlay-opacity":"","overlay-gradient":""}},"ast-content-background-meta":{"desktop":{"background-color":"var(--ast-global-color-5)","background-image":"","background-repeat":"repeat","background-position":"center center","background-size":"auto","background-attachment":"scroll","background-type":"","background-media":"","overlay-type":"","overlay-color":"","overlay-opacity":"","overlay-gradient":""},"tablet":{"background-color":"var(--ast-global-color-5)","background-image":"","background-repeat":"repeat","background-position":"center center","background-size":"auto","background-attachment":"scroll","background-type":"","background-media":"","overlay-type":"","overlay-color":"","overlay-opacity":"","overlay-gradient":""},"mobile":{"background-color":"var(--ast-global-color-5)","background-image":"","background-repeat":"repeat","background-position":"center center","background-size":"auto","background-attachment":"scroll","background-type":"","background-media":"","overlay-type":"","overlay-color":"","overlay-opacity":"","overlay-gradient":""}},"footnotes":""},"categories":[1,2,4,5],"tags":[],"class_list":["post-9734","post","type-post","status-publish","format-standard","has-post-thumbnail","hentry","category-general","category-infantil","category-portada","category-primaria"],"post_mailing_queue_ids":[],"_links":{"self":[{"href":"https:\/\/agora.xtec.cat\/ceipsalvadorninot\/wp-json\/wp\/v2\/posts\/9734","targetHints":{"allow":["GET"]}}],"collection":[{"href":"https:\/\/agora.xtec.cat\/ceipsalvadorninot\/wp-json\/wp\/v2\/posts"}],"about":[{"href":"https:\/\/agora.xtec.cat\/ceipsalvadorninot\/wp-json\/wp\/v2\/types\/post"}],"author":[{"embeddable":true,"href":"https:\/\/agora.xtec.cat\/ceipsalvadorninot\/wp-json\/wp\/v2\/users\/16"}],"replies":[{"embeddable":true,"href":"https:\/\/agora.xtec.cat\/ceipsalvadorninot\/wp-json\/wp\/v2\/comments?post=9734"}],"version-history":[{"count":1,"href":"https:\/\/agora.xtec.cat\/ceipsalvadorninot\/wp-json\/wp\/v2\/posts\/9734\/revisions"}],"predecessor-version":[{"id":9737,"href":"https:\/\/agora.xtec.cat\/ceipsalvadorninot\/wp-json\/wp\/v2\/posts\/9734\/revisions\/9737"}],"wp:featuredmedia":[{"embeddable":true,"href":"https:\/\/agora.xtec.cat\/ceipsalvadorninot\/wp-json\/wp\/v2\/media\/9735"}],"wp:attachment":[{"href":"https:\/\/agora.xtec.cat\/ceipsalvadorninot\/wp-json\/wp\/v2\/media?parent=9734"}],"wp:term":[{"taxonomy":"category","embeddable":true,"href":"https:\/\/agora.xtec.cat\/ceipsalvadorninot\/wp-json\/wp\/v2\/categories?post=9734"},{"taxonomy":"post_tag","embeddable":true,"href":"https:\/\/agora.xtec.cat\/ceipsalvadorninot\/wp-json\/wp\/v2\/tags?post=9734"}],"curies":[{"name":"wp","href":"https:\/\/api.w.org\/{rel}","templated":true}]}}