{"id":9619,"date":"2025-10-27T15:53:14","date_gmt":"2025-10-27T14:53:14","guid":{"rendered":"https:\/\/agora.xtec.cat\/ceipsalvadorninot\/?p=9619"},"modified":"2025-11-20T12:55:54","modified_gmt":"2025-11-20T11:55:54","slug":"eleccions-al-consell-escolar-2","status":"publish","type":"post","link":"https:\/\/agora.xtec.cat\/ceipsalvadorninot\/general\/eleccions-al-consell-escolar-2\/","title":{"rendered":"\ud83d\uddf3\ufe0f\u200bEleccions al Consell Escolar"},"content":{"rendered":"<h3 data-start=\"152\" data-end=\"192\">\ud83d\uddf3\ufe0f Constru\u00efm escola!<\/h3>\n<p>&nbsp;<\/p>\n<p data-start=\"194\" data-end=\"386\">Del <strong>17 al 21 de novembre de 2025<\/strong> se celebren les eleccions als consells escolars.<br data-start=\"283\" data-end=\"286\" \/>\u00c9s el moment de participar activament en la vida del centre.<\/p>\n<p>El consell escolar del centre \u00e9s l&#8217;<strong>\u00f2rgan col\u00b7legiat de participaci\u00f3<\/strong> de la comunitat escolar en el govern del centre. En el consell escolar hi ha representats tots els col\u00b7lectius que intervenen en la comunitat educativa: directora, docents, personal d&#8217;administraci\u00f3 i serveis i Ajuntament. Els membres del consell escolar s\u00f3n elegits per un per\u00edode de quatre anys i es renoven per meitats cada dos anys.<\/p>\n<p><strong>Cada vot compta i cada opini\u00f3 suma. \ud83d\udcac\u2728<\/strong><\/p>\n<p data-start=\"579\" data-end=\"698\">\ud83d\udc49 <strong>Participa-hi! <\/strong>Perqu\u00e8 la teva veu i el teu vot s\u00f3n essencials per continuar construint escola.<\/p>\n<p data-start=\"700\" data-end=\"823\">\ud83d\udcc5 <strong>Votacions<\/strong>: dilluns, 17 de novembre de 2025.<\/p>\n<p data-start=\"700\" data-end=\"823\">\u200b\u200b\u231a\u200b <strong>Hora<\/strong>: a les 9h, a les 13h i a les 15h.<\/p>\n<p data-start=\"700\" data-end=\"823\">\ud83d\udccd\u200b <strong>Lloc<\/strong>: vest\u00edbul principal de l&#8217;escola.<\/p>\n<p data-start=\"700\" data-end=\"823\"><strong>\u200b\ud83d\udc68\u200b\ud83d\ude4d\u200d\u2640\ufe0f\u200b Cens<\/strong>: El podeu revisar al vest\u00edbul principal de l&#8217;escola.<\/p>\n<p data-start=\"700\" data-end=\"823\"><strong>\u200b\u200b\ud83d\udce9\u200b Sorteig<\/strong>: Les persones que surtin elegides com a membres de la mesa, al llarg d&#8217;aquesta setmana rebran un correu electr\u00f2nic amb la notificaci\u00f3. Estigueu atents\/es al correu.<\/p>\n<p data-start=\"700\" data-end=\"823\"><br data-start=\"750\" data-end=\"753\" \/>\ud83d\udd17 M\u00e9s informaci\u00f3 a <a href=\"https:\/\/educacio.gencat.cat\/ca\/arees-actuacio\/centres-serveis-educatius\/centres\/consells-escolars-centres\/index.html\">educacio.gencat.cat<\/a><\/p>\n","protected":false},"excerpt":{"rendered":"<p>\ud83d\uddf3\ufe0f Constru\u00efm escola! &nbsp; Del 17 al 21 de novembre de 2025 se celebren les eleccions als consells escolars.\u00c9s el [&hellip;]<\/p>\n","protected":false},"author":16,"featured_media":9620,"comment_status":"open","ping_status":"open","sticky":false,"template":"","format":"standard","meta":{"_bbp_topic_count":0,"_bbp_reply_count":0,"_bbp_total_topic_count":0,"_bbp_total_reply_count":0,"_bbp_voice_count":0,"_bbp_anonymous_reply_count":0,"_bbp_topic_count_hidden":0,"_bbp_reply_count_hidden":0,"_bbp_forum_subforum_count":0,"site-sidebar-layout":"default","site-content-layout":"","ast-site-content-layout":"default","site-content-style":"default","site-sidebar-style":"default","ast-global-header-display":"","ast-banner-title-visibility":"","ast-main-header-display":"","ast-hfb-above-header-display":"","ast-hfb-below-header-display":"","ast-hfb-mobile-header-display":"","site-post-title":"","ast-breadcrumbs-content":"","ast-featured-img":"","footer-sml-layout":"","theme-transparent-header-meta":"default","adv-header-id-meta":"","stick-header-meta":"","header-above-stick-meta":"","header-main-stick-meta":"","header-below-stick-meta":"","astra-migrate-meta-layouts":"set","ast-page-background-enabled":"default","ast-page-background-meta":{"desktop":{"background-color":"var(--ast-global-color-4)","background-image":"","background-repeat":"repeat","background-position":"center center","background-size":"auto","background-attachment":"scroll","background-type":"","background-media":"","overlay-type":"","overlay-color":"","overlay-opacity":"","overlay-gradient":""},"tablet":{"background-color":"","background-image":"","background-repeat":"repeat","background-position":"center center","background-size":"auto","background-attachment":"scroll","background-type":"","background-media":"","overlay-type":"","overlay-color":"","overlay-opacity":"","overlay-gradient":""},"mobile":{"background-color":"","background-image":"","background-repeat":"repeat","background-position":"center center","background-size":"auto","background-attachment":"scroll","background-type":"","background-media":"","overlay-type":"","overlay-color":"","overlay-opacity":"","overlay-gradient":""}},"ast-content-background-meta":{"desktop":{"background-color":"var(--ast-global-color-5)","background-image":"","background-repeat":"repeat","background-position":"center center","background-size":"auto","background-attachment":"scroll","background-type":"","background-media":"","overlay-type":"","overlay-color":"","overlay-opacity":"","overlay-gradient":""},"tablet":{"background-color":"var(--ast-global-color-5)","background-image":"","background-repeat":"repeat","background-position":"center center","background-size":"auto","background-attachment":"scroll","background-type":"","background-media":"","overlay-type":"","overlay-color":"","overlay-opacity":"","overlay-gradient":""},"mobile":{"background-color":"var(--ast-global-color-5)","background-image":"","background-repeat":"repeat","background-position":"center center","background-size":"auto","background-attachment":"scroll","background-type":"","background-media":"","overlay-type":"","overlay-color":"","overlay-opacity":"","overlay-gradient":""}},"footnotes":""},"categories":[1,2,4,5],"tags":[],"class_list":["post-9619","post","type-post","status-publish","format-standard","has-post-thumbnail","hentry","category-general","category-infantil","category-portada","category-primaria"],"post_mailing_queue_ids":[],"_links":{"self":[{"href":"https:\/\/agora.xtec.cat\/ceipsalvadorninot\/wp-json\/wp\/v2\/posts\/9619","targetHints":{"allow":["GET"]}}],"collection":[{"href":"https:\/\/agora.xtec.cat\/ceipsalvadorninot\/wp-json\/wp\/v2\/posts"}],"about":[{"href":"https:\/\/agora.xtec.cat\/ceipsalvadorninot\/wp-json\/wp\/v2\/types\/post"}],"author":[{"embeddable":true,"href":"https:\/\/agora.xtec.cat\/ceipsalvadorninot\/wp-json\/wp\/v2\/users\/16"}],"replies":[{"embeddable":true,"href":"https:\/\/agora.xtec.cat\/ceipsalvadorninot\/wp-json\/wp\/v2\/comments?post=9619"}],"version-history":[{"count":4,"href":"https:\/\/agora.xtec.cat\/ceipsalvadorninot\/wp-json\/wp\/v2\/posts\/9619\/revisions"}],"predecessor-version":[{"id":9653,"href":"https:\/\/agora.xtec.cat\/ceipsalvadorninot\/wp-json\/wp\/v2\/posts\/9619\/revisions\/9653"}],"wp:featuredmedia":[{"embeddable":true,"href":"https:\/\/agora.xtec.cat\/ceipsalvadorninot\/wp-json\/wp\/v2\/media\/9620"}],"wp:attachment":[{"href":"https:\/\/agora.xtec.cat\/ceipsalvadorninot\/wp-json\/wp\/v2\/media?parent=9619"}],"wp:term":[{"taxonomy":"category","embeddable":true,"href":"https:\/\/agora.xtec.cat\/ceipsalvadorninot\/wp-json\/wp\/v2\/categories?post=9619"},{"taxonomy":"post_tag","embeddable":true,"href":"https:\/\/agora.xtec.cat\/ceipsalvadorninot\/wp-json\/wp\/v2\/tags?post=9619"}],"curies":[{"name":"wp","href":"https:\/\/api.w.org\/{rel}","templated":true}]}}