{"id":9271,"date":"2025-03-30T23:26:37","date_gmt":"2025-03-30T21:26:37","guid":{"rendered":"https:\/\/agora.xtec.cat\/ceipsalvadorninot\/?p=9271"},"modified":"2025-03-30T23:26:37","modified_gmt":"2025-03-30T21:26:37","slug":"concurs-lectura-en-veu-alta-2025","status":"publish","type":"post","link":"https:\/\/agora.xtec.cat\/ceipsalvadorninot\/general\/concurs-lectura-en-veu-alta-2025\/","title":{"rendered":"Concurs: Lectura en Veu Alta 2025"},"content":{"rendered":"<p data-pm-slice=\"1 1 []\">El passat dimarts 25 de mar\u00e7, dues de les nostres alumnes van representar l&#8217;Escola Salvador Ninot de Sarral en el Concurs de Lectura en Veu Alta, celebrat al Centre de Lectura de Reus. Va ser una jornada plena d\u2019emoci\u00f3 i de passi\u00f3 per la lectura! \ud83d\udcda\ud83d\udcab<\/p>\n<p data-pm-slice=\"1 1 []\"><a href=\"https:\/\/agora.xtec.cat\/ceipsalvadorninot\/wp-content\/uploads\/usu1097\/2025\/03\/1743368338770-scaled.jpg\"><img loading=\"lazy\" decoding=\"async\" class=\"wp-image-9272 alignright\" src=\"https:\/\/agora.xtec.cat\/ceipsalvadorninot\/wp-content\/uploads\/usu1097\/2025\/03\/1743368338770-768x1024.jpg\" alt=\"\" width=\"391\" height=\"521\" srcset=\"https:\/\/agora.xtec.cat\/ceipsalvadorninot\/wp-content\/uploads\/usu1097\/2025\/03\/1743368338770-768x1024.jpg 768w, https:\/\/agora.xtec.cat\/ceipsalvadorninot\/wp-content\/uploads\/usu1097\/2025\/03\/1743368338770-225x300.jpg 225w, https:\/\/agora.xtec.cat\/ceipsalvadorninot\/wp-content\/uploads\/usu1097\/2025\/03\/1743368338770-1152x1536.jpg 1152w, https:\/\/agora.xtec.cat\/ceipsalvadorninot\/wp-content\/uploads\/usu1097\/2025\/03\/1743368338770-1536x2048.jpg 1536w, https:\/\/agora.xtec.cat\/ceipsalvadorninot\/wp-content\/uploads\/usu1097\/2025\/03\/1743368338770-scaled.jpg 1920w\" sizes=\"auto, (max-width: 391px) 100vw, 391px\" \/><\/a>L&#8217;Alba Vilalta Fuentes, alumna de 5\u00e8, i la Ghofrane Beddidi, de 3r, van ser les representants de la nostra escola, llegint amb expressivitat i seguretat els fragments dels llibres que els pertocaven segons la seva franja d&#8217;edat. Durant setmanes, van preparar-se amb molta dedicaci\u00f3, comptant sempre amb el suport dels seus companys i mestres tutores, que les van acompanyar en tot moment durant els dies previs al concurs.<\/p>\n<p>L\u2019experi\u00e8ncia va ser molt enriquidora, ja que, m\u00e9s enll\u00e0 de la competici\u00f3, les nostres alumnes van poder compartir aquest moment amb estudiants d\u2019altres escoles i gaudir de l\u2019art de la lectura en veu alta. Com a reconeixement a la seva participaci\u00f3, tant l&#8217;Alba com la Ghofrane van rebre un diploma i un llibre de lectura. \ud83c\udfc6\ud83d\udcd6<\/p>\n<p>Des de l\u2019escola, estem molt orgullosos d\u2019elles i del seu esfor\u00e7! Felicitats, Alba i Ghofrane! \ud83c\udf89\ud83d\ude0a<\/p>\n<p>&nbsp;<\/p>\n<p>&nbsp;<\/p>\n<p>&nbsp;<\/p>\n<p style=\"text-align: right;\">La mestra tutora de 5\u00e8 i la directora de l&#8217;escola van acompanyar les alumnes durant el concurs.<\/p>\n<p><a href=\"https:\/\/agora.xtec.cat\/ceipsalvadorninot\/wp-content\/uploads\/usu1097\/2025\/03\/1743368338800-scaled.jpg\"><img loading=\"lazy\" decoding=\"async\" class=\"alignnone  wp-image-9268\" src=\"https:\/\/agora.xtec.cat\/ceipsalvadorninot\/wp-content\/uploads\/usu1097\/2025\/03\/1743368338800-768x1024.jpg\" alt=\"\" width=\"262\" height=\"349\" srcset=\"https:\/\/agora.xtec.cat\/ceipsalvadorninot\/wp-content\/uploads\/usu1097\/2025\/03\/1743368338800-768x1024.jpg 768w, https:\/\/agora.xtec.cat\/ceipsalvadorninot\/wp-content\/uploads\/usu1097\/2025\/03\/1743368338800-225x300.jpg 225w, https:\/\/agora.xtec.cat\/ceipsalvadorninot\/wp-content\/uploads\/usu1097\/2025\/03\/1743368338800-1152x1536.jpg 1152w, https:\/\/agora.xtec.cat\/ceipsalvadorninot\/wp-content\/uploads\/usu1097\/2025\/03\/1743368338800-1536x2048.jpg 1536w, https:\/\/agora.xtec.cat\/ceipsalvadorninot\/wp-content\/uploads\/usu1097\/2025\/03\/1743368338800-scaled.jpg 1920w\" sizes=\"auto, (max-width: 262px) 100vw, 262px\" \/> <\/a><a href=\"https:\/\/agora.xtec.cat\/ceipsalvadorninot\/wp-content\/uploads\/usu1097\/2025\/03\/1743368338817.jpg\"><img loading=\"lazy\" decoding=\"async\" class=\"alignnone  wp-image-9267\" src=\"https:\/\/agora.xtec.cat\/ceipsalvadorninot\/wp-content\/uploads\/usu1097\/2025\/03\/1743368338817-768x1024.jpg\" alt=\"\" width=\"263\" height=\"351\" srcset=\"https:\/\/agora.xtec.cat\/ceipsalvadorninot\/wp-content\/uploads\/usu1097\/2025\/03\/1743368338817-768x1024.jpg 768w, https:\/\/agora.xtec.cat\/ceipsalvadorninot\/wp-content\/uploads\/usu1097\/2025\/03\/1743368338817-225x300.jpg 225w, https:\/\/agora.xtec.cat\/ceipsalvadorninot\/wp-content\/uploads\/usu1097\/2025\/03\/1743368338817-1152x1536.jpg 1152w, https:\/\/agora.xtec.cat\/ceipsalvadorninot\/wp-content\/uploads\/usu1097\/2025\/03\/1743368338817-1536x2048.jpg 1536w, https:\/\/agora.xtec.cat\/ceipsalvadorninot\/wp-content\/uploads\/usu1097\/2025\/03\/1743368338817.jpg 1820w\" sizes=\"auto, (max-width: 263px) 100vw, 263px\" \/><\/a><a href=\"https:\/\/agora.xtec.cat\/ceipsalvadorninot\/wp-content\/uploads\/usu1097\/2025\/03\/1743368338786-scaled.jpg\"><img loading=\"lazy\" decoding=\"async\" class=\"wp-image-9269 alignleft\" src=\"https:\/\/agora.xtec.cat\/ceipsalvadorninot\/wp-content\/uploads\/usu1097\/2025\/03\/1743368338786-768x1024.jpg\" alt=\"\" width=\"245\" height=\"326\" srcset=\"https:\/\/agora.xtec.cat\/ceipsalvadorninot\/wp-content\/uploads\/usu1097\/2025\/03\/1743368338786-768x1024.jpg 768w, https:\/\/agora.xtec.cat\/ceipsalvadorninot\/wp-content\/uploads\/usu1097\/2025\/03\/1743368338786-225x300.jpg 225w, https:\/\/agora.xtec.cat\/ceipsalvadorninot\/wp-content\/uploads\/usu1097\/2025\/03\/1743368338786-1152x1536.jpg 1152w, https:\/\/agora.xtec.cat\/ceipsalvadorninot\/wp-content\/uploads\/usu1097\/2025\/03\/1743368338786-1536x2048.jpg 1536w, https:\/\/agora.xtec.cat\/ceipsalvadorninot\/wp-content\/uploads\/usu1097\/2025\/03\/1743368338786-scaled.jpg 1920w\" sizes=\"auto, (max-width: 245px) 100vw, 245px\" \/><\/a><\/p>\n","protected":false},"excerpt":{"rendered":"<p>El passat dimarts 25 de mar\u00e7, dues de les nostres alumnes van representar l&#8217;Escola Salvador Ninot de Sarral en el [&hellip;]<\/p>\n","protected":false},"author":53,"featured_media":9272,"comment_status":"open","ping_status":"closed","sticky":false,"template":"","format":"standard","meta":{"_bbp_topic_count":0,"_bbp_reply_count":0,"_bbp_total_topic_count":0,"_bbp_total_reply_count":0,"_bbp_voice_count":0,"_bbp_anonymous_reply_count":0,"_bbp_topic_count_hidden":0,"_bbp_reply_count_hidden":0,"_bbp_forum_subforum_count":0,"site-sidebar-layout":"default","site-content-layout":"","ast-site-content-layout":"default","site-content-style":"default","site-sidebar-style":"default","ast-global-header-display":"","ast-banner-title-visibility":"","ast-main-header-display":"","ast-hfb-above-header-display":"","ast-hfb-below-header-display":"","ast-hfb-mobile-header-display":"","site-post-title":"","ast-breadcrumbs-content":"","ast-featured-img":"","footer-sml-layout":"","theme-transparent-header-meta":"default","adv-header-id-meta":"","stick-header-meta":"","header-above-stick-meta":"","header-main-stick-meta":"","header-below-stick-meta":"","astra-migrate-meta-layouts":"set","ast-page-background-enabled":"default","ast-page-background-meta":{"desktop":{"background-color":"var(--ast-global-color-4)","background-image":"","background-repeat":"repeat","background-position":"center center","background-size":"auto","background-attachment":"scroll","background-type":"","background-media":"","overlay-type":"","overlay-color":"","overlay-opacity":"","overlay-gradient":""},"tablet":{"background-color":"","background-image":"","background-repeat":"repeat","background-position":"center center","background-size":"auto","background-attachment":"scroll","background-type":"","background-media":"","overlay-type":"","overlay-color":"","overlay-opacity":"","overlay-gradient":""},"mobile":{"background-color":"","background-image":"","background-repeat":"repeat","background-position":"center center","background-size":"auto","background-attachment":"scroll","background-type":"","background-media":"","overlay-type":"","overlay-color":"","overlay-opacity":"","overlay-gradient":""}},"ast-content-background-meta":{"desktop":{"background-color":"var(--ast-global-color-5)","background-image":"","background-repeat":"repeat","background-position":"center center","background-size":"auto","background-attachment":"scroll","background-type":"","background-media":"","overlay-type":"","overlay-color":"","overlay-opacity":"","overlay-gradient":""},"tablet":{"background-color":"var(--ast-global-color-5)","background-image":"","background-repeat":"repeat","background-position":"center center","background-size":"auto","background-attachment":"scroll","background-type":"","background-media":"","overlay-type":"","overlay-color":"","overlay-opacity":"","overlay-gradient":""},"mobile":{"background-color":"var(--ast-global-color-5)","background-image":"","background-repeat":"repeat","background-position":"center center","background-size":"auto","background-attachment":"scroll","background-type":"","background-media":"","overlay-type":"","overlay-color":"","overlay-opacity":"","overlay-gradient":""}},"footnotes":""},"categories":[12,14,1,4,5],"tags":[],"class_list":["post-9271","post","type-post","status-publish","format-standard","has-post-thumbnail","hentry","category-3r","category-5e","category-general","category-portada","category-primaria"],"post_mailing_queue_ids":[],"_links":{"self":[{"href":"https:\/\/agora.xtec.cat\/ceipsalvadorninot\/wp-json\/wp\/v2\/posts\/9271","targetHints":{"allow":["GET"]}}],"collection":[{"href":"https:\/\/agora.xtec.cat\/ceipsalvadorninot\/wp-json\/wp\/v2\/posts"}],"about":[{"href":"https:\/\/agora.xtec.cat\/ceipsalvadorninot\/wp-json\/wp\/v2\/types\/post"}],"author":[{"embeddable":true,"href":"https:\/\/agora.xtec.cat\/ceipsalvadorninot\/wp-json\/wp\/v2\/users\/53"}],"replies":[{"embeddable":true,"href":"https:\/\/agora.xtec.cat\/ceipsalvadorninot\/wp-json\/wp\/v2\/comments?post=9271"}],"version-history":[{"count":5,"href":"https:\/\/agora.xtec.cat\/ceipsalvadorninot\/wp-json\/wp\/v2\/posts\/9271\/revisions"}],"predecessor-version":[{"id":9277,"href":"https:\/\/agora.xtec.cat\/ceipsalvadorninot\/wp-json\/wp\/v2\/posts\/9271\/revisions\/9277"}],"wp:featuredmedia":[{"embeddable":true,"href":"https:\/\/agora.xtec.cat\/ceipsalvadorninot\/wp-json\/wp\/v2\/media\/9272"}],"wp:attachment":[{"href":"https:\/\/agora.xtec.cat\/ceipsalvadorninot\/wp-json\/wp\/v2\/media?parent=9271"}],"wp:term":[{"taxonomy":"category","embeddable":true,"href":"https:\/\/agora.xtec.cat\/ceipsalvadorninot\/wp-json\/wp\/v2\/categories?post=9271"},{"taxonomy":"post_tag","embeddable":true,"href":"https:\/\/agora.xtec.cat\/ceipsalvadorninot\/wp-json\/wp\/v2\/tags?post=9271"}],"curies":[{"name":"wp","href":"https:\/\/api.w.org\/{rel}","templated":true}]}}