{"id":8894,"date":"2024-11-25T16:56:27","date_gmt":"2024-11-25T15:56:27","guid":{"rendered":"https:\/\/agora.xtec.cat\/ceipsalvadorninot\/?p=8894"},"modified":"2024-12-18T10:23:00","modified_gmt":"2024-12-18T09:23:00","slug":"eduquem-en-igualtat","status":"publish","type":"post","link":"https:\/\/agora.xtec.cat\/ceipsalvadorninot\/general\/eduquem-en-igualtat\/","title":{"rendered":"Eduquem en igualtat"},"content":{"rendered":"<p><span style=\"font-weight: 400;\">Avui, 25 de novembre, \u00e9s el <\/span><b>dia internacional per a l&#8217;eliminaci\u00f3 de la viol\u00e8ncia contra les dones<\/b><span style=\"font-weight: 400;\">. Aquesta jornada, instaurada per l&#8217;ONU l&#8217;any 2000, pret\u00e9n conscienciar la ciutadania que la lluita contra les viol\u00e8ncies masclistes \u00e9s una <\/span><b>lluita col\u00b7lectiva<\/b><span style=\"font-weight: 400;\"> que requereix la implicaci\u00f3 de <\/span><b>TOTA <\/b><span style=\"font-weight: 400;\">la societat.\u00a0<\/span><\/p>\n<p><span style=\"font-weight: 400;\">Aquesta implicaci\u00f3 \u00e9s l\u2019inici d\u2019un cam\u00ed cap a una societat basada en la igualtat i la no discriminaci\u00f3 i ha de comen\u00e7ar des de ben petits i petites. L\u2019escola \u00e9s el reflex de la societat, per aquest motiu \u00e9s important intervenir des d\u2019una <\/span><b>visi\u00f3 coeducativa<\/b><span style=\"font-weight: 400;\"> amb l\u2019objectiu d\u2019aconseguir una transformaci\u00f3 social i cultural que promogui relacions sanes i saludables i basades en el respecte.\u00a0<\/span><\/p>\n<p><span style=\"font-weight: 400;\">Aprofitant que les darreres setmanes hem estat treballant el text descriptiu, l\u2019alumnat de 5\u00e8 ha elaborat unes targetes descriptives sobre diferents dones, el paper de les quals, ha sigut i \u00e9s important en la lluita i l\u2019adquisici\u00f3 de drets per la igualtat de g\u00e8nere. En aquestes targetes, a banda de descriure-les, han explicat quin ha estat el seu paper en aquesta transformaci\u00f3, que de mica en mica, anem assolint.\u00a0<\/span><\/p>\n<p><span style=\"font-weight: 400;\">Hem pogut parlar sobre les diferents hist\u00f2ries que hem conegut i, tamb\u00e9, hem reflexionat sobre els passets que hem anat aconseguint gr\u00e0cies a la valentia i a la lluita de totes i cadascuna d\u2019elles.\u00a0<\/span><\/p>\n<p>&nbsp;<\/p>\n<p><span style=\"font-weight: 400;\">Si voleu veure un tastet de tota la feinada que han fet, aqu\u00ed us deixem un parell d\u2019imatges.<\/span><\/p>\n<p>&nbsp;<\/p>\n<p><a href=\"https:\/\/agora.xtec.cat\/ceipsalvadorninot\/wp-content\/uploads\/usu1097\/2024\/11\/IMG_1856_11zon-scaled.jpg\"><img loading=\"lazy\" decoding=\"async\" class=\"aligncenter wp-image-8888 size-large\" src=\"https:\/\/agora.xtec.cat\/ceipsalvadorninot\/wp-content\/uploads\/usu1097\/2024\/11\/IMG_1856_11zon-819x1024.jpg\" alt=\"\" width=\"819\" height=\"1024\" srcset=\"https:\/\/agora.xtec.cat\/ceipsalvadorninot\/wp-content\/uploads\/usu1097\/2024\/11\/IMG_1856_11zon-819x1024.jpg 819w, https:\/\/agora.xtec.cat\/ceipsalvadorninot\/wp-content\/uploads\/usu1097\/2024\/11\/IMG_1856_11zon-240x300.jpg 240w, https:\/\/agora.xtec.cat\/ceipsalvadorninot\/wp-content\/uploads\/usu1097\/2024\/11\/IMG_1856_11zon-768x960.jpg 768w, https:\/\/agora.xtec.cat\/ceipsalvadorninot\/wp-content\/uploads\/usu1097\/2024\/11\/IMG_1856_11zon-1229x1536.jpg 1229w, https:\/\/agora.xtec.cat\/ceipsalvadorninot\/wp-content\/uploads\/usu1097\/2024\/11\/IMG_1856_11zon-1639x2048.jpg 1639w, https:\/\/agora.xtec.cat\/ceipsalvadorninot\/wp-content\/uploads\/usu1097\/2024\/11\/IMG_1856_11zon-scaled.jpg 2048w\" sizes=\"auto, (max-width: 819px) 100vw, 819px\" \/><\/a><\/p>\n<p><a href=\"https:\/\/agora.xtec.cat\/ceipsalvadorninot\/wp-content\/uploads\/usu1097\/2024\/11\/IMG_1855_11zon-scaled.jpg\"><img loading=\"lazy\" decoding=\"async\" class=\"aligncenter wp-image-8889 size-large\" src=\"https:\/\/agora.xtec.cat\/ceipsalvadorninot\/wp-content\/uploads\/usu1097\/2024\/11\/IMG_1855_11zon-819x1024.jpg\" alt=\"\" width=\"819\" height=\"1024\" srcset=\"https:\/\/agora.xtec.cat\/ceipsalvadorninot\/wp-content\/uploads\/usu1097\/2024\/11\/IMG_1855_11zon-819x1024.jpg 819w, https:\/\/agora.xtec.cat\/ceipsalvadorninot\/wp-content\/uploads\/usu1097\/2024\/11\/IMG_1855_11zon-240x300.jpg 240w, https:\/\/agora.xtec.cat\/ceipsalvadorninot\/wp-content\/uploads\/usu1097\/2024\/11\/IMG_1855_11zon-768x960.jpg 768w, https:\/\/agora.xtec.cat\/ceipsalvadorninot\/wp-content\/uploads\/usu1097\/2024\/11\/IMG_1855_11zon-1229x1536.jpg 1229w, https:\/\/agora.xtec.cat\/ceipsalvadorninot\/wp-content\/uploads\/usu1097\/2024\/11\/IMG_1855_11zon-1638x2048.jpg 1638w, https:\/\/agora.xtec.cat\/ceipsalvadorninot\/wp-content\/uploads\/usu1097\/2024\/11\/IMG_1855_11zon-scaled.jpg 2048w\" sizes=\"auto, (max-width: 819px) 100vw, 819px\" \/><\/a><\/p>\n","protected":false},"excerpt":{"rendered":"<p>Avui, 25 de novembre, \u00e9s el dia internacional per a l&#8217;eliminaci\u00f3 de la viol\u00e8ncia contra les dones. Aquesta jornada, instaurada [&hellip;]<\/p>\n","protected":false},"author":56,"featured_media":0,"comment_status":"open","ping_status":"closed","sticky":false,"template":"","format":"standard","meta":{"_bbp_topic_count":0,"_bbp_reply_count":0,"_bbp_total_topic_count":0,"_bbp_total_reply_count":0,"_bbp_voice_count":0,"_bbp_anonymous_reply_count":0,"_bbp_topic_count_hidden":0,"_bbp_reply_count_hidden":0,"_bbp_forum_subforum_count":0,"site-sidebar-layout":"default","site-content-layout":"","ast-site-content-layout":"","site-content-style":"default","site-sidebar-style":"default","ast-global-header-display":"","ast-banner-title-visibility":"","ast-main-header-display":"","ast-hfb-above-header-display":"","ast-hfb-below-header-display":"","ast-hfb-mobile-header-display":"","site-post-title":"","ast-breadcrumbs-content":"","ast-featured-img":"","footer-sml-layout":"","theme-transparent-header-meta":"","adv-header-id-meta":"","stick-header-meta":"","header-above-stick-meta":"","header-main-stick-meta":"","header-below-stick-meta":"","astra-migrate-meta-layouts":"default","ast-page-background-enabled":"default","ast-page-background-meta":{"desktop":{"background-color":"var(--ast-global-color-4)","background-image":"","background-repeat":"repeat","background-position":"center center","background-size":"auto","background-attachment":"scroll","background-type":"","background-media":"","overlay-type":"","overlay-color":"","overlay-opacity":"","overlay-gradient":""},"tablet":{"background-color":"","background-image":"","background-repeat":"repeat","background-position":"center center","background-size":"auto","background-attachment":"scroll","background-type":"","background-media":"","overlay-type":"","overlay-color":"","overlay-opacity":"","overlay-gradient":""},"mobile":{"background-color":"","background-image":"","background-repeat":"repeat","background-position":"center center","background-size":"auto","background-attachment":"scroll","background-type":"","background-media":"","overlay-type":"","overlay-color":"","overlay-opacity":"","overlay-gradient":""}},"ast-content-background-meta":{"desktop":{"background-color":"var(--ast-global-color-5)","background-image":"","background-repeat":"repeat","background-position":"center center","background-size":"auto","background-attachment":"scroll","background-type":"","background-media":"","overlay-type":"","overlay-color":"","overlay-opacity":"","overlay-gradient":""},"tablet":{"background-color":"var(--ast-global-color-5)","background-image":"","background-repeat":"repeat","background-position":"center center","background-size":"auto","background-attachment":"scroll","background-type":"","background-media":"","overlay-type":"","overlay-color":"","overlay-opacity":"","overlay-gradient":""},"mobile":{"background-color":"var(--ast-global-color-5)","background-image":"","background-repeat":"repeat","background-position":"center center","background-size":"auto","background-attachment":"scroll","background-type":"","background-media":"","overlay-type":"","overlay-color":"","overlay-opacity":"","overlay-gradient":""}},"footnotes":""},"categories":[14,1,4,5],"tags":[],"class_list":["post-8894","post","type-post","status-publish","format-standard","hentry","category-5e","category-general","category-portada","category-primaria"],"post_mailing_queue_ids":[],"_links":{"self":[{"href":"https:\/\/agora.xtec.cat\/ceipsalvadorninot\/wp-json\/wp\/v2\/posts\/8894","targetHints":{"allow":["GET"]}}],"collection":[{"href":"https:\/\/agora.xtec.cat\/ceipsalvadorninot\/wp-json\/wp\/v2\/posts"}],"about":[{"href":"https:\/\/agora.xtec.cat\/ceipsalvadorninot\/wp-json\/wp\/v2\/types\/post"}],"author":[{"embeddable":true,"href":"https:\/\/agora.xtec.cat\/ceipsalvadorninot\/wp-json\/wp\/v2\/users\/56"}],"replies":[{"embeddable":true,"href":"https:\/\/agora.xtec.cat\/ceipsalvadorninot\/wp-json\/wp\/v2\/comments?post=8894"}],"version-history":[{"count":2,"href":"https:\/\/agora.xtec.cat\/ceipsalvadorninot\/wp-json\/wp\/v2\/posts\/8894\/revisions"}],"predecessor-version":[{"id":8922,"href":"https:\/\/agora.xtec.cat\/ceipsalvadorninot\/wp-json\/wp\/v2\/posts\/8894\/revisions\/8922"}],"wp:attachment":[{"href":"https:\/\/agora.xtec.cat\/ceipsalvadorninot\/wp-json\/wp\/v2\/media?parent=8894"}],"wp:term":[{"taxonomy":"category","embeddable":true,"href":"https:\/\/agora.xtec.cat\/ceipsalvadorninot\/wp-json\/wp\/v2\/categories?post=8894"},{"taxonomy":"post_tag","embeddable":true,"href":"https:\/\/agora.xtec.cat\/ceipsalvadorninot\/wp-json\/wp\/v2\/tags?post=8894"}],"curies":[{"name":"wp","href":"https:\/\/api.w.org\/{rel}","templated":true}]}}