{"id":8873,"date":"2024-11-17T22:32:27","date_gmt":"2024-11-17T21:32:27","guid":{"rendered":"https:\/\/agora.xtec.cat\/ceipsalvadorninot\/?p=8873"},"modified":"2024-12-18T10:23:15","modified_gmt":"2024-12-18T09:23:15","slug":"cap-de-setmana-esportiu-2","status":"publish","type":"post","link":"https:\/\/agora.xtec.cat\/ceipsalvadorninot\/general\/cap-de-setmana-esportiu-2\/","title":{"rendered":"Cap de setmana esportiu"},"content":{"rendered":"<div><em><strong>CURSA DE BTT A SARRAL.<\/strong><\/em><\/div>\n<div><\/div>\n<div>Aquest dissabte 16 de novembre es va celebrar la primera BTT a Sarral. Un mat\u00ed amb un temps excel\u00b7lent i un circuit al voltant del camp de futbol de Sarral, amb uns 50 esportistes de les nostres comarques, on pares, mares i familiars van gaudir de les curses des dels m\u00e9s petitons fins els m\u00e9s grans.<\/div>\n<div>La nostra escola tamb\u00e9 va tenir representaci\u00f3 en aquesta cursa amb un total de 6 alumnes, tres del quals van obtenir molt bon resultat.<\/div>\n<div><\/div>\n<div>Donar les gr\u00e0cies per l&#8217;organitzaci\u00f3 de la BTT al Sr. Josep Amill, al Consell Esportiu i a les fam\u00edlies Vil\u00e0 Potau i Bonet Casabona que han fet que s&#8217;hagi pogut realitzar aquesta cura de BTT a Sarral.<\/div>\n<div><\/div>\n<div>Properes curses de BTT:<\/div>\n<ul>\n<li>\n<div>16 Mar\u00e7 BTT a Montblanc<\/div>\n<\/li>\n<li>\n<div>18 Maig BTT a l&#8217;Espluga de Francol\u00ed<\/div>\n<\/li>\n<\/ul>\n<p><em><strong>CROS ESCOLAR.<\/strong><\/em><\/p>\n<div>Avui diumenge 17 de novembre, s&#8217;ha celebrat el primer cros comarcal a Montblanc.<\/div>\n<div>Un gran volum d&#8217;esportistes s&#8217;han aplegat a Montblanc per realitzar el primer cros comarcal de la comarca, en una zona perfecta per fer curses de totes les edats. Amb un dia assolellat, els corredors han gaudit de les curses.<\/div>\n<div>Un total de 6 corredors han representat la nostra escola.<\/div>\n<div><\/div>\n<div>Properes crossos:<\/div>\n<ul>\n<li>\n<div>16 de Febrer Santa Coloma de Queralt<\/div>\n<\/li>\n<li>\n<div>9 de Mar\u00e7 Espluga de Francol\u00ed<\/div>\n<\/li>\n<\/ul>\n","protected":false},"excerpt":{"rendered":"<p>CURSA DE BTT A SARRAL. Aquest dissabte 16 de novembre es va celebrar la primera BTT a Sarral. Un mat\u00ed [&hellip;]<\/p>\n","protected":false},"author":1,"featured_media":8874,"comment_status":"open","ping_status":"closed","sticky":false,"template":"","format":"standard","meta":{"_bbp_topic_count":0,"_bbp_reply_count":0,"_bbp_total_topic_count":0,"_bbp_total_reply_count":0,"_bbp_voice_count":0,"_bbp_anonymous_reply_count":0,"_bbp_topic_count_hidden":0,"_bbp_reply_count_hidden":0,"_bbp_forum_subforum_count":0,"site-sidebar-layout":"default","site-content-layout":"","ast-site-content-layout":"","site-content-style":"default","site-sidebar-style":"default","ast-global-header-display":"","ast-banner-title-visibility":"","ast-main-header-display":"","ast-hfb-above-header-display":"","ast-hfb-below-header-display":"","ast-hfb-mobile-header-display":"","site-post-title":"","ast-breadcrumbs-content":"","ast-featured-img":"","footer-sml-layout":"","theme-transparent-header-meta":"","adv-header-id-meta":"","stick-header-meta":"","header-above-stick-meta":"","header-main-stick-meta":"","header-below-stick-meta":"","astra-migrate-meta-layouts":"default","ast-page-background-enabled":"default","ast-page-background-meta":{"desktop":{"background-color":"var(--ast-global-color-4)","background-image":"","background-repeat":"repeat","background-position":"center center","background-size":"auto","background-attachment":"scroll","background-type":"","background-media":"","overlay-type":"","overlay-color":"","overlay-opacity":"","overlay-gradient":""},"tablet":{"background-color":"","background-image":"","background-repeat":"repeat","background-position":"center center","background-size":"auto","background-attachment":"scroll","background-type":"","background-media":"","overlay-type":"","overlay-color":"","overlay-opacity":"","overlay-gradient":""},"mobile":{"background-color":"","background-image":"","background-repeat":"repeat","background-position":"center center","background-size":"auto","background-attachment":"scroll","background-type":"","background-media":"","overlay-type":"","overlay-color":"","overlay-opacity":"","overlay-gradient":""}},"ast-content-background-meta":{"desktop":{"background-color":"var(--ast-global-color-5)","background-image":"","background-repeat":"repeat","background-position":"center center","background-size":"auto","background-attachment":"scroll","background-type":"","background-media":"","overlay-type":"","overlay-color":"","overlay-opacity":"","overlay-gradient":""},"tablet":{"background-color":"var(--ast-global-color-5)","background-image":"","background-repeat":"repeat","background-position":"center center","background-size":"auto","background-attachment":"scroll","background-type":"","background-media":"","overlay-type":"","overlay-color":"","overlay-opacity":"","overlay-gradient":""},"mobile":{"background-color":"var(--ast-global-color-5)","background-image":"","background-repeat":"repeat","background-position":"center center","background-size":"auto","background-attachment":"scroll","background-type":"","background-media":"","overlay-type":"","overlay-color":"","overlay-opacity":"","overlay-gradient":""}},"footnotes":""},"categories":[10,11,12,13,14,15,106,1,4,5],"tags":[],"class_list":["post-8873","post","type-post","status-publish","format-standard","has-post-thumbnail","hentry","category-1r","category-2n","category-3r","category-4t","category-5e","category-6e","category-ef-pcee","category-general","category-portada","category-primaria"],"post_mailing_queue_ids":[],"_links":{"self":[{"href":"https:\/\/agora.xtec.cat\/ceipsalvadorninot\/wp-json\/wp\/v2\/posts\/8873","targetHints":{"allow":["GET"]}}],"collection":[{"href":"https:\/\/agora.xtec.cat\/ceipsalvadorninot\/wp-json\/wp\/v2\/posts"}],"about":[{"href":"https:\/\/agora.xtec.cat\/ceipsalvadorninot\/wp-json\/wp\/v2\/types\/post"}],"author":[{"embeddable":true,"href":"https:\/\/agora.xtec.cat\/ceipsalvadorninot\/wp-json\/wp\/v2\/users\/1"}],"replies":[{"embeddable":true,"href":"https:\/\/agora.xtec.cat\/ceipsalvadorninot\/wp-json\/wp\/v2\/comments?post=8873"}],"version-history":[{"count":4,"href":"https:\/\/agora.xtec.cat\/ceipsalvadorninot\/wp-json\/wp\/v2\/posts\/8873\/revisions"}],"predecessor-version":[{"id":8923,"href":"https:\/\/agora.xtec.cat\/ceipsalvadorninot\/wp-json\/wp\/v2\/posts\/8873\/revisions\/8923"}],"wp:featuredmedia":[{"embeddable":true,"href":"https:\/\/agora.xtec.cat\/ceipsalvadorninot\/wp-json\/wp\/v2\/media\/8874"}],"wp:attachment":[{"href":"https:\/\/agora.xtec.cat\/ceipsalvadorninot\/wp-json\/wp\/v2\/media?parent=8873"}],"wp:term":[{"taxonomy":"category","embeddable":true,"href":"https:\/\/agora.xtec.cat\/ceipsalvadorninot\/wp-json\/wp\/v2\/categories?post=8873"},{"taxonomy":"post_tag","embeddable":true,"href":"https:\/\/agora.xtec.cat\/ceipsalvadorninot\/wp-json\/wp\/v2\/tags?post=8873"}],"curies":[{"name":"wp","href":"https:\/\/api.w.org\/{rel}","templated":true}]}}