{"id":8689,"date":"2024-07-02T11:48:40","date_gmt":"2024-07-02T09:48:40","guid":{"rendered":"https:\/\/agora.xtec.cat\/ceipsalvadorninot\/?p=8689"},"modified":"2024-07-02T11:49:41","modified_gmt":"2024-07-02T09:49:41","slug":"lliurament-llibres-de-text-alumnes-primaria","status":"publish","type":"post","link":"https:\/\/agora.xtec.cat\/ceipsalvadorninot\/general\/lliurament-llibres-de-text-alumnes-primaria\/","title":{"rendered":"Lliurament llibres de text alumnes PRIM\u00c0RIA. Curs 2024-2025"},"content":{"rendered":"<div>Us informem que properament tindr\u00e0 lloc l&#8217;entrega de llibres de text de l&#8217;alumnat d&#8217;educaci\u00f3 prim\u00e0ria.<\/div>\n<div><\/div>\n<div>Ser\u00e0 el proper <b><span style=\"color: #ff00ff;\"><span style=\"font-size: large;\">dijous, 11 de juliol de 2024<\/span>\u00a0<\/span><\/b>de\u00a0<b><span style=\"color: #9900ff;\"><span style=\"font-size: large;\">9h a 13.30h<\/span><\/span><\/b>. Podreu passar a recollir els llibres de text dels vostres fills\/es des de la <b><span style=\"color: #6aa84f; font-size: large;\">finestra de l&#8217;aula que dona a la pista<\/span><\/b>.<\/div>\n<div><\/div>\n<div>Per a la recollida de\u00a0llibres\u00a0<span style=\"color: #0000ff; font-size: large;\"><b>\u00e9s imprescindible justificar el pagament dels\u00a0llibres\u00a0i la quota de l&#8217;AFA<\/b><\/span>.<\/div>\n<div><\/div>\n<div>Cal\u00a0<span style=\"color: #e69138; font-size: large;\"><b>portar una bossa<\/b><\/span>\u00a0per poder posar els\u00a0llibres\u00a0que s&#8217;entregaran.<\/div>\n<div><\/div>\n<div>Cartell informatiu: <a href=\"https:\/\/agora.xtec.cat\/ceipsalvadorninot\/wp-content\/uploads\/usu1097\/2024\/07\/Entrega-de-llibres.-Curs-2024-2025.pdf\">Entrega de llibres. Curs 2024-2025<\/a><\/div>\n<div><\/div>\n<div>Moltes gr\u00e0cies per la vostra col\u00b7laboraci\u00f3.<\/div>\n<div><\/div>\n<div><\/div>\n<div><\/div>\n","protected":false},"excerpt":{"rendered":"<p>Us informem que properament tindr\u00e0 lloc l&#8217;entrega de llibres de text de l&#8217;alumnat d&#8217;educaci\u00f3 prim\u00e0ria. Ser\u00e0 el proper dijous, 11 [&hellip;]<\/p>\n","protected":false},"author":1,"featured_media":8690,"comment_status":"open","ping_status":"closed","sticky":false,"template":"","format":"standard","meta":{"_bbp_topic_count":0,"_bbp_reply_count":0,"_bbp_total_topic_count":0,"_bbp_total_reply_count":0,"_bbp_voice_count":0,"_bbp_anonymous_reply_count":0,"_bbp_topic_count_hidden":0,"_bbp_reply_count_hidden":0,"_bbp_forum_subforum_count":0,"site-sidebar-layout":"default","site-content-layout":"","ast-site-content-layout":"","site-content-style":"default","site-sidebar-style":"default","ast-global-header-display":"","ast-banner-title-visibility":"","ast-main-header-display":"","ast-hfb-above-header-display":"","ast-hfb-below-header-display":"","ast-hfb-mobile-header-display":"","site-post-title":"","ast-breadcrumbs-content":"","ast-featured-img":"","footer-sml-layout":"","theme-transparent-header-meta":"","adv-header-id-meta":"","stick-header-meta":"","header-above-stick-meta":"","header-main-stick-meta":"","header-below-stick-meta":"","astra-migrate-meta-layouts":"default","ast-page-background-enabled":"default","ast-page-background-meta":{"desktop":{"background-color":"var(--ast-global-color-4)","background-image":"","background-repeat":"repeat","background-position":"center center","background-size":"auto","background-attachment":"scroll","background-type":"","background-media":"","overlay-type":"","overlay-color":"","overlay-opacity":"","overlay-gradient":""},"tablet":{"background-color":"","background-image":"","background-repeat":"repeat","background-position":"center center","background-size":"auto","background-attachment":"scroll","background-type":"","background-media":"","overlay-type":"","overlay-color":"","overlay-opacity":"","overlay-gradient":""},"mobile":{"background-color":"","background-image":"","background-repeat":"repeat","background-position":"center center","background-size":"auto","background-attachment":"scroll","background-type":"","background-media":"","overlay-type":"","overlay-color":"","overlay-opacity":"","overlay-gradient":""}},"ast-content-background-meta":{"desktop":{"background-color":"var(--ast-global-color-5)","background-image":"","background-repeat":"repeat","background-position":"center center","background-size":"auto","background-attachment":"scroll","background-type":"","background-media":"","overlay-type":"","overlay-color":"","overlay-opacity":"","overlay-gradient":""},"tablet":{"background-color":"var(--ast-global-color-5)","background-image":"","background-repeat":"repeat","background-position":"center center","background-size":"auto","background-attachment":"scroll","background-type":"","background-media":"","overlay-type":"","overlay-color":"","overlay-opacity":"","overlay-gradient":""},"mobile":{"background-color":"var(--ast-global-color-5)","background-image":"","background-repeat":"repeat","background-position":"center center","background-size":"auto","background-attachment":"scroll","background-type":"","background-media":"","overlay-type":"","overlay-color":"","overlay-opacity":"","overlay-gradient":""}},"footnotes":""},"categories":[1,4,5],"tags":[],"class_list":["post-8689","post","type-post","status-publish","format-standard","has-post-thumbnail","hentry","category-general","category-portada","category-primaria"],"post_mailing_queue_ids":[],"_links":{"self":[{"href":"https:\/\/agora.xtec.cat\/ceipsalvadorninot\/wp-json\/wp\/v2\/posts\/8689","targetHints":{"allow":["GET"]}}],"collection":[{"href":"https:\/\/agora.xtec.cat\/ceipsalvadorninot\/wp-json\/wp\/v2\/posts"}],"about":[{"href":"https:\/\/agora.xtec.cat\/ceipsalvadorninot\/wp-json\/wp\/v2\/types\/post"}],"author":[{"embeddable":true,"href":"https:\/\/agora.xtec.cat\/ceipsalvadorninot\/wp-json\/wp\/v2\/users\/1"}],"replies":[{"embeddable":true,"href":"https:\/\/agora.xtec.cat\/ceipsalvadorninot\/wp-json\/wp\/v2\/comments?post=8689"}],"version-history":[{"count":3,"href":"https:\/\/agora.xtec.cat\/ceipsalvadorninot\/wp-json\/wp\/v2\/posts\/8689\/revisions"}],"predecessor-version":[{"id":8694,"href":"https:\/\/agora.xtec.cat\/ceipsalvadorninot\/wp-json\/wp\/v2\/posts\/8689\/revisions\/8694"}],"wp:featuredmedia":[{"embeddable":true,"href":"https:\/\/agora.xtec.cat\/ceipsalvadorninot\/wp-json\/wp\/v2\/media\/8690"}],"wp:attachment":[{"href":"https:\/\/agora.xtec.cat\/ceipsalvadorninot\/wp-json\/wp\/v2\/media?parent=8689"}],"wp:term":[{"taxonomy":"category","embeddable":true,"href":"https:\/\/agora.xtec.cat\/ceipsalvadorninot\/wp-json\/wp\/v2\/categories?post=8689"},{"taxonomy":"post_tag","embeddable":true,"href":"https:\/\/agora.xtec.cat\/ceipsalvadorninot\/wp-json\/wp\/v2\/tags?post=8689"}],"curies":[{"name":"wp","href":"https:\/\/api.w.org\/{rel}","templated":true}]}}