{"id":8609,"date":"2024-06-16T14:02:08","date_gmt":"2024-06-16T12:02:08","guid":{"rendered":"https:\/\/agora.xtec.cat\/ceipsalvadorninot\/?p=8609"},"modified":"2024-06-16T14:02:08","modified_gmt":"2024-06-16T12:02:08","slug":"festa-de-final-de-curs","status":"publish","type":"post","link":"https:\/\/agora.xtec.cat\/ceipsalvadorninot\/general\/festa-de-final-de-curs\/","title":{"rendered":"Festa de final de curs"},"content":{"rendered":"<p class=\"p1\"><span class=\"s1\">\ud83c\udf0d Hi havia una vegada un grup de nens i nenes que somiava en veure el m\u00f3n\u2026 <\/span><\/p>\n<p class=\"p1\"><span class=\"s1\">\ud83e\udea9 L\u2019escenari mig il\u2022luminat; infants a punt per iniciar el festival de final de curs.\u2708\ufe0f<\/span><\/p>\n<p class=\"p1\"><span class=\"s1\">\ud83e\ude70 Danses d\u2019arreu del m\u00f3n, can\u00e7ons de bres i d\u2019altres una mica m\u00e9s animades. \ud83c\udfb9 El piano (i la pianista) acompanyant cada melodia, i les llanternes al ritme de la can\u00e7\u00f3. \ud83d\udd26\ud83c\udfb5<\/span><\/p>\n<p><a href=\"https:\/\/agora.xtec.cat\/ceipsalvadorninot\/wp-content\/uploads\/usu1097\/2024\/06\/IMG_0888.jpeg\"><img loading=\"lazy\" decoding=\"async\" class=\"alignnone size-large wp-image-8610\" src=\"https:\/\/agora.xtec.cat\/ceipsalvadorninot\/wp-content\/uploads\/usu1097\/2024\/06\/IMG_0888-1024x549.jpeg\" alt=\"\" width=\"1024\" height=\"549\" srcset=\"https:\/\/agora.xtec.cat\/ceipsalvadorninot\/wp-content\/uploads\/usu1097\/2024\/06\/IMG_0888-1024x549.jpeg 1024w, https:\/\/agora.xtec.cat\/ceipsalvadorninot\/wp-content\/uploads\/usu1097\/2024\/06\/IMG_0888-300x161.jpeg 300w, https:\/\/agora.xtec.cat\/ceipsalvadorninot\/wp-content\/uploads\/usu1097\/2024\/06\/IMG_0888-768x412.jpeg 768w, https:\/\/agora.xtec.cat\/ceipsalvadorninot\/wp-content\/uploads\/usu1097\/2024\/06\/IMG_0888.jpeg 1290w\" sizes=\"auto, (max-width: 1024px) 100vw, 1024px\" \/><\/a><\/p>\n<p class=\"p1\"><span class=\"s1\"><a href=\"https:\/\/agora.xtec.cat\/ceipsalvadorninot\/wp-content\/uploads\/usu1097\/2024\/06\/15355D12-0727-413B-83AE-0B884BBA8B79.jpeg\"><img loading=\"lazy\" decoding=\"async\" class=\"alignnone size-full wp-image-8613\" src=\"https:\/\/agora.xtec.cat\/ceipsalvadorninot\/wp-content\/uploads\/usu1097\/2024\/06\/15355D12-0727-413B-83AE-0B884BBA8B79.jpeg\" alt=\"\" width=\"696\" height=\"375\" srcset=\"https:\/\/agora.xtec.cat\/ceipsalvadorninot\/wp-content\/uploads\/usu1097\/2024\/06\/15355D12-0727-413B-83AE-0B884BBA8B79.jpeg 696w, https:\/\/agora.xtec.cat\/ceipsalvadorninot\/wp-content\/uploads\/usu1097\/2024\/06\/15355D12-0727-413B-83AE-0B884BBA8B79-300x162.jpeg 300w\" sizes=\"auto, (max-width: 696px) 100vw, 696px\" \/><\/a> <a href=\"https:\/\/agora.xtec.cat\/ceipsalvadorninot\/wp-content\/uploads\/usu1097\/2024\/06\/IMG_0890.jpeg\"><img loading=\"lazy\" decoding=\"async\" class=\"alignnone size-large wp-image-8614\" src=\"https:\/\/agora.xtec.cat\/ceipsalvadorninot\/wp-content\/uploads\/usu1097\/2024\/06\/IMG_0890-1024x437.jpeg\" alt=\"\" width=\"1024\" height=\"437\" srcset=\"https:\/\/agora.xtec.cat\/ceipsalvadorninot\/wp-content\/uploads\/usu1097\/2024\/06\/IMG_0890-1024x437.jpeg 1024w, https:\/\/agora.xtec.cat\/ceipsalvadorninot\/wp-content\/uploads\/usu1097\/2024\/06\/IMG_0890-300x128.jpeg 300w, https:\/\/agora.xtec.cat\/ceipsalvadorninot\/wp-content\/uploads\/usu1097\/2024\/06\/IMG_0890-768x327.jpeg 768w, https:\/\/agora.xtec.cat\/ceipsalvadorninot\/wp-content\/uploads\/usu1097\/2024\/06\/IMG_0890.jpeg 1290w\" sizes=\"auto, (max-width: 1024px) 100vw, 1024px\" \/><\/a><br \/>\nQuan dormim ens transportem i aix\u00f2 ens permet viatjar al lloc on m\u00e9s anhelem. El goig de somiar! \ud83d\udcab I \u00e9s que cal ser atrevit perqu\u00e8 els somnis, somnis s\u00f3n.<\/span><\/p>\n<p class=\"p1\"><span class=\"s1\">Quan l\u2019esfor\u00e7 de cada personeta s\u2019uneix amb el de la resta \u00e9s fruit d\u2019un festival que et fa posar la pell de gallina! \ud83e\udef6\ud83c\udffb<\/span><\/p>\n<p class=\"p1\"><span class=\"s1\">Gr\u00e0cies a tota la comunitat escolar per haver-ho fet possible! Ahir va ser un dia especial: de comiat d\u2019un curs escolar que tot just fa poc inici\u00e0vem i ja ens trobem a les acaballes, a totes les fam\u00edlies i educadors\/es dels i les alumnes de 6\u00e8 que van contribuir a l\u2019enriquiment del seu acte de graduaci\u00f3. \ud83c\udf93\ud83d\udcdc<\/span><\/p>\n<p class=\"p1\"><span class=\"s1\">La promoci\u00f3 que posa punt i final a la seva traject\u00f2ria a l\u2019escola, va dirigir unes paraules de comiat a l\u2019equip docent. \ud83c\udfa4<\/span><\/p>\n<p><a href=\"https:\/\/agora.xtec.cat\/ceipsalvadorninot\/wp-content\/uploads\/usu1097\/2024\/06\/BFFF59F1-C2BE-4D8D-8554-B84ACB597C4B.jpeg\"><img loading=\"lazy\" decoding=\"async\" class=\"alignnone size-large wp-image-8611\" src=\"https:\/\/agora.xtec.cat\/ceipsalvadorninot\/wp-content\/uploads\/usu1097\/2024\/06\/BFFF59F1-C2BE-4D8D-8554-B84ACB597C4B-1024x553.jpeg\" alt=\"\" width=\"1024\" height=\"553\" srcset=\"https:\/\/agora.xtec.cat\/ceipsalvadorninot\/wp-content\/uploads\/usu1097\/2024\/06\/BFFF59F1-C2BE-4D8D-8554-B84ACB597C4B-1024x553.jpeg 1024w, https:\/\/agora.xtec.cat\/ceipsalvadorninot\/wp-content\/uploads\/usu1097\/2024\/06\/BFFF59F1-C2BE-4D8D-8554-B84ACB597C4B-300x162.jpeg 300w, https:\/\/agora.xtec.cat\/ceipsalvadorninot\/wp-content\/uploads\/usu1097\/2024\/06\/BFFF59F1-C2BE-4D8D-8554-B84ACB597C4B-768x415.jpeg 768w, https:\/\/agora.xtec.cat\/ceipsalvadorninot\/wp-content\/uploads\/usu1097\/2024\/06\/BFFF59F1-C2BE-4D8D-8554-B84ACB597C4B.jpeg 1104w\" sizes=\"auto, (max-width: 1024px) 100vw, 1024px\" \/><\/a><\/p>\n<p class=\"p1\"><span class=\"s1\">Gr\u00e0cies, AFA de l\u2019escola, @ajsarral, @eurpastry1987 i a totes les persones que hi han posat el seu granet de sorra.<\/span><\/p>\n<p class=\"p1\"><span class=\"s1\">Vam gaudir tamb\u00e9 d\u2019un bon berenar \ud83c\udf69, d\u2019un espectacle infantil al pati de l\u2019escola \ud83e\udd21\ud83e\ude85\ud83c\udf88 i per \u00faltim, d\u2019un sopar de germanor entre els i les membres de la comunitat escolar Salvador Ninot. \ud83c\udfeb<\/span><\/p>\n<p><a href=\"https:\/\/agora.xtec.cat\/ceipsalvadorninot\/wp-content\/uploads\/usu1097\/2024\/06\/DD0FEFB6-5926-481E-A42B-E58D55045546.jpeg\"><img loading=\"lazy\" decoding=\"async\" class=\"alignnone size-large wp-image-8612\" src=\"https:\/\/agora.xtec.cat\/ceipsalvadorninot\/wp-content\/uploads\/usu1097\/2024\/06\/DD0FEFB6-5926-481E-A42B-E58D55045546-1024x552.jpeg\" alt=\"\" width=\"1024\" height=\"552\" srcset=\"https:\/\/agora.xtec.cat\/ceipsalvadorninot\/wp-content\/uploads\/usu1097\/2024\/06\/DD0FEFB6-5926-481E-A42B-E58D55045546-1024x552.jpeg 1024w, https:\/\/agora.xtec.cat\/ceipsalvadorninot\/wp-content\/uploads\/usu1097\/2024\/06\/DD0FEFB6-5926-481E-A42B-E58D55045546-300x162.jpeg 300w, https:\/\/agora.xtec.cat\/ceipsalvadorninot\/wp-content\/uploads\/usu1097\/2024\/06\/DD0FEFB6-5926-481E-A42B-E58D55045546-768x414.jpeg 768w, https:\/\/agora.xtec.cat\/ceipsalvadorninot\/wp-content\/uploads\/usu1097\/2024\/06\/DD0FEFB6-5926-481E-A42B-E58D55045546.jpeg 1440w\" sizes=\"auto, (max-width: 1024px) 100vw, 1024px\" \/><\/a><\/p>\n<p class=\"p1\"><span class=\"s1\">\u2728 Perseguim els somnis! Mirem el que ens envolta en el nostre dia a dia, agra\u00efm i gaudim de tot all\u00f2 que tenim i posem-hi totes les ganes per estar b\u00e9.<\/span><\/p>\n","protected":false},"excerpt":{"rendered":"<p>\ud83c\udf0d Hi havia una vegada un grup de nens i nenes que somiava en veure el m\u00f3n\u2026 \ud83e\udea9 L\u2019escenari mig [&hellip;]<\/p>\n","protected":false},"author":16,"featured_media":8613,"comment_status":"open","ping_status":"closed","sticky":false,"template":"","format":"standard","meta":{"_bbp_topic_count":0,"_bbp_reply_count":0,"_bbp_total_topic_count":0,"_bbp_total_reply_count":0,"_bbp_voice_count":0,"_bbp_anonymous_reply_count":0,"_bbp_topic_count_hidden":0,"_bbp_reply_count_hidden":0,"_bbp_forum_subforum_count":0,"site-sidebar-layout":"default","site-content-layout":"","ast-site-content-layout":"","site-content-style":"default","site-sidebar-style":"default","ast-global-header-display":"","ast-banner-title-visibility":"","ast-main-header-display":"","ast-hfb-above-header-display":"","ast-hfb-below-header-display":"","ast-hfb-mobile-header-display":"","site-post-title":"","ast-breadcrumbs-content":"","ast-featured-img":"","footer-sml-layout":"","theme-transparent-header-meta":"","adv-header-id-meta":"","stick-header-meta":"","header-above-stick-meta":"","header-main-stick-meta":"","header-below-stick-meta":"","astra-migrate-meta-layouts":"default","ast-page-background-enabled":"default","ast-page-background-meta":{"desktop":{"background-color":"var(--ast-global-color-4)","background-image":"","background-repeat":"repeat","background-position":"center center","background-size":"auto","background-attachment":"scroll","background-type":"","background-media":"","overlay-type":"","overlay-color":"","overlay-opacity":"","overlay-gradient":""},"tablet":{"background-color":"","background-image":"","background-repeat":"repeat","background-position":"center center","background-size":"auto","background-attachment":"scroll","background-type":"","background-media":"","overlay-type":"","overlay-color":"","overlay-opacity":"","overlay-gradient":""},"mobile":{"background-color":"","background-image":"","background-repeat":"repeat","background-position":"center center","background-size":"auto","background-attachment":"scroll","background-type":"","background-media":"","overlay-type":"","overlay-color":"","overlay-opacity":"","overlay-gradient":""}},"ast-content-background-meta":{"desktop":{"background-color":"var(--ast-global-color-5)","background-image":"","background-repeat":"repeat","background-position":"center center","background-size":"auto","background-attachment":"scroll","background-type":"","background-media":"","overlay-type":"","overlay-color":"","overlay-opacity":"","overlay-gradient":""},"tablet":{"background-color":"var(--ast-global-color-5)","background-image":"","background-repeat":"repeat","background-position":"center center","background-size":"auto","background-attachment":"scroll","background-type":"","background-media":"","overlay-type":"","overlay-color":"","overlay-opacity":"","overlay-gradient":""},"mobile":{"background-color":"var(--ast-global-color-5)","background-image":"","background-repeat":"repeat","background-position":"center center","background-size":"auto","background-attachment":"scroll","background-type":"","background-media":"","overlay-type":"","overlay-color":"","overlay-opacity":"","overlay-gradient":""}},"footnotes":""},"categories":[1,2,4,5],"tags":[],"class_list":["post-8609","post","type-post","status-publish","format-standard","has-post-thumbnail","hentry","category-general","category-infantil","category-portada","category-primaria"],"post_mailing_queue_ids":[],"_links":{"self":[{"href":"https:\/\/agora.xtec.cat\/ceipsalvadorninot\/wp-json\/wp\/v2\/posts\/8609","targetHints":{"allow":["GET"]}}],"collection":[{"href":"https:\/\/agora.xtec.cat\/ceipsalvadorninot\/wp-json\/wp\/v2\/posts"}],"about":[{"href":"https:\/\/agora.xtec.cat\/ceipsalvadorninot\/wp-json\/wp\/v2\/types\/post"}],"author":[{"embeddable":true,"href":"https:\/\/agora.xtec.cat\/ceipsalvadorninot\/wp-json\/wp\/v2\/users\/16"}],"replies":[{"embeddable":true,"href":"https:\/\/agora.xtec.cat\/ceipsalvadorninot\/wp-json\/wp\/v2\/comments?post=8609"}],"version-history":[{"count":1,"href":"https:\/\/agora.xtec.cat\/ceipsalvadorninot\/wp-json\/wp\/v2\/posts\/8609\/revisions"}],"predecessor-version":[{"id":8615,"href":"https:\/\/agora.xtec.cat\/ceipsalvadorninot\/wp-json\/wp\/v2\/posts\/8609\/revisions\/8615"}],"wp:featuredmedia":[{"embeddable":true,"href":"https:\/\/agora.xtec.cat\/ceipsalvadorninot\/wp-json\/wp\/v2\/media\/8613"}],"wp:attachment":[{"href":"https:\/\/agora.xtec.cat\/ceipsalvadorninot\/wp-json\/wp\/v2\/media?parent=8609"}],"wp:term":[{"taxonomy":"category","embeddable":true,"href":"https:\/\/agora.xtec.cat\/ceipsalvadorninot\/wp-json\/wp\/v2\/categories?post=8609"},{"taxonomy":"post_tag","embeddable":true,"href":"https:\/\/agora.xtec.cat\/ceipsalvadorninot\/wp-json\/wp\/v2\/tags?post=8609"}],"curies":[{"name":"wp","href":"https:\/\/api.w.org\/{rel}","templated":true}]}}