{"id":8493,"date":"2024-05-15T23:42:13","date_gmt":"2024-05-15T21:42:13","guid":{"rendered":"https:\/\/agora.xtec.cat\/ceipsalvadorninot\/?p=8493"},"modified":"2024-05-15T23:42:13","modified_gmt":"2024-05-15T21:42:13","slug":"fem-front-a-lassetjament-escolar","status":"publish","type":"post","link":"https:\/\/agora.xtec.cat\/ceipsalvadorninot\/general\/fem-front-a-lassetjament-escolar\/","title":{"rendered":"Fem front a l&#8217;assetjament escolar"},"content":{"rendered":"<p><span data-contrast=\"auto\">L&#8217;<\/span><a href=\"https:\/\/natibergada.acblnk.com\/url\/ver\/417414576\/2132335\/af4e9647dbb75a478205e0d98ebf57fd\"><b><span data-contrast=\"auto\">assetjament escolar\u00a0<\/span><\/b><\/a><span data-contrast=\"auto\">\u00e9s un problema social que afecta tota la\u00a0<\/span><b><span data-contrast=\"auto\">comunitat educativa<\/span><\/b><span data-contrast=\"auto\">, i \u00e9s crucial que ens comprometem a treballar junts per prevenir i tractar adequadament aquesta conducta.\u00a0<\/span><\/p>\n<p><span data-contrast=\"auto\">\u00c9s important comprendre que l&#8217;assetjament escolar no \u00e9s una conducta a\u00efllada, i que el seu abordatge requereix una intervenci\u00f3 coordinada per part dels\u00a0<\/span><b><span data-contrast=\"auto\">pares, educadors i autoritats escolars.<\/span><\/b><span data-ccp-props=\"{&quot;201341983&quot;:0,&quot;335551550&quot;:6,&quot;335551620&quot;:6,&quot;335559739&quot;:160,&quot;335559740&quot;:279}\">\u00a0<\/span><\/p>\n<p><span data-contrast=\"auto\">Per tot aix\u00f2, els professionals del nostre centre vetllem dia rere dia per la prevenci\u00f3 i <\/span><span data-contrast=\"auto\">gesti\u00f3 adequada d&#8217;aquesta conducta amb l&#8217;objectiu de garantir un<\/span><b><span data-contrast=\"auto\">\u00a0entorn escolar saludable, segur i respectu\u00f3s<\/span><\/b><span data-contrast=\"auto\">\u00a0per a tot l\u2019alumnat.<\/span><span data-ccp-props=\"{&quot;201341983&quot;:0,&quot;335551550&quot;:6,&quot;335551620&quot;:6,&quot;335559739&quot;:160,&quot;335559740&quot;:279}\">\u00a0<\/span><\/p>\n<p><span data-contrast=\"auto\">Aix\u00ed doncs, aquests \u00faltims dies l\u2019alumnat ha tractat el tema a partir de diferents recursos literaris i audiovisuals que els han perm\u00e8s reflexionar i parlar-ne amb tranquil\u00b7litat, intercanviar experi\u00e8ncies, neguits,&#8230;<\/span><span data-ccp-props=\"{&quot;201341983&quot;:0,&quot;335551550&quot;:6,&quot;335551620&quot;:6,&quot;335559739&quot;:160,&quot;335559740&quot;:279}\">\u00a0<\/span><\/p>\n<p><span data-contrast=\"auto\">Aprofitem tamb\u00e9 per recordar que el Departament d\u2019Educaci\u00f3 posa a l\u2019abast de l\u2019alumnat i de tota la comunitat educativa l\u2019aplicaci\u00f3 <\/span><a href=\"https:\/\/xtec.gencat.cat\/ca\/alumnat\/violencies\/usapps\/\"><span data-contrast=\"none\">UsApps<\/span><\/a><span data-contrast=\"auto\"> per comunicar situacions de viol\u00e8ncia.<\/span><span data-ccp-props=\"{&quot;201341983&quot;:0,&quot;335551550&quot;:6,&quot;335551620&quot;:6,&quot;335559739&quot;:160,&quot;335559740&quot;:279}\">\u00a0<\/span><\/p>\n<p>&nbsp;<\/p>\n\r\n\t<div class=\"slideshow_container slideshow_container_style-light\" style=\"height: 300px; \" data-slideshow-id=\"8492\" data-style-name=\"style-light\" data-style-version=\"2.3.1\" >\r\n\r\n\t\t\t\t\t<div class=\"slideshow_loading_icon\"><\/div>\r\n\t\t\r\n\t\t<div class=\"slideshow_content\" style=\"display: none;\">\r\n\r\n\t\t\t<div class=\"slideshow_view\">\r\n\t\t\t\t<div class=\"slideshow_slide slideshow_slide_image\">\r\n\t\t\t\t\t\t\t\t\t\t\t<img src=\"https:\/\/agora.xtec.cat\/ceipsalvadorninot\/wp-content\/uploads\/usu1097\/2024\/05\/IMG_1983-scaled.jpg\" alt=\"\" width=\"2560\" height=\"1920\" \/>\r\n\t\t\t\t\t\t\t\t\t\t<div class=\"slideshow_description_box slideshow_transparent\">\r\n\t\t\t\t\t\t\t\t\t\t\t\t\t\t\t\t\t<\/div>\r\n\t\t\t\t<\/div>\r\n\r\n\t\t\t\t\t\t<div style=\"clear: both;\"><\/div><\/div><div class=\"slideshow_view\">\r\n\t\t\t\t<div class=\"slideshow_slide slideshow_slide_image\">\r\n\t\t\t\t\t\t\t\t\t\t\t<img src=\"https:\/\/agora.xtec.cat\/ceipsalvadorninot\/wp-content\/uploads\/usu1097\/2024\/05\/Foto-de-Julia-1.jpg\" alt=\"\" width=\"1536\" height=\"2048\" \/>\r\n\t\t\t\t\t\t\t\t\t\t<div class=\"slideshow_description_box slideshow_transparent\">\r\n\t\t\t\t\t\t\t\t\t\t\t\t\t\t\t\t\t<\/div>\r\n\t\t\t\t<\/div>\r\n\r\n\t\t\t\t\t\t<div style=\"clear: both;\"><\/div><\/div><div class=\"slideshow_view\">\r\n\t\t\t\t<div class=\"slideshow_slide slideshow_slide_image\">\r\n\t\t\t\t\t\t\t\t\t\t\t<img src=\"https:\/\/agora.xtec.cat\/ceipsalvadorninot\/wp-content\/uploads\/usu1097\/2024\/05\/Foto-de-Julia.jpg\" alt=\"\" width=\"1536\" height=\"2048\" \/>\r\n\t\t\t\t\t\t\t\t\t\t<div class=\"slideshow_description_box slideshow_transparent\">\r\n\t\t\t\t\t\t\t\t\t\t\t\t\t\t\t\t\t<\/div>\r\n\t\t\t\t<\/div>\r\n\r\n\t\t\t\t\t\t<div style=\"clear: both;\"><\/div><\/div><div class=\"slideshow_view\">\r\n\t\t\t\t<div class=\"slideshow_slide slideshow_slide_image\">\r\n\t\t\t\t\t\t\t\t\t\t\t<img src=\"https:\/\/agora.xtec.cat\/ceipsalvadorninot\/wp-content\/uploads\/usu1097\/2024\/05\/3-scaled.jpg\" alt=\"\" width=\"2560\" height=\"1182\" \/>\r\n\t\t\t\t\t\t\t\t\t\t<div class=\"slideshow_description_box slideshow_transparent\">\r\n\t\t\t\t\t\t\t\t\t\t\t\t\t\t\t\t\t<\/div>\r\n\t\t\t\t<\/div>\r\n\r\n\t\t\t\t\t\t<div style=\"clear: both;\"><\/div><\/div><div class=\"slideshow_view\">\r\n\t\t\t\t<div class=\"slideshow_slide slideshow_slide_image\">\r\n\t\t\t\t\t\t\t\t\t\t\t<img src=\"https:\/\/agora.xtec.cat\/ceipsalvadorninot\/wp-content\/uploads\/usu1097\/2024\/05\/Foto-de-Julia-2.jpg\" alt=\"\" width=\"1600\" height=\"1200\" \/>\r\n\t\t\t\t\t\t\t\t\t\t<div class=\"slideshow_description_box slideshow_transparent\">\r\n\t\t\t\t\t\t\t\t\t\t\t\t\t\t\t\t\t<\/div>\r\n\t\t\t\t<\/div>\r\n\r\n\t\t\t\t\t\t<div style=\"clear: both;\"><\/div><\/div><div class=\"slideshow_view\">\r\n\t\t\t\t<div class=\"slideshow_slide slideshow_slide_image\">\r\n\t\t\t\t\t\t\t\t\t\t\t<img src=\"https:\/\/agora.xtec.cat\/ceipsalvadorninot\/wp-content\/uploads\/usu1097\/2024\/05\/IMG_7712-scaled.jpg\" alt=\"\" width=\"2560\" height=\"1920\" \/>\r\n\t\t\t\t\t\t\t\t\t\t<div class=\"slideshow_description_box slideshow_transparent\">\r\n\t\t\t\t\t\t\t\t\t\t\t\t\t\t\t\t\t<\/div>\r\n\t\t\t\t<\/div>\r\n\r\n\t\t\t\t\t\t<div style=\"clear: both;\"><\/div><\/div>\r\n\t\t<\/div>\r\n\r\n\t\t<div class=\"slideshow_controlPanel slideshow_transparent\" style=\"display: none;\"><ul><li class=\"slideshow_togglePlay\" data-play-text=\"Visualitza\" data-pause-text=\"Pausa\"><\/li><\/ul><\/div>\r\n\r\n\t\t<div class=\"slideshow_button slideshow_previous slideshow_transparent\" role=\"button\" data-previous-text=\"Anterior\" style=\"display: none;\"><\/div>\r\n\t\t<div class=\"slideshow_button slideshow_next slideshow_transparent\" role=\"button\" data-next-text=\"Seg\u00fcent\" style=\"display: none;\"><\/div>\r\n\r\n\t\t<div class=\"slideshow_pagination\" style=\"display: none;\" data-go-to-text=\"V\u00e9s a la diapositiva\"><div class=\"slideshow_pagination_center\"><\/div><\/div>\r\n\r\n\t\t<!-- WordPress Slideshow Version 2.3.1 -->\r\n\r\n\t\t\t<\/div>\r\n\r\n\n","protected":false},"excerpt":{"rendered":"<p>L&#8217;assetjament escolar\u00a0\u00e9s un problema social que afecta tota la\u00a0comunitat educativa, i \u00e9s crucial que ens comprometem a treballar junts per [&hellip;]<\/p>\n","protected":false},"author":45,"featured_media":8495,"comment_status":"open","ping_status":"closed","sticky":false,"template":"","format":"standard","meta":{"_bbp_topic_count":0,"_bbp_reply_count":0,"_bbp_total_topic_count":0,"_bbp_total_reply_count":0,"_bbp_voice_count":0,"_bbp_anonymous_reply_count":0,"_bbp_topic_count_hidden":0,"_bbp_reply_count_hidden":0,"_bbp_forum_subforum_count":0,"site-sidebar-layout":"default","site-content-layout":"","ast-site-content-layout":"","site-content-style":"default","site-sidebar-style":"default","ast-global-header-display":"","ast-banner-title-visibility":"","ast-main-header-display":"","ast-hfb-above-header-display":"","ast-hfb-below-header-display":"","ast-hfb-mobile-header-display":"","site-post-title":"","ast-breadcrumbs-content":"","ast-featured-img":"","footer-sml-layout":"","theme-transparent-header-meta":"","adv-header-id-meta":"","stick-header-meta":"","header-above-stick-meta":"","header-main-stick-meta":"","header-below-stick-meta":"","astra-migrate-meta-layouts":"default","ast-page-background-enabled":"default","ast-page-background-meta":{"desktop":{"background-color":"var(--ast-global-color-4)","background-image":"","background-repeat":"repeat","background-position":"center center","background-size":"auto","background-attachment":"scroll","background-type":"","background-media":"","overlay-type":"","overlay-color":"","overlay-opacity":"","overlay-gradient":""},"tablet":{"background-color":"","background-image":"","background-repeat":"repeat","background-position":"center center","background-size":"auto","background-attachment":"scroll","background-type":"","background-media":"","overlay-type":"","overlay-color":"","overlay-opacity":"","overlay-gradient":""},"mobile":{"background-color":"","background-image":"","background-repeat":"repeat","background-position":"center center","background-size":"auto","background-attachment":"scroll","background-type":"","background-media":"","overlay-type":"","overlay-color":"","overlay-opacity":"","overlay-gradient":""}},"ast-content-background-meta":{"desktop":{"background-color":"var(--ast-global-color-5)","background-image":"","background-repeat":"repeat","background-position":"center center","background-size":"auto","background-attachment":"scroll","background-type":"","background-media":"","overlay-type":"","overlay-color":"","overlay-opacity":"","overlay-gradient":""},"tablet":{"background-color":"var(--ast-global-color-5)","background-image":"","background-repeat":"repeat","background-position":"center center","background-size":"auto","background-attachment":"scroll","background-type":"","background-media":"","overlay-type":"","overlay-color":"","overlay-opacity":"","overlay-gradient":""},"mobile":{"background-color":"var(--ast-global-color-5)","background-image":"","background-repeat":"repeat","background-position":"center center","background-size":"auto","background-attachment":"scroll","background-type":"","background-media":"","overlay-type":"","overlay-color":"","overlay-opacity":"","overlay-gradient":""}},"footnotes":""},"categories":[1,2,4,5],"tags":[],"class_list":["post-8493","post","type-post","status-publish","format-standard","has-post-thumbnail","hentry","category-general","category-infantil","category-portada","category-primaria"],"post_mailing_queue_ids":[],"_links":{"self":[{"href":"https:\/\/agora.xtec.cat\/ceipsalvadorninot\/wp-json\/wp\/v2\/posts\/8493","targetHints":{"allow":["GET"]}}],"collection":[{"href":"https:\/\/agora.xtec.cat\/ceipsalvadorninot\/wp-json\/wp\/v2\/posts"}],"about":[{"href":"https:\/\/agora.xtec.cat\/ceipsalvadorninot\/wp-json\/wp\/v2\/types\/post"}],"author":[{"embeddable":true,"href":"https:\/\/agora.xtec.cat\/ceipsalvadorninot\/wp-json\/wp\/v2\/users\/45"}],"replies":[{"embeddable":true,"href":"https:\/\/agora.xtec.cat\/ceipsalvadorninot\/wp-json\/wp\/v2\/comments?post=8493"}],"version-history":[{"count":2,"href":"https:\/\/agora.xtec.cat\/ceipsalvadorninot\/wp-json\/wp\/v2\/posts\/8493\/revisions"}],"predecessor-version":[{"id":8496,"href":"https:\/\/agora.xtec.cat\/ceipsalvadorninot\/wp-json\/wp\/v2\/posts\/8493\/revisions\/8496"}],"wp:featuredmedia":[{"embeddable":true,"href":"https:\/\/agora.xtec.cat\/ceipsalvadorninot\/wp-json\/wp\/v2\/media\/8495"}],"wp:attachment":[{"href":"https:\/\/agora.xtec.cat\/ceipsalvadorninot\/wp-json\/wp\/v2\/media?parent=8493"}],"wp:term":[{"taxonomy":"category","embeddable":true,"href":"https:\/\/agora.xtec.cat\/ceipsalvadorninot\/wp-json\/wp\/v2\/categories?post=8493"},{"taxonomy":"post_tag","embeddable":true,"href":"https:\/\/agora.xtec.cat\/ceipsalvadorninot\/wp-json\/wp\/v2\/tags?post=8493"}],"curies":[{"name":"wp","href":"https:\/\/api.w.org\/{rel}","templated":true}]}}