{"id":8430,"date":"2024-04-26T20:43:08","date_gmt":"2024-04-26T18:43:08","guid":{"rendered":"https:\/\/agora.xtec.cat\/ceipsalvadorninot\/?p=8430"},"modified":"2024-04-26T20:55:23","modified_gmt":"2024-04-26T18:55:23","slug":"defcdmaf","status":"publish","type":"post","link":"https:\/\/agora.xtec.cat\/ceipsalvadorninot\/general\/defcdmaf\/","title":{"rendered":"DEFC+DMAF"},"content":{"rendered":"<p class=\"western\"><span style=\"font-size: large\"><span lang=\"ca-ES\">El passat dimecres 17 d\u2019abril es va celebrar el Dia de L\u2019Educaci\u00f3 F\u00edsica al Carrer (DEFC), aquest any el lema <\/span><span lang=\"ca-ES\"><i>\u00abEducaci\u00f3 f\u00edsica i salut mental\u00bb. <\/i><\/span><span lang=\"ca-ES\">Tamb\u00e9 s\u2019ha unit el Dia Mundial de l\u2019Activitat F\u00edsica (DMAF) amb el lema <\/span><span lang=\"ca-ES\"><i>\u00abMou\u2019te i viu feli\u00e7\u00bb.<\/i><\/span><\/span><\/p>\n<p class=\"western\"><span style=\"font-size: large\"><span lang=\"ca-ES\">Per celebrar aquests dos dies tant importants per l\u2019Educaci\u00f3 F\u00edsica, ens han proposat fer una sessi\u00f3 l\u00fadica per conscienciar la import\u00e0ncia que t\u00e9 aquesta \u00e0rea sobre la nostra salud mental: el respecte, acceptar-nos tal com som i acceptar als altres, saber les nostres limitacions i con\u00e8ixer les dels altres,&#8230; \u00e9s a dir, treballar l\u2019ODS 3: SALUD I BENESTAR.<\/span><\/span><\/p>\n<p class=\"western\"><span style=\"font-size: large\">Avui divendres hem sortit tota l\u2019escola a celebrar-ho amb una activitat l\u00fadica: per classes hem rigut una estoneta i ens hem oblidat de tot el qu\u00e8 ens envoltava.<\/span><\/p>\n<p class=\"western\"><span style=\"font-size: large\">Gr\u00e0cies a tot l\u2019alumnat i mestres!!!<\/span><\/p>\n<p class=\"western\"><strong><span style=\"color: #000000\"><span style=\"font-family: lato, helvetica neue, helvetica, arial, sans-serif\"><span style=\"font-size: large\">#DEFC2024<\/span><\/span><\/span><\/strong><\/p>\n","protected":false},"excerpt":{"rendered":"<p>El passat dimecres 17 d\u2019abril es va celebrar el Dia de L\u2019Educaci\u00f3 F\u00edsica al Carrer (DEFC), aquest any el lema [&hellip;]<\/p>\n","protected":false},"author":1,"featured_media":8433,"comment_status":"open","ping_status":"closed","sticky":false,"template":"","format":"standard","meta":{"_bbp_topic_count":0,"_bbp_reply_count":0,"_bbp_total_topic_count":0,"_bbp_total_reply_count":0,"_bbp_voice_count":0,"_bbp_anonymous_reply_count":0,"_bbp_topic_count_hidden":0,"_bbp_reply_count_hidden":0,"_bbp_forum_subforum_count":0,"site-sidebar-layout":"default","site-content-layout":"","ast-site-content-layout":"","site-content-style":"default","site-sidebar-style":"default","ast-global-header-display":"","ast-banner-title-visibility":"","ast-main-header-display":"","ast-hfb-above-header-display":"","ast-hfb-below-header-display":"","ast-hfb-mobile-header-display":"","site-post-title":"","ast-breadcrumbs-content":"","ast-featured-img":"","footer-sml-layout":"","theme-transparent-header-meta":"","adv-header-id-meta":"","stick-header-meta":"","header-above-stick-meta":"","header-main-stick-meta":"","header-below-stick-meta":"","astra-migrate-meta-layouts":"default","ast-page-background-enabled":"default","ast-page-background-meta":{"desktop":{"background-color":"var(--ast-global-color-4)","background-image":"","background-repeat":"repeat","background-position":"center center","background-size":"auto","background-attachment":"scroll","background-type":"","background-media":"","overlay-type":"","overlay-color":"","overlay-opacity":"","overlay-gradient":""},"tablet":{"background-color":"","background-image":"","background-repeat":"repeat","background-position":"center center","background-size":"auto","background-attachment":"scroll","background-type":"","background-media":"","overlay-type":"","overlay-color":"","overlay-opacity":"","overlay-gradient":""},"mobile":{"background-color":"","background-image":"","background-repeat":"repeat","background-position":"center center","background-size":"auto","background-attachment":"scroll","background-type":"","background-media":"","overlay-type":"","overlay-color":"","overlay-opacity":"","overlay-gradient":""}},"ast-content-background-meta":{"desktop":{"background-color":"var(--ast-global-color-5)","background-image":"","background-repeat":"repeat","background-position":"center center","background-size":"auto","background-attachment":"scroll","background-type":"","background-media":"","overlay-type":"","overlay-color":"","overlay-opacity":"","overlay-gradient":""},"tablet":{"background-color":"var(--ast-global-color-5)","background-image":"","background-repeat":"repeat","background-position":"center center","background-size":"auto","background-attachment":"scroll","background-type":"","background-media":"","overlay-type":"","overlay-color":"","overlay-opacity":"","overlay-gradient":""},"mobile":{"background-color":"var(--ast-global-color-5)","background-image":"","background-repeat":"repeat","background-position":"center center","background-size":"auto","background-attachment":"scroll","background-type":"","background-media":"","overlay-type":"","overlay-color":"","overlay-opacity":"","overlay-gradient":""}},"footnotes":""},"categories":[10,11,12,13,14,15,106,1,3,8,9,2,4,5],"tags":[],"class_list":["post-8430","post","type-post","status-publish","format-standard","has-post-thumbnail","hentry","category-1r","category-2n","category-3r","category-4t","category-5e","category-6e","category-ef-pcee","category-general","category-p3","category-p4","category-p5","category-infantil","category-portada","category-primaria"],"post_mailing_queue_ids":[],"_links":{"self":[{"href":"https:\/\/agora.xtec.cat\/ceipsalvadorninot\/wp-json\/wp\/v2\/posts\/8430","targetHints":{"allow":["GET"]}}],"collection":[{"href":"https:\/\/agora.xtec.cat\/ceipsalvadorninot\/wp-json\/wp\/v2\/posts"}],"about":[{"href":"https:\/\/agora.xtec.cat\/ceipsalvadorninot\/wp-json\/wp\/v2\/types\/post"}],"author":[{"embeddable":true,"href":"https:\/\/agora.xtec.cat\/ceipsalvadorninot\/wp-json\/wp\/v2\/users\/1"}],"replies":[{"embeddable":true,"href":"https:\/\/agora.xtec.cat\/ceipsalvadorninot\/wp-json\/wp\/v2\/comments?post=8430"}],"version-history":[{"count":1,"href":"https:\/\/agora.xtec.cat\/ceipsalvadorninot\/wp-json\/wp\/v2\/posts\/8430\/revisions"}],"predecessor-version":[{"id":8431,"href":"https:\/\/agora.xtec.cat\/ceipsalvadorninot\/wp-json\/wp\/v2\/posts\/8430\/revisions\/8431"}],"wp:featuredmedia":[{"embeddable":true,"href":"https:\/\/agora.xtec.cat\/ceipsalvadorninot\/wp-json\/wp\/v2\/media\/8433"}],"wp:attachment":[{"href":"https:\/\/agora.xtec.cat\/ceipsalvadorninot\/wp-json\/wp\/v2\/media?parent=8430"}],"wp:term":[{"taxonomy":"category","embeddable":true,"href":"https:\/\/agora.xtec.cat\/ceipsalvadorninot\/wp-json\/wp\/v2\/categories?post=8430"},{"taxonomy":"post_tag","embeddable":true,"href":"https:\/\/agora.xtec.cat\/ceipsalvadorninot\/wp-json\/wp\/v2\/tags?post=8430"}],"curies":[{"name":"wp","href":"https:\/\/api.w.org\/{rel}","templated":true}]}}