{"id":8223,"date":"2024-03-04T12:22:48","date_gmt":"2024-03-04T11:22:48","guid":{"rendered":"https:\/\/agora.xtec.cat\/ceipsalvadorninot\/?p=8223"},"modified":"2024-03-04T12:24:24","modified_gmt":"2024-03-04T11:24:24","slug":"preinscripcio-curs-2024-2025-dates-i-procediment","status":"publish","type":"post","link":"https:\/\/agora.xtec.cat\/ceipsalvadorninot\/general\/preinscripcio-curs-2024-2025-dates-i-procediment\/","title":{"rendered":"Preinscripci\u00f3 2024-2025. Dates i procediment"},"content":{"rendered":"<p><img decoding=\"async\" class=\"aligncenter\" src=\"https:\/\/agora.xtec.cat\/insinvestigadorblanxart\/wp-content\/uploads\/usu1264\/2024\/02\/832x468Text.jpg\" alt=\"Preinscripci\u00f3 escolar 2024-2025 | INS Investigador Blanxart\" \/><\/p>\n<p>Un any m\u00e9s, el Departament d\u2019Educaci\u00f3 habilita una p\u00e0gina web\u00a0amb la voluntat d\u2019acompanyar millor les fam\u00edlies durant el proc\u00e9s de preinscripci\u00f3.<\/p>\n<p>La web\u00a0<strong>es pot consultar des de qualsevol dispositiu m\u00f2bil<\/strong>\u00a0i\u00a0<strong>inclou un ampli centre de suport per a cadascun dels estudis\u00a0<\/strong>per donar resposta a qualsevol dubte que es plantegi en el moment de formalitzar la preinscripci\u00f3.<\/p>\n<p>\ud83d\udc49 Tots els tr\u00e0mits de la preinscripci\u00f3 <strong>s&#8217;han de<\/strong> <strong>realitzar en l\u00ednia<\/strong>\u00a0mitjan\u00e7ant el seg\u00fcent enlla\u00e7\u00a0\ud83d\udd17:<\/p>\n<p><a href=\"https:\/\/preinscripcio.gencat.cat\/ca\/estudis\/infantil-3-6\/inici\/\">\ud83d\udcc5\u00a0\u00a0Preinscripci\u00f3 Departament d\u2019Educaci\u00f3.<\/a>\u00a0<strong>Del 6 al 20 de mar\u00e7 de 2024<\/strong><strong>\u00a0(ambd\u00f3s inclosos)<\/strong>.<\/p>\n<p>\u00c9s important que la documentaci\u00f3 requerida estigui disponible en el dispositiu des del qual es realitzar\u00e0 la sol\u00b7licitud. \u00danicament es pot presentar una sola sol\u00b7licitud per alumne\/a.<\/p>\n<p>Al tauler d\u2019anuncis situat a l\u2019interior de l\u2019edifici, disposeu tamb\u00e9 de la publicaci\u00f3 de l\u2019oferta inicial de places. Aix\u00ed mateix, en aquest espai web, a l\u2019apartat del\u00a0<em>Men\u00fa<\/em>, hi trobareu informaci\u00f3 diversa que us pot resultar d\u2019inter\u00e8s.<\/p>\n<p>\u2139 Si us queden dubtes per a resoldre o necessiteu suport a l&#8217;hora de realitzar la preinscripci\u00f3, podeu contactar a la secretaria del centre (administrativa).<\/p>\n","protected":false},"excerpt":{"rendered":"<p>Un any m\u00e9s, el Departament d\u2019Educaci\u00f3 habilita una p\u00e0gina web\u00a0amb la voluntat d\u2019acompanyar millor les fam\u00edlies durant el proc\u00e9s de [&hellip;]<\/p>\n","protected":false},"author":1,"featured_media":8224,"comment_status":"open","ping_status":"closed","sticky":false,"template":"","format":"standard","meta":{"_bbp_topic_count":0,"_bbp_reply_count":0,"_bbp_total_topic_count":0,"_bbp_total_reply_count":0,"_bbp_voice_count":0,"_bbp_anonymous_reply_count":0,"_bbp_topic_count_hidden":0,"_bbp_reply_count_hidden":0,"_bbp_forum_subforum_count":0,"site-sidebar-layout":"default","site-content-layout":"","ast-site-content-layout":"","site-content-style":"default","site-sidebar-style":"default","ast-global-header-display":"","ast-banner-title-visibility":"","ast-main-header-display":"","ast-hfb-above-header-display":"","ast-hfb-below-header-display":"","ast-hfb-mobile-header-display":"","site-post-title":"","ast-breadcrumbs-content":"","ast-featured-img":"","footer-sml-layout":"","theme-transparent-header-meta":"","adv-header-id-meta":"","stick-header-meta":"","header-above-stick-meta":"","header-main-stick-meta":"","header-below-stick-meta":"","astra-migrate-meta-layouts":"default","ast-page-background-enabled":"default","ast-page-background-meta":{"desktop":{"background-color":"var(--ast-global-color-4)","background-image":"","background-repeat":"repeat","background-position":"center center","background-size":"auto","background-attachment":"scroll","background-type":"","background-media":"","overlay-type":"","overlay-color":"","overlay-opacity":"","overlay-gradient":""},"tablet":{"background-color":"","background-image":"","background-repeat":"repeat","background-position":"center center","background-size":"auto","background-attachment":"scroll","background-type":"","background-media":"","overlay-type":"","overlay-color":"","overlay-opacity":"","overlay-gradient":""},"mobile":{"background-color":"","background-image":"","background-repeat":"repeat","background-position":"center center","background-size":"auto","background-attachment":"scroll","background-type":"","background-media":"","overlay-type":"","overlay-color":"","overlay-opacity":"","overlay-gradient":""}},"ast-content-background-meta":{"desktop":{"background-color":"var(--ast-global-color-5)","background-image":"","background-repeat":"repeat","background-position":"center center","background-size":"auto","background-attachment":"scroll","background-type":"","background-media":"","overlay-type":"","overlay-color":"","overlay-opacity":"","overlay-gradient":""},"tablet":{"background-color":"var(--ast-global-color-5)","background-image":"","background-repeat":"repeat","background-position":"center center","background-size":"auto","background-attachment":"scroll","background-type":"","background-media":"","overlay-type":"","overlay-color":"","overlay-opacity":"","overlay-gradient":""},"mobile":{"background-color":"var(--ast-global-color-5)","background-image":"","background-repeat":"repeat","background-position":"center center","background-size":"auto","background-attachment":"scroll","background-type":"","background-media":"","overlay-type":"","overlay-color":"","overlay-opacity":"","overlay-gradient":""}},"footnotes":""},"categories":[1,2,4],"tags":[],"class_list":["post-8223","post","type-post","status-publish","format-standard","has-post-thumbnail","hentry","category-general","category-infantil","category-portada"],"post_mailing_queue_ids":[],"_links":{"self":[{"href":"https:\/\/agora.xtec.cat\/ceipsalvadorninot\/wp-json\/wp\/v2\/posts\/8223","targetHints":{"allow":["GET"]}}],"collection":[{"href":"https:\/\/agora.xtec.cat\/ceipsalvadorninot\/wp-json\/wp\/v2\/posts"}],"about":[{"href":"https:\/\/agora.xtec.cat\/ceipsalvadorninot\/wp-json\/wp\/v2\/types\/post"}],"author":[{"embeddable":true,"href":"https:\/\/agora.xtec.cat\/ceipsalvadorninot\/wp-json\/wp\/v2\/users\/1"}],"replies":[{"embeddable":true,"href":"https:\/\/agora.xtec.cat\/ceipsalvadorninot\/wp-json\/wp\/v2\/comments?post=8223"}],"version-history":[{"count":2,"href":"https:\/\/agora.xtec.cat\/ceipsalvadorninot\/wp-json\/wp\/v2\/posts\/8223\/revisions"}],"predecessor-version":[{"id":8226,"href":"https:\/\/agora.xtec.cat\/ceipsalvadorninot\/wp-json\/wp\/v2\/posts\/8223\/revisions\/8226"}],"wp:featuredmedia":[{"embeddable":true,"href":"https:\/\/agora.xtec.cat\/ceipsalvadorninot\/wp-json\/wp\/v2\/media\/8224"}],"wp:attachment":[{"href":"https:\/\/agora.xtec.cat\/ceipsalvadorninot\/wp-json\/wp\/v2\/media?parent=8223"}],"wp:term":[{"taxonomy":"category","embeddable":true,"href":"https:\/\/agora.xtec.cat\/ceipsalvadorninot\/wp-json\/wp\/v2\/categories?post=8223"},{"taxonomy":"post_tag","embeddable":true,"href":"https:\/\/agora.xtec.cat\/ceipsalvadorninot\/wp-json\/wp\/v2\/tags?post=8223"}],"curies":[{"name":"wp","href":"https:\/\/api.w.org\/{rel}","templated":true}]}}