{"id":7644,"date":"2023-09-28T10:14:02","date_gmt":"2023-09-28T08:14:02","guid":{"rendered":"https:\/\/agora.xtec.cat\/ceipsalvadorninot\/?p=7644"},"modified":"2023-09-28T13:41:26","modified_gmt":"2023-09-28T11:41:26","slug":"anem-a-lhort-de-lescola","status":"publish","type":"post","link":"https:\/\/agora.xtec.cat\/ceipsalvadorninot\/general\/anem-a-lhort-de-lescola\/","title":{"rendered":"Anem a l&#8217;hort de l&#8217;escola!"},"content":{"rendered":"<p><em>Fa uns dies que a Educaci\u00f3 Infantil hem comen\u00e7at a indagar qu\u00e8 ha passat amb <strong>l&#8217;hort de l&#8217;escola<\/strong> despr\u00e9s de l&#8217;estiu. Ens hem fet <strong>preguntes<\/strong>, ens hem plantejat<strong> hip\u00f2tesis<\/strong> i despr\u00e9s les hem anat a <strong>comprovar<\/strong>!<\/em><\/p>\n<p><em>&#8211; Uau! Per\u00f2 sin\u00f3 hi ha res a l&#8217;hort! &#8211; d\u00e8ien els alumnes. Per\u00f2 mirant, mirant vam veure que s\u00ed, que durant l&#8217;estiu hi havia crescut alguna cosa! <strong>Qu\u00e8 \u00e9s?<\/strong> S\u00f3n <strong>males herbes? <\/strong><\/em><\/p>\n<p><em>Aix\u00ed ha comen\u00e7at el nostre <strong>projecte a l&#8217;hort de l&#8217;escola<\/strong>.\u00a0Preparats per gaudir amb nosaltres de les <strong>aventures<\/strong> que hi viurem? <strong>Comencem<\/strong>!<\/em><\/p>\n<p><a href=\"https:\/\/agora.xtec.cat\/ceipsalvadorninot\/wp-content\/uploads\/usu1097\/2023\/09\/IMG_1565-scaled-e1695887665927.jpeg\"><img loading=\"lazy\" decoding=\"async\" class=\"wp-image-7655 aligncenter\" src=\"https:\/\/agora.xtec.cat\/ceipsalvadorninot\/wp-content\/uploads\/usu1097\/2023\/09\/IMG_1565-scaled-e1695887665927-768x1024.jpeg\" alt=\"\" width=\"211\" height=\"281\" srcset=\"https:\/\/agora.xtec.cat\/ceipsalvadorninot\/wp-content\/uploads\/usu1097\/2023\/09\/IMG_1565-scaled-e1695887665927-768x1024.jpeg 768w, https:\/\/agora.xtec.cat\/ceipsalvadorninot\/wp-content\/uploads\/usu1097\/2023\/09\/IMG_1565-scaled-e1695887665927-225x300.jpeg 225w, https:\/\/agora.xtec.cat\/ceipsalvadorninot\/wp-content\/uploads\/usu1097\/2023\/09\/IMG_1565-scaled-e1695887665927-1152x1536.jpeg 1152w, https:\/\/agora.xtec.cat\/ceipsalvadorninot\/wp-content\/uploads\/usu1097\/2023\/09\/IMG_1565-scaled-e1695887665927-1536x2048.jpeg 1536w, https:\/\/agora.xtec.cat\/ceipsalvadorninot\/wp-content\/uploads\/usu1097\/2023\/09\/IMG_1565-scaled-e1695887665927.jpeg 1920w\" sizes=\"auto, (max-width: 211px) 100vw, 211px\" \/><\/a><\/p>\n<p>Per\u00f2&#8230; i <strong>per qu\u00e8 anem a l&#8217;hort a l&#8217;escola?<\/strong><\/p>\n<p class=\"cvGsUA direction-ltr align-justify para-style-body\"><span class=\"OYPEnA text-decoration-none text-strikethrough-none\">L\u2019estona de l\u2019hort a l\u2019escola. Una estona per aturar-nos i gaudir de la terra.<\/span><\/p>\n<p class=\"cvGsUA direction-ltr align-justify para-style-body\"><span class=\"OYPEnA text-decoration-none text-strikethrough-none\">Tocar-la, sentir-la, notar-la i observar-la. Est\u00e0 mullada? Seca? Qu\u00e8 li passa? Qu\u00e8 ens diria si parl\u00e9s? Una estona per anar aprenent a comprendre-la i a cuidar-la.<\/span><\/p>\n<p class=\"cvGsUA direction-ltr align-justify para-style-body\"><span class=\"OYPEnA text-decoration-none text-strikethrough-none\">L\u2019estona de l\u2019hort a l\u2019escola. Una estona lenta, on hem de ser pacients i aprendre a esperar. A esperar per veure cr\u00e9ixer els fruits d\u2019all\u00f2 que hem<\/span> <span class=\"OYPEnA text-decoration-none text-strikethrough-none\">decidit plantar. A esperar per collir.<\/span><\/p>\n<p class=\"cvGsUA direction-ltr align-justify para-style-body\"><span class=\"OYPEnA text-decoration-none text-strikethrough-none\">Una estona que ens porta a gestionar i a entendre el pas del temps. A<\/span> <span class=\"OYPEnA text-decoration-none text-strikethrough-none\">viure els canvis de les estacions i dels mesos de l\u2019any. I a gaudir. A gaudir de les sorpreses inesperades que ens podem topar en el cam\u00ed. Dels \u00e9ssers vius que<\/span> <span class=\"OYPEnA text-decoration-none text-strikethrough-none\">podem descobrir i de la collita que potser finalment podrem collir!<\/span><\/p>\n<p style=\"text-align: center\">\r\n\t<div class=\"slideshow_container slideshow_container_style-light\" style=\"height: 300px; \" data-slideshow-id=\"7645\" data-style-name=\"style-light\" data-style-version=\"2.3.1\" >\r\n\r\n\t\t\t\t\t<div class=\"slideshow_loading_icon\"><\/div>\r\n\t\t\r\n\t\t<div class=\"slideshow_content\" style=\"display: none;\">\r\n\r\n\t\t\t<div class=\"slideshow_view\">\r\n\t\t\t\t<div class=\"slideshow_slide slideshow_slide_image\">\r\n\t\t\t\t\t\t\t\t\t\t\t<img src=\"https:\/\/agora.xtec.cat\/ceipsalvadorninot\/wp-content\/uploads\/usu1097\/2023\/09\/IMG_1617-scaled-e1695887639974.jpeg\" alt=\"I4 a l&#039;hort\" width=\"1920\" height=\"2560\" \/>\r\n\t\t\t\t\t\t\t\t\t\t<div class=\"slideshow_description_box slideshow_transparent\">\r\n\t\t\t\t\t\t<div class=\"slideshow_title\">I4 a l&#039;hort<\/div>\t\t\t\t\t\t\t\t\t\t\t<\/div>\r\n\t\t\t\t<\/div>\r\n\r\n\t\t\t\t\t\t<div style=\"clear: both;\"><\/div><\/div><div class=\"slideshow_view\">\r\n\t\t\t\t<div class=\"slideshow_slide slideshow_slide_image\">\r\n\t\t\t\t\t\t\t\t\t\t\t<img src=\"https:\/\/agora.xtec.cat\/ceipsalvadorninot\/wp-content\/uploads\/usu1097\/2023\/09\/IMG_1565-scaled-e1695887665927.jpeg\" alt=\"I5 a l&#039;hort\" width=\"1920\" height=\"2560\" \/>\r\n\t\t\t\t\t\t\t\t\t\t<div class=\"slideshow_description_box slideshow_transparent\">\r\n\t\t\t\t\t\t<div class=\"slideshow_title\">I5 a l&#039;hort<\/div>\t\t\t\t\t\t\t\t\t\t\t<\/div>\r\n\t\t\t\t<\/div>\r\n\r\n\t\t\t\t\t\t<div style=\"clear: both;\"><\/div><\/div><div class=\"slideshow_view\">\r\n\t\t\t\t<div class=\"slideshow_slide slideshow_slide_image\">\r\n\t\t\t\t\t\t\t\t\t\t\t<img src=\"https:\/\/agora.xtec.cat\/ceipsalvadorninot\/wp-content\/uploads\/usu1097\/2023\/09\/IMG_1611-scaled.jpeg\" alt=\"I4 a l&#039;hort\" width=\"2560\" height=\"1920\" \/>\r\n\t\t\t\t\t\t\t\t\t\t<div class=\"slideshow_description_box slideshow_transparent\">\r\n\t\t\t\t\t\t<div class=\"slideshow_title\">I4 a l&#039;hort<\/div>\t\t\t\t\t\t\t\t\t\t\t<\/div>\r\n\t\t\t\t<\/div>\r\n\r\n\t\t\t\t\t\t<div style=\"clear: both;\"><\/div><\/div><div class=\"slideshow_view\">\r\n\t\t\t\t<div class=\"slideshow_slide slideshow_slide_image\">\r\n\t\t\t\t\t\t\t\t\t\t\t<img src=\"https:\/\/agora.xtec.cat\/ceipsalvadorninot\/wp-content\/uploads\/usu1097\/2023\/09\/IMG_1609-scaled-e1695887654643.jpeg\" alt=\"Hip\u00f2tesis I4\" width=\"1920\" height=\"2560\" \/>\r\n\t\t\t\t\t\t\t\t\t\t<div class=\"slideshow_description_box slideshow_transparent\">\r\n\t\t\t\t\t\t<div class=\"slideshow_title\">Hip\u00f2tesis I4<\/div>\t\t\t\t\t\t\t\t\t\t\t<\/div>\r\n\t\t\t\t<\/div>\r\n\r\n\t\t\t\t\t\t<div style=\"clear: both;\"><\/div><\/div><div class=\"slideshow_view\">\r\n\t\t\t\t<div class=\"slideshow_slide slideshow_slide_image\">\r\n\t\t\t\t\t\t\t\t\t\t\t<img src=\"https:\/\/agora.xtec.cat\/ceipsalvadorninot\/wp-content\/uploads\/usu1097\/2023\/09\/IMG_1560-scaled.jpeg\" alt=\"I5 a l&#039;hort\" width=\"2560\" height=\"1920\" \/>\r\n\t\t\t\t\t\t\t\t\t\t<div class=\"slideshow_description_box slideshow_transparent\">\r\n\t\t\t\t\t\t<div class=\"slideshow_title\">I5 a l&#039;hort<\/div>\t\t\t\t\t\t\t\t\t\t\t<\/div>\r\n\t\t\t\t<\/div>\r\n\r\n\t\t\t\t\t\t<div style=\"clear: both;\"><\/div><\/div><div class=\"slideshow_view\">\r\n\t\t\t\t<div class=\"slideshow_slide slideshow_slide_image\">\r\n\t\t\t\t\t\t\t\t\t\t\t<img src=\"https:\/\/agora.xtec.cat\/ceipsalvadorninot\/wp-content\/uploads\/usu1097\/2023\/09\/97590577-E177-443B-A778-7942F948707C-scaled.jpeg\" alt=\"Analitzem les herbes que hem trobat\" width=\"2560\" height=\"2560\" \/>\r\n\t\t\t\t\t\t\t\t\t\t<div class=\"slideshow_description_box slideshow_transparent\">\r\n\t\t\t\t\t\t<div class=\"slideshow_title\">Analitzem les herbes que hem trobat<\/div>\t\t\t\t\t\t\t\t\t\t\t<\/div>\r\n\t\t\t\t<\/div>\r\n\r\n\t\t\t\t\t\t<div style=\"clear: both;\"><\/div><\/div><div class=\"slideshow_view\">\r\n\t\t\t\t<div class=\"slideshow_slide slideshow_slide_image\">\r\n\t\t\t\t\t\t\t\t\t\t\t<img src=\"https:\/\/agora.xtec.cat\/ceipsalvadorninot\/wp-content\/uploads\/usu1097\/2023\/09\/IMG_1557-1-scaled.jpg\" alt=\"Hip\u00f2tesis I5\" width=\"2560\" height=\"1801\" \/>\r\n\t\t\t\t\t\t\t\t\t\t<div class=\"slideshow_description_box slideshow_transparent\">\r\n\t\t\t\t\t\t<div class=\"slideshow_title\">Hip\u00f2tesis I5<\/div>\t\t\t\t\t\t\t\t\t\t\t<\/div>\r\n\t\t\t\t<\/div>\r\n\r\n\t\t\t\t\t\t<div style=\"clear: both;\"><\/div><\/div><div class=\"slideshow_view\">\r\n\t\t\t\t<div class=\"slideshow_slide slideshow_slide_image\">\r\n\t\t\t\t\t\t\t\t\t\t\t<img src=\"https:\/\/agora.xtec.cat\/ceipsalvadorninot\/wp-content\/uploads\/usu1097\/2023\/09\/IMG_1558-scaled.jpg\" alt=\"Observem l&#039;hort\" width=\"2560\" height=\"1833\" \/>\r\n\t\t\t\t\t\t\t\t\t\t<div class=\"slideshow_description_box slideshow_transparent\">\r\n\t\t\t\t\t\t<div class=\"slideshow_title\">Observem l&#039;hort<\/div>\t\t\t\t\t\t\t\t\t\t\t<\/div>\r\n\t\t\t\t<\/div>\r\n\r\n\t\t\t\t\t\t<div style=\"clear: both;\"><\/div><\/div><div class=\"slideshow_view\">\r\n\t\t\t\t<div class=\"slideshow_slide slideshow_slide_image\">\r\n\t\t\t\t\t\t\t\t\t\t\t<img src=\"https:\/\/agora.xtec.cat\/ceipsalvadorninot\/wp-content\/uploads\/usu1097\/2023\/09\/64449.jpg\" alt=\"Hort I3\" width=\"2000\" height=\"900\" \/>\r\n\t\t\t\t\t\t\t\t\t\t<div class=\"slideshow_description_box slideshow_transparent\">\r\n\t\t\t\t\t\t<div class=\"slideshow_title\">Hort I3<\/div>\t\t\t\t\t\t\t\t\t\t\t<\/div>\r\n\t\t\t\t<\/div>\r\n\r\n\t\t\t\t\t\t<div style=\"clear: both;\"><\/div><\/div><div class=\"slideshow_view\">\r\n\t\t\t\t<div class=\"slideshow_slide slideshow_slide_image\">\r\n\t\t\t\t\t\t\t\t\t\t\t<img src=\"https:\/\/agora.xtec.cat\/ceipsalvadorninot\/wp-content\/uploads\/usu1097\/2023\/09\/56584993-011a-4b56-848f-647e3f0e30a4-1.jpg\" alt=\"I3 a l&#039;hort\" width=\"2000\" height=\"900\" \/>\r\n\t\t\t\t\t\t\t\t\t\t<div class=\"slideshow_description_box slideshow_transparent\">\r\n\t\t\t\t\t\t<div class=\"slideshow_title\">I3 a l&#039;hort<\/div>\t\t\t\t\t\t\t\t\t\t\t<\/div>\r\n\t\t\t\t<\/div>\r\n\r\n\t\t\t\t\t\t<div style=\"clear: both;\"><\/div><\/div>\r\n\t\t<\/div>\r\n\r\n\t\t<div class=\"slideshow_controlPanel slideshow_transparent\" style=\"display: none;\"><ul><li class=\"slideshow_togglePlay\" data-play-text=\"Visualitza\" data-pause-text=\"Pausa\"><\/li><\/ul><\/div>\r\n\r\n\t\t<div class=\"slideshow_button slideshow_previous slideshow_transparent\" role=\"button\" data-previous-text=\"Anterior\" style=\"display: none;\"><\/div>\r\n\t\t<div class=\"slideshow_button slideshow_next slideshow_transparent\" role=\"button\" data-next-text=\"Seg\u00fcent\" style=\"display: none;\"><\/div>\r\n\r\n\t\t<div class=\"slideshow_pagination\" style=\"display: none;\" data-go-to-text=\"V\u00e9s a la diapositiva\"><div class=\"slideshow_pagination_center\"><\/div><\/div>\r\n\r\n\t\t<!-- WordPress Slideshow Version 2.3.1 -->\r\n\r\n\t\t\t<\/div>\r\n\r\n<\/p>\n","protected":false},"excerpt":{"rendered":"<p>Fa uns dies que a Educaci\u00f3 Infantil hem comen\u00e7at a indagar qu\u00e8 ha passat amb l&#8217;hort de l&#8217;escola despr\u00e9s de l&#8217;estiu. Ens hem fet preguntes, ens hem plantejat hip\u00f2tesis i despr\u00e9s les hem anat a comprovar!<\/p>\n","protected":false},"author":1,"featured_media":7655,"comment_status":"open","ping_status":"closed","sticky":false,"template":"","format":"standard","meta":{"_bbp_topic_count":0,"_bbp_reply_count":0,"_bbp_total_topic_count":0,"_bbp_total_reply_count":0,"_bbp_voice_count":0,"_bbp_anonymous_reply_count":0,"_bbp_topic_count_hidden":0,"_bbp_reply_count_hidden":0,"_bbp_forum_subforum_count":0,"site-sidebar-layout":"default","site-content-layout":"","ast-site-content-layout":"","site-content-style":"default","site-sidebar-style":"default","ast-global-header-display":"","ast-banner-title-visibility":"","ast-main-header-display":"","ast-hfb-above-header-display":"","ast-hfb-below-header-display":"","ast-hfb-mobile-header-display":"","site-post-title":"","ast-breadcrumbs-content":"","ast-featured-img":"","footer-sml-layout":"","theme-transparent-header-meta":"","adv-header-id-meta":"","stick-header-meta":"","header-above-stick-meta":"","header-main-stick-meta":"","header-below-stick-meta":"","astra-migrate-meta-layouts":"default","ast-page-background-enabled":"default","ast-page-background-meta":{"desktop":{"background-color":"var(--ast-global-color-4)","background-image":"","background-repeat":"repeat","background-position":"center center","background-size":"auto","background-attachment":"scroll","background-type":"","background-media":"","overlay-type":"","overlay-color":"","overlay-opacity":"","overlay-gradient":""},"tablet":{"background-color":"","background-image":"","background-repeat":"repeat","background-position":"center center","background-size":"auto","background-attachment":"scroll","background-type":"","background-media":"","overlay-type":"","overlay-color":"","overlay-opacity":"","overlay-gradient":""},"mobile":{"background-color":"","background-image":"","background-repeat":"repeat","background-position":"center center","background-size":"auto","background-attachment":"scroll","background-type":"","background-media":"","overlay-type":"","overlay-color":"","overlay-opacity":"","overlay-gradient":""}},"ast-content-background-meta":{"desktop":{"background-color":"var(--ast-global-color-5)","background-image":"","background-repeat":"repeat","background-position":"center center","background-size":"auto","background-attachment":"scroll","background-type":"","background-media":"","overlay-type":"","overlay-color":"","overlay-opacity":"","overlay-gradient":""},"tablet":{"background-color":"var(--ast-global-color-5)","background-image":"","background-repeat":"repeat","background-position":"center center","background-size":"auto","background-attachment":"scroll","background-type":"","background-media":"","overlay-type":"","overlay-color":"","overlay-opacity":"","overlay-gradient":""},"mobile":{"background-color":"var(--ast-global-color-5)","background-image":"","background-repeat":"repeat","background-position":"center center","background-size":"auto","background-attachment":"scroll","background-type":"","background-media":"","overlay-type":"","overlay-color":"","overlay-opacity":"","overlay-gradient":""}},"footnotes":""},"categories":[1,3,8,9,2,75,4],"tags":[],"class_list":["post-7644","post","type-post","status-publish","format-standard","has-post-thumbnail","hentry","category-general","category-p3","category-p4","category-p5","category-infantil","category-pati-pedagogic","category-portada"],"post_mailing_queue_ids":[],"_links":{"self":[{"href":"https:\/\/agora.xtec.cat\/ceipsalvadorninot\/wp-json\/wp\/v2\/posts\/7644","targetHints":{"allow":["GET"]}}],"collection":[{"href":"https:\/\/agora.xtec.cat\/ceipsalvadorninot\/wp-json\/wp\/v2\/posts"}],"about":[{"href":"https:\/\/agora.xtec.cat\/ceipsalvadorninot\/wp-json\/wp\/v2\/types\/post"}],"author":[{"embeddable":true,"href":"https:\/\/agora.xtec.cat\/ceipsalvadorninot\/wp-json\/wp\/v2\/users\/1"}],"replies":[{"embeddable":true,"href":"https:\/\/agora.xtec.cat\/ceipsalvadorninot\/wp-json\/wp\/v2\/comments?post=7644"}],"version-history":[{"count":4,"href":"https:\/\/agora.xtec.cat\/ceipsalvadorninot\/wp-json\/wp\/v2\/posts\/7644\/revisions"}],"predecessor-version":[{"id":7664,"href":"https:\/\/agora.xtec.cat\/ceipsalvadorninot\/wp-json\/wp\/v2\/posts\/7644\/revisions\/7664"}],"wp:featuredmedia":[{"embeddable":true,"href":"https:\/\/agora.xtec.cat\/ceipsalvadorninot\/wp-json\/wp\/v2\/media\/7655"}],"wp:attachment":[{"href":"https:\/\/agora.xtec.cat\/ceipsalvadorninot\/wp-json\/wp\/v2\/media?parent=7644"}],"wp:term":[{"taxonomy":"category","embeddable":true,"href":"https:\/\/agora.xtec.cat\/ceipsalvadorninot\/wp-json\/wp\/v2\/categories?post=7644"},{"taxonomy":"post_tag","embeddable":true,"href":"https:\/\/agora.xtec.cat\/ceipsalvadorninot\/wp-json\/wp\/v2\/tags?post=7644"}],"curies":[{"name":"wp","href":"https:\/\/api.w.org\/{rel}","templated":true}]}}