{"id":7244,"date":"2023-03-05T09:59:14","date_gmt":"2023-03-05T08:59:14","guid":{"rendered":"https:\/\/agora.xtec.cat\/ceipsalvadorninot\/?p=7244"},"modified":"2023-03-05T10:03:44","modified_gmt":"2023-03-05T09:03:44","slug":"preinscripcio-curs-2023-2024-calendari-i-informacio-dinteres","status":"publish","type":"post","link":"https:\/\/agora.xtec.cat\/ceipsalvadorninot\/general\/preinscripcio-curs-2023-2024-calendari-i-informacio-dinteres\/","title":{"rendered":"Preinscripci\u00f3 2023-2024: calendari i informaci\u00f3 d&#8217;inter\u00e8s"},"content":{"rendered":"<p><a href=\"https:\/\/agora.xtec.cat\/ceipsalvadorninot\/wp-content\/uploads\/usu1097\/2023\/03\/Cartell-preinscripcio-taronja-e1678006623479.jpg\"><img loading=\"lazy\" decoding=\"async\" class=\"size-medium wp-image-7246 aligncenter\" src=\"https:\/\/agora.xtec.cat\/ceipsalvadorninot\/wp-content\/uploads\/usu1097\/2023\/03\/Cartell-preinscripcio-taronja-e1678006623479-300x243.jpg\" alt=\"\" width=\"300\" height=\"243\" \/><\/a><\/p>\n<p>Un any m\u00e9s, el Departament d\u2019Educaci\u00f3 habilita una p\u00e0gina web\u00a0amb la voluntat d\u2019acompanyar millor les fam\u00edlies durant el proc\u00e9s de preinscripci\u00f3.<\/p>\n<p>La web <strong>es pot consultar des de qualsevol dispositiu m\u00f2bil<\/strong>\u00a0i\u00a0<strong>inclou un ampli centre de suport per a cadascun dels estudis <\/strong>per donar resposta a qualsevol dubte que es plantegi en el moment de formalitzar la preinscripci\u00f3.<\/p>\n<p>\ud83d\udc49 Tots els tr\u00e0mits de la preinscripci\u00f3 es poden <strong>realitzar en l\u00ednia<\/strong> mitjan\u00e7ant el seg\u00fcent enlla\u00e7 \ud83d\udd17:<\/p>\n<p><a href=\"https:\/\/preinscripcio.gencat.cat\/ca\/inici\/\">\ud83d\udcc5 \u00a0Preinscripci\u00f3 Departament d&#8217;Educaci\u00f3.<\/a> <span style=\"text-decoration: underline;\"><strong>Del 6 al 20 de mar\u00e7 de 2023<\/strong><\/span><strong> (ambd\u00f3s inclosos)<\/strong>.<\/p>\n<p>\ud83d\udccd <a href=\"http:\/\/mapaescolar.gencat.cat\">Oferta educativa &#8211; Mapa escolar de Catalunya.<\/a><\/p>\n<p>Al tauler d&#8217;anuncis situat a l&#8217;interior de l&#8217;edifici, disposeu tamb\u00e9 de la publicaci\u00f3 de l&#8217;<a href=\"https:\/\/agora.xtec.cat\/ceipsalvadorninot\/wp-content\/uploads\/usu1097\/2023\/03\/43003069_INFORME_OFERTA_OME_INFORME_OFERTA.pdf\">oferta inicial de places<\/a>. Aix\u00ed mateix, en aquest espai web, a l&#8217;apartat del\u00a0<em>Men\u00fa<\/em>, hi trobareu informaci\u00f3 diversa que us pot resultar d&#8217;inter\u00e8s.<\/p>\n<p>\u2139 Si us queden dubtes per a resoldre, podeu contactar-nos.<\/p>\n","protected":false},"excerpt":{"rendered":"<p>Un any m\u00e9s, el Departament d\u2019Educaci\u00f3 habilita una p\u00e0gina web\u00a0amb la voluntat d\u2019acompanyar millor les fam\u00edlies durant el proc\u00e9s de [&hellip;]<\/p>\n","protected":false},"author":1,"featured_media":7246,"comment_status":"open","ping_status":"closed","sticky":false,"template":"","format":"standard","meta":{"_bbp_topic_count":0,"_bbp_reply_count":0,"_bbp_total_topic_count":0,"_bbp_total_reply_count":0,"_bbp_voice_count":0,"_bbp_anonymous_reply_count":0,"_bbp_topic_count_hidden":0,"_bbp_reply_count_hidden":0,"_bbp_forum_subforum_count":0,"site-sidebar-layout":"default","site-content-layout":"","ast-site-content-layout":"","site-content-style":"default","site-sidebar-style":"default","ast-global-header-display":"","ast-banner-title-visibility":"","ast-main-header-display":"","ast-hfb-above-header-display":"","ast-hfb-below-header-display":"","ast-hfb-mobile-header-display":"","site-post-title":"","ast-breadcrumbs-content":"","ast-featured-img":"","footer-sml-layout":"","theme-transparent-header-meta":"","adv-header-id-meta":"","stick-header-meta":"","header-above-stick-meta":"","header-main-stick-meta":"","header-below-stick-meta":"","astra-migrate-meta-layouts":"default","ast-page-background-enabled":"default","ast-page-background-meta":{"desktop":{"background-color":"var(--ast-global-color-4)","background-image":"","background-repeat":"repeat","background-position":"center center","background-size":"auto","background-attachment":"scroll","background-type":"","background-media":"","overlay-type":"","overlay-color":"","overlay-opacity":"","overlay-gradient":""},"tablet":{"background-color":"","background-image":"","background-repeat":"repeat","background-position":"center center","background-size":"auto","background-attachment":"scroll","background-type":"","background-media":"","overlay-type":"","overlay-color":"","overlay-opacity":"","overlay-gradient":""},"mobile":{"background-color":"","background-image":"","background-repeat":"repeat","background-position":"center center","background-size":"auto","background-attachment":"scroll","background-type":"","background-media":"","overlay-type":"","overlay-color":"","overlay-opacity":"","overlay-gradient":""}},"ast-content-background-meta":{"desktop":{"background-color":"var(--ast-global-color-5)","background-image":"","background-repeat":"repeat","background-position":"center center","background-size":"auto","background-attachment":"scroll","background-type":"","background-media":"","overlay-type":"","overlay-color":"","overlay-opacity":"","overlay-gradient":""},"tablet":{"background-color":"var(--ast-global-color-5)","background-image":"","background-repeat":"repeat","background-position":"center center","background-size":"auto","background-attachment":"scroll","background-type":"","background-media":"","overlay-type":"","overlay-color":"","overlay-opacity":"","overlay-gradient":""},"mobile":{"background-color":"var(--ast-global-color-5)","background-image":"","background-repeat":"repeat","background-position":"center center","background-size":"auto","background-attachment":"scroll","background-type":"","background-media":"","overlay-type":"","overlay-color":"","overlay-opacity":"","overlay-gradient":""}},"footnotes":""},"categories":[1,2,4],"tags":[],"class_list":["post-7244","post","type-post","status-publish","format-standard","has-post-thumbnail","hentry","category-general","category-infantil","category-portada"],"post_mailing_queue_ids":[],"_links":{"self":[{"href":"https:\/\/agora.xtec.cat\/ceipsalvadorninot\/wp-json\/wp\/v2\/posts\/7244","targetHints":{"allow":["GET"]}}],"collection":[{"href":"https:\/\/agora.xtec.cat\/ceipsalvadorninot\/wp-json\/wp\/v2\/posts"}],"about":[{"href":"https:\/\/agora.xtec.cat\/ceipsalvadorninot\/wp-json\/wp\/v2\/types\/post"}],"author":[{"embeddable":true,"href":"https:\/\/agora.xtec.cat\/ceipsalvadorninot\/wp-json\/wp\/v2\/users\/1"}],"replies":[{"embeddable":true,"href":"https:\/\/agora.xtec.cat\/ceipsalvadorninot\/wp-json\/wp\/v2\/comments?post=7244"}],"version-history":[{"count":3,"href":"https:\/\/agora.xtec.cat\/ceipsalvadorninot\/wp-json\/wp\/v2\/posts\/7244\/revisions"}],"predecessor-version":[{"id":7250,"href":"https:\/\/agora.xtec.cat\/ceipsalvadorninot\/wp-json\/wp\/v2\/posts\/7244\/revisions\/7250"}],"wp:featuredmedia":[{"embeddable":true,"href":"https:\/\/agora.xtec.cat\/ceipsalvadorninot\/wp-json\/wp\/v2\/media\/7246"}],"wp:attachment":[{"href":"https:\/\/agora.xtec.cat\/ceipsalvadorninot\/wp-json\/wp\/v2\/media?parent=7244"}],"wp:term":[{"taxonomy":"category","embeddable":true,"href":"https:\/\/agora.xtec.cat\/ceipsalvadorninot\/wp-json\/wp\/v2\/categories?post=7244"},{"taxonomy":"post_tag","embeddable":true,"href":"https:\/\/agora.xtec.cat\/ceipsalvadorninot\/wp-json\/wp\/v2\/tags?post=7244"}],"curies":[{"name":"wp","href":"https:\/\/api.w.org\/{rel}","templated":true}]}}