{"id":7177,"date":"2023-02-18T10:00:57","date_gmt":"2023-02-18T09:00:57","guid":{"rendered":"https:\/\/agora.xtec.cat\/ceipsalvadorninot\/?p=7177"},"modified":"2023-02-17T06:52:54","modified_gmt":"2023-02-17T05:52:54","slug":"parlem-de-les-fonts-de-sarral","status":"publish","type":"post","link":"https:\/\/agora.xtec.cat\/ceipsalvadorninot\/general\/parlem-de-les-fonts-de-sarral\/","title":{"rendered":"Parlem de les fonts de Sarral!"},"content":{"rendered":"<p>A educaci\u00f3 infantil hem rebut 3 visites interessant\u00edssimes que ens han parlat de les fonts de Sarral, emmarcades dins del projecte interdisciplinari d&#8217;enguany &#8220;Fem un vol per les fonts i el riu&#8221;.<\/p>\n<p>Els primers en comen\u00e7ar van ser <strong>la Mei i el Pau<\/strong>, els pares de l&#8217;Heura. Ens van parlar d&#8217;una font que tenen en un terreny: <strong>la Font del X\u00e8<\/strong>. Vam reflexionar sobre el problema de la sequera, ja que hi ha un riu que ara \u00e9s ben sec. Tamb\u00e9 ens van explicar que hi han anat plantant arbres (alguns aut\u00f2ctons, alguns de m\u00e9s lluny).<\/p>\n<p><img loading=\"lazy\" decoding=\"async\" class=\"aligncenter  wp-image-7178\" src=\"https:\/\/agora.xtec.cat\/ceipsalvadorninot\/wp-content\/uploads\/usu1097\/2023\/02\/Mei-i-Pau-1024x652.jpg\" alt=\"\" width=\"365\" height=\"232\" srcset=\"https:\/\/agora.xtec.cat\/ceipsalvadorninot\/wp-content\/uploads\/usu1097\/2023\/02\/Mei-i-Pau-1024x652.jpg 1024w, https:\/\/agora.xtec.cat\/ceipsalvadorninot\/wp-content\/uploads\/usu1097\/2023\/02\/Mei-i-Pau-300x191.jpg 300w, https:\/\/agora.xtec.cat\/ceipsalvadorninot\/wp-content\/uploads\/usu1097\/2023\/02\/Mei-i-Pau-768x489.jpg 768w, https:\/\/agora.xtec.cat\/ceipsalvadorninot\/wp-content\/uploads\/usu1097\/2023\/02\/Mei-i-Pau-1536x978.jpg 1536w, https:\/\/agora.xtec.cat\/ceipsalvadorninot\/wp-content\/uploads\/usu1097\/2023\/02\/Mei-i-Pau-2048x1304.jpg 2048w\" sizes=\"auto, (max-width: 365px) 100vw, 365px\" \/><\/p>\n<p>La segona visita va ser la del <strong>Ricard<\/strong>, el pare del Nil. Ell ens va parlar de diverses <strong>fonts del terme<\/strong>, ens va explicar la difer\u00e8ncia entre una font natural i una d&#8217;artificial i ens va donar trucs per saber si l&#8217;aigua que trobem al camp \u00e9s bona o no: si hi ha salamandres i\/o capgrossos, \u00e9s bona! A m\u00e9s, ens va parlar dels joncs, unes plantes que neixen als llocs on hi ha aigua i ens en va deixar uns quants per observar-los.<\/p>\n<p><img loading=\"lazy\" decoding=\"async\" class=\"aligncenter  wp-image-7181\" src=\"https:\/\/agora.xtec.cat\/ceipsalvadorninot\/wp-content\/uploads\/usu1097\/2023\/02\/Ricard-1-1024x768.jpg\" alt=\"\" width=\"296\" height=\"222\" srcset=\"https:\/\/agora.xtec.cat\/ceipsalvadorninot\/wp-content\/uploads\/usu1097\/2023\/02\/Ricard-1-1024x768.jpg 1024w, https:\/\/agora.xtec.cat\/ceipsalvadorninot\/wp-content\/uploads\/usu1097\/2023\/02\/Ricard-1-300x225.jpg 300w, https:\/\/agora.xtec.cat\/ceipsalvadorninot\/wp-content\/uploads\/usu1097\/2023\/02\/Ricard-1-768x576.jpg 768w, https:\/\/agora.xtec.cat\/ceipsalvadorninot\/wp-content\/uploads\/usu1097\/2023\/02\/Ricard-1-1536x1152.jpg 1536w, https:\/\/agora.xtec.cat\/ceipsalvadorninot\/wp-content\/uploads\/usu1097\/2023\/02\/Ricard-1-200x150.jpg 200w, https:\/\/agora.xtec.cat\/ceipsalvadorninot\/wp-content\/uploads\/usu1097\/2023\/02\/Ricard-1.jpg 2000w\" sizes=\"auto, (max-width: 296px) 100vw, 296px\" \/><\/p>\n<p>La tercera en venir a l&#8217;escola va ser l&#8217;<strong>Ant\u00f2nia<\/strong>, la padrina del Pol. Ens va explicar un conte inventat per ella, &#8220;<em>Petita hist\u00f2ria de la Font de Baix<\/em>&#8220;. Ens va portar 4 c\u00e0ntirs de veritat de diverses mides per explicar-nos que abans, quan no hi havia aigua a les cases, la gent els portava a les fonts i els omplia per cuinar, netejar-se, beure&#8230; Ens va parlar de la Font de Baix, l&#8217;hort que hi tenen i qu\u00e8 hi fan. Ah! I al conte hi sortia el Pol! Que divertit!<\/p>\n<p><img loading=\"lazy\" decoding=\"async\" class=\"aligncenter  wp-image-7180\" src=\"https:\/\/agora.xtec.cat\/ceipsalvadorninot\/wp-content\/uploads\/usu1097\/2023\/02\/Antonia-1024x768.jpg\" alt=\"\" width=\"320\" height=\"240\" srcset=\"https:\/\/agora.xtec.cat\/ceipsalvadorninot\/wp-content\/uploads\/usu1097\/2023\/02\/Antonia-1024x768.jpg 1024w, https:\/\/agora.xtec.cat\/ceipsalvadorninot\/wp-content\/uploads\/usu1097\/2023\/02\/Antonia-300x225.jpg 300w, https:\/\/agora.xtec.cat\/ceipsalvadorninot\/wp-content\/uploads\/usu1097\/2023\/02\/Antonia-768x576.jpg 768w, https:\/\/agora.xtec.cat\/ceipsalvadorninot\/wp-content\/uploads\/usu1097\/2023\/02\/Antonia-1536x1152.jpg 1536w, https:\/\/agora.xtec.cat\/ceipsalvadorninot\/wp-content\/uploads\/usu1097\/2023\/02\/Antonia-200x150.jpg 200w, https:\/\/agora.xtec.cat\/ceipsalvadorninot\/wp-content\/uploads\/usu1097\/2023\/02\/Antonia.jpg 1600w\" sizes=\"auto, (max-width: 320px) 100vw, 320px\" \/><\/p>\n<p>Molt\u00edssimes gr\u00e0cies a tots i totes! Ens encanta que les fam\u00edlies entreu a l&#8217;escola i aix\u00ed poder aprendre coses amb vosaltres.<\/p>\n<p>La resta de fotos les trobareu fent clic <a href=\"https:\/\/drive.google.com\/drive\/folders\/1mJGCpCkVUfjDhQNJnsY4wCjsViRXyo4L?usp=share_link\">AQU\u00cd<\/a>.<\/p>\n","protected":false},"excerpt":{"rendered":"<p>A educaci\u00f3 infantil hem rebut 3 visites interessant\u00edssimes que ens han parlat de les fonts de Sarral, emmarcades dins del [&hellip;]<\/p>\n","protected":false},"author":1,"featured_media":7183,"comment_status":"open","ping_status":"closed","sticky":false,"template":"","format":"standard","meta":{"_bbp_topic_count":0,"_bbp_reply_count":0,"_bbp_total_topic_count":0,"_bbp_total_reply_count":0,"_bbp_voice_count":0,"_bbp_anonymous_reply_count":0,"_bbp_topic_count_hidden":0,"_bbp_reply_count_hidden":0,"_bbp_forum_subforum_count":0,"site-sidebar-layout":"default","site-content-layout":"","ast-site-content-layout":"","site-content-style":"default","site-sidebar-style":"default","ast-global-header-display":"","ast-banner-title-visibility":"","ast-main-header-display":"","ast-hfb-above-header-display":"","ast-hfb-below-header-display":"","ast-hfb-mobile-header-display":"","site-post-title":"","ast-breadcrumbs-content":"","ast-featured-img":"","footer-sml-layout":"","theme-transparent-header-meta":"","adv-header-id-meta":"","stick-header-meta":"","header-above-stick-meta":"","header-main-stick-meta":"","header-below-stick-meta":"","astra-migrate-meta-layouts":"default","ast-page-background-enabled":"default","ast-page-background-meta":{"desktop":{"background-color":"var(--ast-global-color-4)","background-image":"","background-repeat":"repeat","background-position":"center center","background-size":"auto","background-attachment":"scroll","background-type":"","background-media":"","overlay-type":"","overlay-color":"","overlay-opacity":"","overlay-gradient":""},"tablet":{"background-color":"","background-image":"","background-repeat":"repeat","background-position":"center center","background-size":"auto","background-attachment":"scroll","background-type":"","background-media":"","overlay-type":"","overlay-color":"","overlay-opacity":"","overlay-gradient":""},"mobile":{"background-color":"","background-image":"","background-repeat":"repeat","background-position":"center center","background-size":"auto","background-attachment":"scroll","background-type":"","background-media":"","overlay-type":"","overlay-color":"","overlay-opacity":"","overlay-gradient":""}},"ast-content-background-meta":{"desktop":{"background-color":"var(--ast-global-color-5)","background-image":"","background-repeat":"repeat","background-position":"center center","background-size":"auto","background-attachment":"scroll","background-type":"","background-media":"","overlay-type":"","overlay-color":"","overlay-opacity":"","overlay-gradient":""},"tablet":{"background-color":"var(--ast-global-color-5)","background-image":"","background-repeat":"repeat","background-position":"center center","background-size":"auto","background-attachment":"scroll","background-type":"","background-media":"","overlay-type":"","overlay-color":"","overlay-opacity":"","overlay-gradient":""},"mobile":{"background-color":"var(--ast-global-color-5)","background-image":"","background-repeat":"repeat","background-position":"center center","background-size":"auto","background-attachment":"scroll","background-type":"","background-media":"","overlay-type":"","overlay-color":"","overlay-opacity":"","overlay-gradient":""}},"footnotes":""},"categories":[1,3,8,9,2,4,105],"tags":[],"class_list":["post-7177","post","type-post","status-publish","format-standard","has-post-thumbnail","hentry","category-general","category-p3","category-p4","category-p5","category-infantil","category-portada","category-rius"],"post_mailing_queue_ids":[],"_links":{"self":[{"href":"https:\/\/agora.xtec.cat\/ceipsalvadorninot\/wp-json\/wp\/v2\/posts\/7177","targetHints":{"allow":["GET"]}}],"collection":[{"href":"https:\/\/agora.xtec.cat\/ceipsalvadorninot\/wp-json\/wp\/v2\/posts"}],"about":[{"href":"https:\/\/agora.xtec.cat\/ceipsalvadorninot\/wp-json\/wp\/v2\/types\/post"}],"author":[{"embeddable":true,"href":"https:\/\/agora.xtec.cat\/ceipsalvadorninot\/wp-json\/wp\/v2\/users\/1"}],"replies":[{"embeddable":true,"href":"https:\/\/agora.xtec.cat\/ceipsalvadorninot\/wp-json\/wp\/v2\/comments?post=7177"}],"version-history":[{"count":1,"href":"https:\/\/agora.xtec.cat\/ceipsalvadorninot\/wp-json\/wp\/v2\/posts\/7177\/revisions"}],"predecessor-version":[{"id":7182,"href":"https:\/\/agora.xtec.cat\/ceipsalvadorninot\/wp-json\/wp\/v2\/posts\/7177\/revisions\/7182"}],"wp:featuredmedia":[{"embeddable":true,"href":"https:\/\/agora.xtec.cat\/ceipsalvadorninot\/wp-json\/wp\/v2\/media\/7183"}],"wp:attachment":[{"href":"https:\/\/agora.xtec.cat\/ceipsalvadorninot\/wp-json\/wp\/v2\/media?parent=7177"}],"wp:term":[{"taxonomy":"category","embeddable":true,"href":"https:\/\/agora.xtec.cat\/ceipsalvadorninot\/wp-json\/wp\/v2\/categories?post=7177"},{"taxonomy":"post_tag","embeddable":true,"href":"https:\/\/agora.xtec.cat\/ceipsalvadorninot\/wp-json\/wp\/v2\/tags?post=7177"}],"curies":[{"name":"wp","href":"https:\/\/api.w.org\/{rel}","templated":true}]}}