{"id":6973,"date":"2022-11-28T18:35:40","date_gmt":"2022-11-28T17:35:40","guid":{"rendered":"https:\/\/agora.xtec.cat\/ceipsalvadorninot\/?p=6973"},"modified":"2023-01-10T10:45:09","modified_gmt":"2023-01-10T09:45:09","slug":"som-escola-verda","status":"publish","type":"post","link":"https:\/\/agora.xtec.cat\/ceipsalvadorninot\/general\/som-escola-verda\/","title":{"rendered":"Som Escola Verda!"},"content":{"rendered":"<p><a href=\"https:\/\/agora.xtec.cat\/ceipsalvadorninot\/wp-content\/uploads\/usu1097\/2022\/11\/F4B4D24E-30CF-41DE-9F4F-79E8D86C34A6.jpeg\"><img loading=\"lazy\" decoding=\"async\" class=\"aligncenter wp-image-6974 size-full\" src=\"https:\/\/agora.xtec.cat\/ceipsalvadorninot\/wp-content\/uploads\/usu1097\/2022\/11\/F4B4D24E-30CF-41DE-9F4F-79E8D86C34A6.jpeg\" alt=\"\" width=\"1200\" height=\"900\" srcset=\"https:\/\/agora.xtec.cat\/ceipsalvadorninot\/wp-content\/uploads\/usu1097\/2022\/11\/F4B4D24E-30CF-41DE-9F4F-79E8D86C34A6.jpeg 1200w, https:\/\/agora.xtec.cat\/ceipsalvadorninot\/wp-content\/uploads\/usu1097\/2022\/11\/F4B4D24E-30CF-41DE-9F4F-79E8D86C34A6-300x225.jpeg 300w, https:\/\/agora.xtec.cat\/ceipsalvadorninot\/wp-content\/uploads\/usu1097\/2022\/11\/F4B4D24E-30CF-41DE-9F4F-79E8D86C34A6-1024x768.jpeg 1024w, https:\/\/agora.xtec.cat\/ceipsalvadorninot\/wp-content\/uploads\/usu1097\/2022\/11\/F4B4D24E-30CF-41DE-9F4F-79E8D86C34A6-768x576.jpeg 768w, https:\/\/agora.xtec.cat\/ceipsalvadorninot\/wp-content\/uploads\/usu1097\/2022\/11\/F4B4D24E-30CF-41DE-9F4F-79E8D86C34A6-200x150.jpeg 200w\" sizes=\"auto, (max-width: 1200px) 100vw, 1200px\" \/><\/a><\/p>\n<p class=\"p1\"><span class=\"s1\">Aquest cap de setmana hem tingut l\u2019oportunitat d\u2019assistir a la<\/span> <span class=\"s1\">XIX Trobada d\u2019Escoles Verdes, l\u2019acte on cada curs escolar, es lliuren els Distintius d\u2019Escola Verda als centres educatius que, com el nostre, han elaborat el seu <\/span><span class=\"s3\">Pla d\u2019Educaci\u00f3 per a la Sostenibilitat<\/span><span class=\"s1\"> i que s\u2019incorporen a la Xarxa d\u2019Escoles Verdes (XEV).<\/span><\/p>\n<p class=\"p1\"><span class=\"s1\">Un acte de reconeixement cap a l\u2019escola per haver assumit el comprom\u00eds de treballar en la construcci\u00f3 d\u2019una Catalunya m\u00e9s sostenible.<\/span><\/p>\n<p class=\"p1\"><span class=\"s1\">Des de ja fa uns anys, l\u2019escola treballa diferents aspectes amb l\u2019objectiu d\u2019impulsar actituds responsables i respectuoses cap al medi ambient i l\u2019entorn proper.<\/span><\/p>\n<p class=\"p1\"><span class=\"s1\">\u00c9s, per\u00f2, gr\u00e0cies al treball constant de tota la comunitat escolar que, ben aviat, la fa\u00e7ana de l\u2019escola lluir\u00e0 el distintiu d\u2019Escola Verda!<\/span><\/p>\n<p><a href=\"https:\/\/agora.xtec.cat\/ceipsalvadorninot\/wp-content\/uploads\/usu1097\/2022\/11\/90B8923B-9570-4BD9-B2B1-A6C54BFFEFF2.jpeg\"><img loading=\"lazy\" decoding=\"async\" class=\"aligncenter wp-image-6975 size-full\" src=\"https:\/\/agora.xtec.cat\/ceipsalvadorninot\/wp-content\/uploads\/usu1097\/2022\/11\/90B8923B-9570-4BD9-B2B1-A6C54BFFEFF2.jpeg\" alt=\"\" width=\"785\" height=\"592\" srcset=\"https:\/\/agora.xtec.cat\/ceipsalvadorninot\/wp-content\/uploads\/usu1097\/2022\/11\/90B8923B-9570-4BD9-B2B1-A6C54BFFEFF2.jpeg 785w, https:\/\/agora.xtec.cat\/ceipsalvadorninot\/wp-content\/uploads\/usu1097\/2022\/11\/90B8923B-9570-4BD9-B2B1-A6C54BFFEFF2-300x226.jpeg 300w, https:\/\/agora.xtec.cat\/ceipsalvadorninot\/wp-content\/uploads\/usu1097\/2022\/11\/90B8923B-9570-4BD9-B2B1-A6C54BFFEFF2-768x579.jpeg 768w, https:\/\/agora.xtec.cat\/ceipsalvadorninot\/wp-content\/uploads\/usu1097\/2022\/11\/90B8923B-9570-4BD9-B2B1-A6C54BFFEFF2-200x150.jpeg 200w\" sizes=\"auto, (max-width: 785px) 100vw, 785px\" \/><\/a><\/p>\n<p>Felicitats, alumnes, docents, fam\u00edlies i educadors\/es!<\/p>\n<p>SOM ESCOLA VERDA!<\/p>\n<p><a href=\"https:\/\/agora.xtec.cat\/ceipsalvadorninot\/wp-content\/uploads\/usu1097\/2022\/11\/FB34BF8D-A6EA-4E53-821A-44B7F1ADD75F.jpeg\"><img loading=\"lazy\" decoding=\"async\" class=\"aligncenter wp-image-6977 size-full\" src=\"https:\/\/agora.xtec.cat\/ceipsalvadorninot\/wp-content\/uploads\/usu1097\/2022\/11\/FB34BF8D-A6EA-4E53-821A-44B7F1ADD75F.jpeg\" alt=\"\" width=\"1200\" height=\"1600\" srcset=\"https:\/\/agora.xtec.cat\/ceipsalvadorninot\/wp-content\/uploads\/usu1097\/2022\/11\/FB34BF8D-A6EA-4E53-821A-44B7F1ADD75F.jpeg 1200w, https:\/\/agora.xtec.cat\/ceipsalvadorninot\/wp-content\/uploads\/usu1097\/2022\/11\/FB34BF8D-A6EA-4E53-821A-44B7F1ADD75F-225x300.jpeg 225w, https:\/\/agora.xtec.cat\/ceipsalvadorninot\/wp-content\/uploads\/usu1097\/2022\/11\/FB34BF8D-A6EA-4E53-821A-44B7F1ADD75F-768x1024.jpeg 768w, https:\/\/agora.xtec.cat\/ceipsalvadorninot\/wp-content\/uploads\/usu1097\/2022\/11\/FB34BF8D-A6EA-4E53-821A-44B7F1ADD75F-1152x1536.jpeg 1152w\" sizes=\"auto, (max-width: 1200px) 100vw, 1200px\" \/><\/a><\/p>\n","protected":false},"excerpt":{"rendered":"<p>Aquest cap de setmana hem tingut l\u2019oportunitat d\u2019assistir a la XIX Trobada d\u2019Escoles Verdes, l\u2019acte on cada curs escolar, es [&hellip;]<\/p>\n","protected":false},"author":1,"featured_media":6976,"comment_status":"open","ping_status":"closed","sticky":false,"template":"","format":"standard","meta":{"_bbp_topic_count":0,"_bbp_reply_count":0,"_bbp_total_topic_count":0,"_bbp_total_reply_count":0,"_bbp_voice_count":0,"_bbp_anonymous_reply_count":0,"_bbp_topic_count_hidden":0,"_bbp_reply_count_hidden":0,"_bbp_forum_subforum_count":0,"site-sidebar-layout":"default","site-content-layout":"","ast-site-content-layout":"","site-content-style":"default","site-sidebar-style":"default","ast-global-header-display":"","ast-banner-title-visibility":"","ast-main-header-display":"","ast-hfb-above-header-display":"","ast-hfb-below-header-display":"","ast-hfb-mobile-header-display":"","site-post-title":"","ast-breadcrumbs-content":"","ast-featured-img":"","footer-sml-layout":"","theme-transparent-header-meta":"","adv-header-id-meta":"","stick-header-meta":"","header-above-stick-meta":"","header-main-stick-meta":"","header-below-stick-meta":"","astra-migrate-meta-layouts":"default","ast-page-background-enabled":"default","ast-page-background-meta":{"desktop":{"background-color":"var(--ast-global-color-4)","background-image":"","background-repeat":"repeat","background-position":"center center","background-size":"auto","background-attachment":"scroll","background-type":"","background-media":"","overlay-type":"","overlay-color":"","overlay-opacity":"","overlay-gradient":""},"tablet":{"background-color":"","background-image":"","background-repeat":"repeat","background-position":"center center","background-size":"auto","background-attachment":"scroll","background-type":"","background-media":"","overlay-type":"","overlay-color":"","overlay-opacity":"","overlay-gradient":""},"mobile":{"background-color":"","background-image":"","background-repeat":"repeat","background-position":"center center","background-size":"auto","background-attachment":"scroll","background-type":"","background-media":"","overlay-type":"","overlay-color":"","overlay-opacity":"","overlay-gradient":""}},"ast-content-background-meta":{"desktop":{"background-color":"var(--ast-global-color-5)","background-image":"","background-repeat":"repeat","background-position":"center center","background-size":"auto","background-attachment":"scroll","background-type":"","background-media":"","overlay-type":"","overlay-color":"","overlay-opacity":"","overlay-gradient":""},"tablet":{"background-color":"var(--ast-global-color-5)","background-image":"","background-repeat":"repeat","background-position":"center center","background-size":"auto","background-attachment":"scroll","background-type":"","background-media":"","overlay-type":"","overlay-color":"","overlay-opacity":"","overlay-gradient":""},"mobile":{"background-color":"var(--ast-global-color-5)","background-image":"","background-repeat":"repeat","background-position":"center center","background-size":"auto","background-attachment":"scroll","background-type":"","background-media":"","overlay-type":"","overlay-color":"","overlay-opacity":"","overlay-gradient":""}},"footnotes":""},"categories":[91,1,2,4,5],"tags":[],"class_list":["post-6973","post","type-post","status-publish","format-standard","has-post-thumbnail","hentry","category-verda","category-general","category-infantil","category-portada","category-primaria"],"post_mailing_queue_ids":[],"_links":{"self":[{"href":"https:\/\/agora.xtec.cat\/ceipsalvadorninot\/wp-json\/wp\/v2\/posts\/6973","targetHints":{"allow":["GET"]}}],"collection":[{"href":"https:\/\/agora.xtec.cat\/ceipsalvadorninot\/wp-json\/wp\/v2\/posts"}],"about":[{"href":"https:\/\/agora.xtec.cat\/ceipsalvadorninot\/wp-json\/wp\/v2\/types\/post"}],"author":[{"embeddable":true,"href":"https:\/\/agora.xtec.cat\/ceipsalvadorninot\/wp-json\/wp\/v2\/users\/1"}],"replies":[{"embeddable":true,"href":"https:\/\/agora.xtec.cat\/ceipsalvadorninot\/wp-json\/wp\/v2\/comments?post=6973"}],"version-history":[{"count":3,"href":"https:\/\/agora.xtec.cat\/ceipsalvadorninot\/wp-json\/wp\/v2\/posts\/6973\/revisions"}],"predecessor-version":[{"id":7024,"href":"https:\/\/agora.xtec.cat\/ceipsalvadorninot\/wp-json\/wp\/v2\/posts\/6973\/revisions\/7024"}],"wp:featuredmedia":[{"embeddable":true,"href":"https:\/\/agora.xtec.cat\/ceipsalvadorninot\/wp-json\/wp\/v2\/media\/6976"}],"wp:attachment":[{"href":"https:\/\/agora.xtec.cat\/ceipsalvadorninot\/wp-json\/wp\/v2\/media?parent=6973"}],"wp:term":[{"taxonomy":"category","embeddable":true,"href":"https:\/\/agora.xtec.cat\/ceipsalvadorninot\/wp-json\/wp\/v2\/categories?post=6973"},{"taxonomy":"post_tag","embeddable":true,"href":"https:\/\/agora.xtec.cat\/ceipsalvadorninot\/wp-json\/wp\/v2\/tags?post=6973"}],"curies":[{"name":"wp","href":"https:\/\/api.w.org\/{rel}","templated":true}]}}