{"id":6858,"date":"2022-11-09T19:43:02","date_gmt":"2022-11-09T18:43:02","guid":{"rendered":"https:\/\/agora.xtec.cat\/ceipsalvadorninot\/?p=6858"},"modified":"2022-11-09T19:43:02","modified_gmt":"2022-11-09T18:43:02","slug":"assemblea-afa-2022","status":"publish","type":"post","link":"https:\/\/agora.xtec.cat\/ceipsalvadorninot\/general\/assemblea-afa-2022\/","title":{"rendered":"Assemblea AFA 2022"},"content":{"rendered":"<p>El passat divendres 4 de Novembre es va dur a terme l&#8217;assemblea general anual de l&#8217;AFA de l&#8217;escola.\u00a0Es van tractar diferents punts que podeu veure tant el la presentaci\u00f3 adjunta, com en l&#8217;acta de l&#8217;assemblea. Ens agradaria fer menci\u00f3 a la poca participaci\u00f3 de les families i encoratjar-vos a participar en les properes activitats o en la pr\u00f2pia assemblea anual.<\/p>\n<p>A destacar, les votacions on van sortir com a nous membres de la Junta de l&#8217;AFA, la Merc\u00e8 Mariano i el David Ballest\u00e9! Enhorabona i benvinguts!\u00a0 Agra\u00efr als membres sortints el comprom\u00eds i dedicaci\u00f3, Montse Cervell\u00f3 i \u00d2scar Pardina.<\/p>\n<p><a href=\"https:\/\/agora.xtec.cat\/ceipsalvadorninot\/general\/assemblea-afa-2022\/attachment\/principis-i-valors-de-lafa-de-lescola-salvador-ninot-de-sarral\/\" rel=\"attachment wp-att-6864\">Principis i Valors de l&#8217;AFA de l&#8217;Escola Salvador Ninot de Sarral<\/a><\/p>\n<p><a href=\"https:\/\/agora.xtec.cat\/ceipsalvadorninot\/general\/assemblea-afa-2022\/attachment\/acta-assemblea-afa-04nov2022\/\" rel=\"attachment wp-att-6863\">Acta Assemblea AFA 04NOV2022<\/a> <a href=\"https:\/\/agora.xtec.cat\/ceipsalvadorninot\/general\/assemblea-afa-2022\/attachment\/2022-11-4-asssemblea-ordinaria\/\" rel=\"attachment wp-att-6862\">2022-11-4 <\/a><\/p>\n<p><a href=\"https:\/\/agora.xtec.cat\/ceipsalvadorninot\/general\/assemblea-afa-2022\/attachment\/2022-11-4-asssemblea-ordinaria\/\" rel=\"attachment wp-att-6862\">Asssemblea ordin\u00e0ria<\/a><\/p>\n<p><a href=\"https:\/\/agora.xtec.cat\/ceipsalvadorninot\/general\/assemblea-afa-2022\/attachment\/whatsapp-image-2022-11-09-at-19-29-28\/\" rel=\"attachment wp-att-6861\"><img loading=\"lazy\" decoding=\"async\" class=\"alignnone size-large wp-image-6861\" src=\"https:\/\/agora.xtec.cat\/ceipsalvadorninot\/wp-content\/uploads\/usu1097\/2022\/11\/WhatsApp-Image-2022-11-09-at-19.29.28-1024x768.jpeg\" alt=\"\" width=\"1024\" height=\"768\" srcset=\"https:\/\/agora.xtec.cat\/ceipsalvadorninot\/wp-content\/uploads\/usu1097\/2022\/11\/WhatsApp-Image-2022-11-09-at-19.29.28-1024x768.jpeg 1024w, https:\/\/agora.xtec.cat\/ceipsalvadorninot\/wp-content\/uploads\/usu1097\/2022\/11\/WhatsApp-Image-2022-11-09-at-19.29.28-300x225.jpeg 300w, https:\/\/agora.xtec.cat\/ceipsalvadorninot\/wp-content\/uploads\/usu1097\/2022\/11\/WhatsApp-Image-2022-11-09-at-19.29.28-768x576.jpeg 768w, https:\/\/agora.xtec.cat\/ceipsalvadorninot\/wp-content\/uploads\/usu1097\/2022\/11\/WhatsApp-Image-2022-11-09-at-19.29.28-1536x1152.jpeg 1536w, https:\/\/agora.xtec.cat\/ceipsalvadorninot\/wp-content\/uploads\/usu1097\/2022\/11\/WhatsApp-Image-2022-11-09-at-19.29.28-200x150.jpeg 200w, https:\/\/agora.xtec.cat\/ceipsalvadorninot\/wp-content\/uploads\/usu1097\/2022\/11\/WhatsApp-Image-2022-11-09-at-19.29.28.jpeg 2048w\" sizes=\"auto, (max-width: 1024px) 100vw, 1024px\" \/><\/a> <a href=\"https:\/\/agora.xtec.cat\/ceipsalvadorninot\/general\/assemblea-afa-2022\/attachment\/whatsapp-image-2022-11-09-at-19-29-28-1\/\" rel=\"attachment wp-att-6860\"><img loading=\"lazy\" decoding=\"async\" class=\"alignnone size-large wp-image-6860\" src=\"https:\/\/agora.xtec.cat\/ceipsalvadorninot\/wp-content\/uploads\/usu1097\/2022\/11\/WhatsApp-Image-2022-11-09-at-19.29.28-1-1024x768.jpeg\" alt=\"\" width=\"1024\" height=\"768\" srcset=\"https:\/\/agora.xtec.cat\/ceipsalvadorninot\/wp-content\/uploads\/usu1097\/2022\/11\/WhatsApp-Image-2022-11-09-at-19.29.28-1-1024x768.jpeg 1024w, https:\/\/agora.xtec.cat\/ceipsalvadorninot\/wp-content\/uploads\/usu1097\/2022\/11\/WhatsApp-Image-2022-11-09-at-19.29.28-1-300x225.jpeg 300w, https:\/\/agora.xtec.cat\/ceipsalvadorninot\/wp-content\/uploads\/usu1097\/2022\/11\/WhatsApp-Image-2022-11-09-at-19.29.28-1-768x576.jpeg 768w, https:\/\/agora.xtec.cat\/ceipsalvadorninot\/wp-content\/uploads\/usu1097\/2022\/11\/WhatsApp-Image-2022-11-09-at-19.29.28-1-1536x1152.jpeg 1536w, https:\/\/agora.xtec.cat\/ceipsalvadorninot\/wp-content\/uploads\/usu1097\/2022\/11\/WhatsApp-Image-2022-11-09-at-19.29.28-1-200x150.jpeg 200w, https:\/\/agora.xtec.cat\/ceipsalvadorninot\/wp-content\/uploads\/usu1097\/2022\/11\/WhatsApp-Image-2022-11-09-at-19.29.28-1.jpeg 2048w\" sizes=\"auto, (max-width: 1024px) 100vw, 1024px\" \/><\/a><\/p>\n","protected":false},"excerpt":{"rendered":"<p>El passat divendres 4 de Novembre es va dur a terme l&#8217;assemblea general anual de l&#8217;AFA de l&#8217;escola.\u00a0Es van tractar [&hellip;]<\/p>\n","protected":false},"author":28,"featured_media":6861,"comment_status":"open","ping_status":"closed","sticky":false,"template":"","format":"standard","meta":{"_bbp_topic_count":0,"_bbp_reply_count":0,"_bbp_total_topic_count":0,"_bbp_total_reply_count":0,"_bbp_voice_count":0,"_bbp_anonymous_reply_count":0,"_bbp_topic_count_hidden":0,"_bbp_reply_count_hidden":0,"_bbp_forum_subforum_count":0,"site-sidebar-layout":"default","site-content-layout":"","ast-site-content-layout":"","site-content-style":"default","site-sidebar-style":"default","ast-global-header-display":"","ast-banner-title-visibility":"","ast-main-header-display":"","ast-hfb-above-header-display":"","ast-hfb-below-header-display":"","ast-hfb-mobile-header-display":"","site-post-title":"","ast-breadcrumbs-content":"","ast-featured-img":"","footer-sml-layout":"","theme-transparent-header-meta":"","adv-header-id-meta":"","stick-header-meta":"","header-above-stick-meta":"","header-main-stick-meta":"","header-below-stick-meta":"","astra-migrate-meta-layouts":"default","ast-page-background-enabled":"default","ast-page-background-meta":{"desktop":{"background-color":"var(--ast-global-color-4)","background-image":"","background-repeat":"repeat","background-position":"center center","background-size":"auto","background-attachment":"scroll","background-type":"","background-media":"","overlay-type":"","overlay-color":"","overlay-opacity":"","overlay-gradient":""},"tablet":{"background-color":"","background-image":"","background-repeat":"repeat","background-position":"center center","background-size":"auto","background-attachment":"scroll","background-type":"","background-media":"","overlay-type":"","overlay-color":"","overlay-opacity":"","overlay-gradient":""},"mobile":{"background-color":"","background-image":"","background-repeat":"repeat","background-position":"center center","background-size":"auto","background-attachment":"scroll","background-type":"","background-media":"","overlay-type":"","overlay-color":"","overlay-opacity":"","overlay-gradient":""}},"ast-content-background-meta":{"desktop":{"background-color":"var(--ast-global-color-5)","background-image":"","background-repeat":"repeat","background-position":"center center","background-size":"auto","background-attachment":"scroll","background-type":"","background-media":"","overlay-type":"","overlay-color":"","overlay-opacity":"","overlay-gradient":""},"tablet":{"background-color":"var(--ast-global-color-5)","background-image":"","background-repeat":"repeat","background-position":"center center","background-size":"auto","background-attachment":"scroll","background-type":"","background-media":"","overlay-type":"","overlay-color":"","overlay-opacity":"","overlay-gradient":""},"mobile":{"background-color":"var(--ast-global-color-5)","background-image":"","background-repeat":"repeat","background-position":"center center","background-size":"auto","background-attachment":"scroll","background-type":"","background-media":"","overlay-type":"","overlay-color":"","overlay-opacity":"","overlay-gradient":""}},"footnotes":""},"categories":[1,4],"tags":[],"class_list":["post-6858","post","type-post","status-publish","format-standard","has-post-thumbnail","hentry","category-general","category-portada"],"post_mailing_queue_ids":[],"_links":{"self":[{"href":"https:\/\/agora.xtec.cat\/ceipsalvadorninot\/wp-json\/wp\/v2\/posts\/6858","targetHints":{"allow":["GET"]}}],"collection":[{"href":"https:\/\/agora.xtec.cat\/ceipsalvadorninot\/wp-json\/wp\/v2\/posts"}],"about":[{"href":"https:\/\/agora.xtec.cat\/ceipsalvadorninot\/wp-json\/wp\/v2\/types\/post"}],"author":[{"embeddable":true,"href":"https:\/\/agora.xtec.cat\/ceipsalvadorninot\/wp-json\/wp\/v2\/users\/28"}],"replies":[{"embeddable":true,"href":"https:\/\/agora.xtec.cat\/ceipsalvadorninot\/wp-json\/wp\/v2\/comments?post=6858"}],"version-history":[{"count":3,"href":"https:\/\/agora.xtec.cat\/ceipsalvadorninot\/wp-json\/wp\/v2\/posts\/6858\/revisions"}],"predecessor-version":[{"id":6867,"href":"https:\/\/agora.xtec.cat\/ceipsalvadorninot\/wp-json\/wp\/v2\/posts\/6858\/revisions\/6867"}],"wp:featuredmedia":[{"embeddable":true,"href":"https:\/\/agora.xtec.cat\/ceipsalvadorninot\/wp-json\/wp\/v2\/media\/6861"}],"wp:attachment":[{"href":"https:\/\/agora.xtec.cat\/ceipsalvadorninot\/wp-json\/wp\/v2\/media?parent=6858"}],"wp:term":[{"taxonomy":"category","embeddable":true,"href":"https:\/\/agora.xtec.cat\/ceipsalvadorninot\/wp-json\/wp\/v2\/categories?post=6858"},{"taxonomy":"post_tag","embeddable":true,"href":"https:\/\/agora.xtec.cat\/ceipsalvadorninot\/wp-json\/wp\/v2\/tags?post=6858"}],"curies":[{"name":"wp","href":"https:\/\/api.w.org\/{rel}","templated":true}]}}