{"id":6627,"date":"2022-10-06T19:22:27","date_gmt":"2022-10-06T17:22:27","guid":{"rendered":"https:\/\/agora.xtec.cat\/ceipsalvadorninot\/?p=6627"},"modified":"2022-10-06T19:22:27","modified_gmt":"2022-10-06T17:22:27","slug":"espais-internivells-a-educacio-infantil","status":"publish","type":"post","link":"https:\/\/agora.xtec.cat\/ceipsalvadorninot\/general\/espais-internivells-a-educacio-infantil\/","title":{"rendered":"ESPAIS INTERNIVELLS A EDUCACI\u00d3 INFANTIL"},"content":{"rendered":"<p>Per fi us podem dir que despr\u00e9s d&#8217;haver-los hagut d&#8217;aturar per la pand\u00e8mia, aquest curs <strong>hem tornat a reprendre els espais internivells a educaci\u00f3 infantil! <\/strong><\/p>\n<p>Cada dimecres a la tarda ens barrejem els infants de I3, I4 i I5 per gaudir de diferents propostes engrescadores d&#8217;art, de joc simb\u00f2lic i d&#8217;experimentaci\u00f3!<\/p>\n<p><strong>Ep! Aquest any hi ha una gran novetat als espais! Podem escollir a quin espai volem anar!<\/strong><\/p>\n<p>Per\u00f2 i com funciona aquesta tria? Us ho expliquem detalladament per tots aquells que ho vulgueu saber!<\/p>\n<p>&nbsp;<\/p>\n<p>&nbsp;<\/p>\n<p style=\"text-align: center\"><strong>COM FUNCIONA LA LLIURE ELECCI\u00d3 DELS NOSTRES ESPAIS INTERNIVELLS?\u00a0<\/strong><\/p>\n<p>Cada espai est\u00e0 delimitat per un nombre m\u00e0xim d&#8217;infants (els pals de colors del plaf\u00f3 ens ajuden a entendre quants infants hi caben). En assamblea cadasc\u00fa a la seva classe, escull a quin espai vol anar i enganxa la pin\u00e7a amb el seu nom a l&#8217;espai que ha escollit (cada classe t\u00e9 un plaf\u00f3 amb tants pals com alumnes t\u00e9).<\/p>\n<p><a href=\"https:\/\/agora.xtec.cat\/ceipsalvadorninot\/wp-content\/uploads\/usu1097\/2022\/10\/ad776416-27c9-4578-a502-45f7d7125bea.jpg\"><img loading=\"lazy\" decoding=\"async\" class=\"wp-image-6632 aligncenter\" src=\"https:\/\/agora.xtec.cat\/ceipsalvadorninot\/wp-content\/uploads\/usu1097\/2022\/10\/ad776416-27c9-4578-a502-45f7d7125bea-1024x768.jpg\" alt=\"\" width=\"559\" height=\"419\" srcset=\"https:\/\/agora.xtec.cat\/ceipsalvadorninot\/wp-content\/uploads\/usu1097\/2022\/10\/ad776416-27c9-4578-a502-45f7d7125bea-1024x768.jpg 1024w, https:\/\/agora.xtec.cat\/ceipsalvadorninot\/wp-content\/uploads\/usu1097\/2022\/10\/ad776416-27c9-4578-a502-45f7d7125bea-300x225.jpg 300w, https:\/\/agora.xtec.cat\/ceipsalvadorninot\/wp-content\/uploads\/usu1097\/2022\/10\/ad776416-27c9-4578-a502-45f7d7125bea-768x576.jpg 768w, https:\/\/agora.xtec.cat\/ceipsalvadorninot\/wp-content\/uploads\/usu1097\/2022\/10\/ad776416-27c9-4578-a502-45f7d7125bea-1536x1152.jpg 1536w, https:\/\/agora.xtec.cat\/ceipsalvadorninot\/wp-content\/uploads\/usu1097\/2022\/10\/ad776416-27c9-4578-a502-45f7d7125bea-200x150.jpg 200w, https:\/\/agora.xtec.cat\/ceipsalvadorninot\/wp-content\/uploads\/usu1097\/2022\/10\/ad776416-27c9-4578-a502-45f7d7125bea.jpg 2048w\" sizes=\"auto, (max-width: 559px) 100vw, 559px\" \/><\/a><\/p>\n<p><a href=\"https:\/\/agora.xtec.cat\/ceipsalvadorninot\/wp-content\/uploads\/usu1097\/2022\/10\/a850a8c7-0c0f-4d5a-bcc5-bb33f6ff0080.jpg\"><img loading=\"lazy\" decoding=\"async\" class=\"wp-image-6633 aligncenter\" src=\"https:\/\/agora.xtec.cat\/ceipsalvadorninot\/wp-content\/uploads\/usu1097\/2022\/10\/a850a8c7-0c0f-4d5a-bcc5-bb33f6ff0080.jpg\" alt=\"\" width=\"550\" height=\"671\" srcset=\"https:\/\/agora.xtec.cat\/ceipsalvadorninot\/wp-content\/uploads\/usu1097\/2022\/10\/a850a8c7-0c0f-4d5a-bcc5-bb33f6ff0080.jpg 839w, https:\/\/agora.xtec.cat\/ceipsalvadorninot\/wp-content\/uploads\/usu1097\/2022\/10\/a850a8c7-0c0f-4d5a-bcc5-bb33f6ff0080-246x300.jpg 246w, https:\/\/agora.xtec.cat\/ceipsalvadorninot\/wp-content\/uploads\/usu1097\/2022\/10\/a850a8c7-0c0f-4d5a-bcc5-bb33f6ff0080-768x937.jpg 768w\" sizes=\"auto, (max-width: 550px) 100vw, 550px\" \/><\/a><\/p>\n<p>I quantes coses interessants poden sorgir en aquest debat en assamblea mentre coloquem les pinces de tots els nens\/es&#8230;<\/p>\n<ul>\n<li>expressem la nostra opini\u00f3 i els nostres gustos<\/li>\n<li>prenem decisions<\/li>\n<li>aprenem a cedir<\/li>\n<li>argumentem<\/li>\n<li>treballem la frustraci\u00f3<\/li>\n<li>descobrim que no sempre podem anar amb qui volem per\u00f2 que aix\u00f2 tamb\u00e9 resulta interessant<\/li>\n<li>ens enfadem<\/li>\n<li>fem les paus<\/li>\n<li>ens il\u00b7lusionem<\/li>\n<li>compartim<\/li>\n<li>busquem solucions i recursos per posar-nos d&#8217;acord<\/li>\n<li>(&#8230;)<\/li>\n<\/ul>\n<p>Quan els alumnes tornen a l&#8217;aula enganxen un gomet a la seva medalla per tenir un control de quins espais internivells han anat escollint al llarg del trimestre.<\/p>\n<p><a href=\"https:\/\/agora.xtec.cat\/ceipsalvadorninot\/wp-content\/uploads\/usu1097\/2022\/10\/IMG_5945_Easy-Resize.com_-e1665076444326.jpg\"><img loading=\"lazy\" decoding=\"async\" class=\"wp-image-6631 aligncenter\" src=\"https:\/\/agora.xtec.cat\/ceipsalvadorninot\/wp-content\/uploads\/usu1097\/2022\/10\/IMG_5945_Easy-Resize.com_-e1665076444326-1024x768.jpg\" alt=\"\" width=\"571\" height=\"428\" srcset=\"https:\/\/agora.xtec.cat\/ceipsalvadorninot\/wp-content\/uploads\/usu1097\/2022\/10\/IMG_5945_Easy-Resize.com_-e1665076444326-1024x768.jpg 1024w, https:\/\/agora.xtec.cat\/ceipsalvadorninot\/wp-content\/uploads\/usu1097\/2022\/10\/IMG_5945_Easy-Resize.com_-e1665076444326-300x225.jpg 300w, https:\/\/agora.xtec.cat\/ceipsalvadorninot\/wp-content\/uploads\/usu1097\/2022\/10\/IMG_5945_Easy-Resize.com_-e1665076444326-768x576.jpg 768w, https:\/\/agora.xtec.cat\/ceipsalvadorninot\/wp-content\/uploads\/usu1097\/2022\/10\/IMG_5945_Easy-Resize.com_-e1665076444326-200x150.jpg 200w, https:\/\/agora.xtec.cat\/ceipsalvadorninot\/wp-content\/uploads\/usu1097\/2022\/10\/IMG_5945_Easy-Resize.com_-e1665076444326.jpg 1280w\" sizes=\"auto, (max-width: 571px) 100vw, 571px\" \/><\/a><\/p>\n<p>Tot aquest funcionament ens porta a una organitzaci\u00f3 pensada per qu\u00e8 els infants siguin el centre. Permet que l&#8217;alumne\/a s&#8217;autoreguli i que sigui capa\u00e7 d&#8217;escollir escoltant les seves necessitats, seguint els seus interessos i desenvolupant les seves potencialitats.<\/p>\n<p>I quan tothom ja ha escollit i el debat s&#8217;ha acabat, <strong>els espais s&#8217;omplen de vida<\/strong> i es transformen en ambients! Perqu\u00e8 quan els espais s&#8217;omplen, a dins, s&#8217;hi genera ambient; <strong>hi ha vida, viv\u00e8ncies, paraules, hist\u00f2ries, emocions, interaccions i aprenentatges!<\/strong><\/p>\n<p>Mireu com hem gaudit de la primera sessi\u00f3 d&#8217;espais internivells!<\/p>\n<p style=\"text-align: center\"><strong>EXPERIMENTACI\u00d3!<\/strong><\/p>\n<p style=\"text-align: center\"><a href=\"https:\/\/agora.xtec.cat\/ceipsalvadorninot\/wp-content\/uploads\/usu1097\/2022\/10\/219c665f-5e12-45d8-b847-495ebe85f570.jpg\"><br \/>\n<img loading=\"lazy\" decoding=\"async\" class=\"wp-image-6630 aligncenter\" src=\"https:\/\/agora.xtec.cat\/ceipsalvadorninot\/wp-content\/uploads\/usu1097\/2022\/10\/219c665f-5e12-45d8-b847-495ebe85f570-1024x768.jpg\" alt=\"\" width=\"684\" height=\"513\" srcset=\"https:\/\/agora.xtec.cat\/ceipsalvadorninot\/wp-content\/uploads\/usu1097\/2022\/10\/219c665f-5e12-45d8-b847-495ebe85f570-1024x768.jpg 1024w, https:\/\/agora.xtec.cat\/ceipsalvadorninot\/wp-content\/uploads\/usu1097\/2022\/10\/219c665f-5e12-45d8-b847-495ebe85f570-300x225.jpg 300w, https:\/\/agora.xtec.cat\/ceipsalvadorninot\/wp-content\/uploads\/usu1097\/2022\/10\/219c665f-5e12-45d8-b847-495ebe85f570-768x576.jpg 768w, https:\/\/agora.xtec.cat\/ceipsalvadorninot\/wp-content\/uploads\/usu1097\/2022\/10\/219c665f-5e12-45d8-b847-495ebe85f570-1536x1152.jpg 1536w, https:\/\/agora.xtec.cat\/ceipsalvadorninot\/wp-content\/uploads\/usu1097\/2022\/10\/219c665f-5e12-45d8-b847-495ebe85f570-200x150.jpg 200w, https:\/\/agora.xtec.cat\/ceipsalvadorninot\/wp-content\/uploads\/usu1097\/2022\/10\/219c665f-5e12-45d8-b847-495ebe85f570.jpg 2000w\" sizes=\"auto, (max-width: 684px) 100vw, 684px\" \/><\/a><a href=\"https:\/\/agora.xtec.cat\/ceipsalvadorninot\/wp-content\/uploads\/usu1097\/2022\/10\/08f4662a-9411-47c2-9eb0-b020f6722da0.jpg\"><br \/>\n<\/a><a href=\"https:\/\/agora.xtec.cat\/ceipsalvadorninot\/wp-content\/uploads\/usu1097\/2022\/10\/219c665f-5e12-45d8-b847-495ebe85f570.jpg\"><br \/>\n<\/a><\/p>\n<p style=\"text-align: center\"><strong>ART!<\/strong><\/p>\n<p><a href=\"https:\/\/agora.xtec.cat\/ceipsalvadorninot\/wp-content\/uploads\/usu1097\/2022\/10\/08f4662a-9411-47c2-9eb0-b020f6722da0.jpg\"><img loading=\"lazy\" decoding=\"async\" class=\"wp-image-6629 aligncenter\" src=\"https:\/\/agora.xtec.cat\/ceipsalvadorninot\/wp-content\/uploads\/usu1097\/2022\/10\/08f4662a-9411-47c2-9eb0-b020f6722da0-1024x768.jpg\" alt=\"\" width=\"676\" height=\"507\" srcset=\"https:\/\/agora.xtec.cat\/ceipsalvadorninot\/wp-content\/uploads\/usu1097\/2022\/10\/08f4662a-9411-47c2-9eb0-b020f6722da0-1024x768.jpg 1024w, https:\/\/agora.xtec.cat\/ceipsalvadorninot\/wp-content\/uploads\/usu1097\/2022\/10\/08f4662a-9411-47c2-9eb0-b020f6722da0-300x225.jpg 300w, https:\/\/agora.xtec.cat\/ceipsalvadorninot\/wp-content\/uploads\/usu1097\/2022\/10\/08f4662a-9411-47c2-9eb0-b020f6722da0-768x576.jpg 768w, https:\/\/agora.xtec.cat\/ceipsalvadorninot\/wp-content\/uploads\/usu1097\/2022\/10\/08f4662a-9411-47c2-9eb0-b020f6722da0-1536x1152.jpg 1536w, https:\/\/agora.xtec.cat\/ceipsalvadorninot\/wp-content\/uploads\/usu1097\/2022\/10\/08f4662a-9411-47c2-9eb0-b020f6722da0-200x150.jpg 200w, https:\/\/agora.xtec.cat\/ceipsalvadorninot\/wp-content\/uploads\/usu1097\/2022\/10\/08f4662a-9411-47c2-9eb0-b020f6722da0.jpg 1600w\" sizes=\"auto, (max-width: 676px) 100vw, 676px\" \/><\/a><\/p>\n<p>&nbsp;<\/p>\n<p style=\"text-align: center\"><strong>JOC SIMB\u00d2LIC!\u00a0<\/strong><\/p>\n<p style=\"text-align: center\"><a href=\"https:\/\/agora.xtec.cat\/ceipsalvadorninot\/wp-content\/uploads\/usu1097\/2022\/10\/3fa1fa4a-77cf-4bab-8357-3999ac817422.jpg\"><img loading=\"lazy\" decoding=\"async\" class=\"wp-image-6628 aligncenter\" src=\"https:\/\/agora.xtec.cat\/ceipsalvadorninot\/wp-content\/uploads\/usu1097\/2022\/10\/3fa1fa4a-77cf-4bab-8357-3999ac817422-1024x768.jpg\" alt=\"\" width=\"727\" height=\"545\" srcset=\"https:\/\/agora.xtec.cat\/ceipsalvadorninot\/wp-content\/uploads\/usu1097\/2022\/10\/3fa1fa4a-77cf-4bab-8357-3999ac817422-1024x768.jpg 1024w, https:\/\/agora.xtec.cat\/ceipsalvadorninot\/wp-content\/uploads\/usu1097\/2022\/10\/3fa1fa4a-77cf-4bab-8357-3999ac817422-300x225.jpg 300w, https:\/\/agora.xtec.cat\/ceipsalvadorninot\/wp-content\/uploads\/usu1097\/2022\/10\/3fa1fa4a-77cf-4bab-8357-3999ac817422-768x576.jpg 768w, https:\/\/agora.xtec.cat\/ceipsalvadorninot\/wp-content\/uploads\/usu1097\/2022\/10\/3fa1fa4a-77cf-4bab-8357-3999ac817422-1536x1152.jpg 1536w, https:\/\/agora.xtec.cat\/ceipsalvadorninot\/wp-content\/uploads\/usu1097\/2022\/10\/3fa1fa4a-77cf-4bab-8357-3999ac817422-200x150.jpg 200w, https:\/\/agora.xtec.cat\/ceipsalvadorninot\/wp-content\/uploads\/usu1097\/2022\/10\/3fa1fa4a-77cf-4bab-8357-3999ac817422.jpg 1600w\" sizes=\"auto, (max-width: 727px) 100vw, 727px\" \/><\/a><\/p>\n","protected":false},"excerpt":{"rendered":"<p>Per fi us podem dir que despr\u00e9s d&#8217;haver-los hagut d&#8217;aturar per la pand\u00e8mia, aquest curs hem tornat a reprendre els espais internivells a educaci\u00f3 infantil!<\/p>\n<p>Cada dimecres a la tarda ens barrejem els infants de I3, I4 i I5 per gaudir de diferents propostes engrescadores d&#8217;art, de joc simb\u00f2lic i d&#8217;experimentaci\u00f3!<\/p>\n<p>Ep! Aquest any hi ha una gran novetat als espais! Podem escollir a quin espai volem anar!<\/p>\n","protected":false},"author":1,"featured_media":6633,"comment_status":"open","ping_status":"closed","sticky":false,"template":"","format":"standard","meta":{"_bbp_topic_count":0,"_bbp_reply_count":0,"_bbp_total_topic_count":0,"_bbp_total_reply_count":0,"_bbp_voice_count":0,"_bbp_anonymous_reply_count":0,"_bbp_topic_count_hidden":0,"_bbp_reply_count_hidden":0,"_bbp_forum_subforum_count":0,"site-sidebar-layout":"default","site-content-layout":"","ast-site-content-layout":"","site-content-style":"default","site-sidebar-style":"default","ast-global-header-display":"","ast-banner-title-visibility":"","ast-main-header-display":"","ast-hfb-above-header-display":"","ast-hfb-below-header-display":"","ast-hfb-mobile-header-display":"","site-post-title":"","ast-breadcrumbs-content":"","ast-featured-img":"","footer-sml-layout":"","theme-transparent-header-meta":"","adv-header-id-meta":"","stick-header-meta":"","header-above-stick-meta":"","header-main-stick-meta":"","header-below-stick-meta":"","astra-migrate-meta-layouts":"default","ast-page-background-enabled":"default","ast-page-background-meta":{"desktop":{"background-color":"var(--ast-global-color-4)","background-image":"","background-repeat":"repeat","background-position":"center center","background-size":"auto","background-attachment":"scroll","background-type":"","background-media":"","overlay-type":"","overlay-color":"","overlay-opacity":"","overlay-gradient":""},"tablet":{"background-color":"","background-image":"","background-repeat":"repeat","background-position":"center center","background-size":"auto","background-attachment":"scroll","background-type":"","background-media":"","overlay-type":"","overlay-color":"","overlay-opacity":"","overlay-gradient":""},"mobile":{"background-color":"","background-image":"","background-repeat":"repeat","background-position":"center center","background-size":"auto","background-attachment":"scroll","background-type":"","background-media":"","overlay-type":"","overlay-color":"","overlay-opacity":"","overlay-gradient":""}},"ast-content-background-meta":{"desktop":{"background-color":"var(--ast-global-color-5)","background-image":"","background-repeat":"repeat","background-position":"center center","background-size":"auto","background-attachment":"scroll","background-type":"","background-media":"","overlay-type":"","overlay-color":"","overlay-opacity":"","overlay-gradient":""},"tablet":{"background-color":"var(--ast-global-color-5)","background-image":"","background-repeat":"repeat","background-position":"center center","background-size":"auto","background-attachment":"scroll","background-type":"","background-media":"","overlay-type":"","overlay-color":"","overlay-opacity":"","overlay-gradient":""},"mobile":{"background-color":"var(--ast-global-color-5)","background-image":"","background-repeat":"repeat","background-position":"center center","background-size":"auto","background-attachment":"scroll","background-type":"","background-media":"","overlay-type":"","overlay-color":"","overlay-opacity":"","overlay-gradient":""}},"footnotes":""},"categories":[1,3,8,9,2,4],"tags":[],"class_list":["post-6627","post","type-post","status-publish","format-standard","has-post-thumbnail","hentry","category-general","category-p3","category-p4","category-p5","category-infantil","category-portada"],"post_mailing_queue_ids":[],"_links":{"self":[{"href":"https:\/\/agora.xtec.cat\/ceipsalvadorninot\/wp-json\/wp\/v2\/posts\/6627","targetHints":{"allow":["GET"]}}],"collection":[{"href":"https:\/\/agora.xtec.cat\/ceipsalvadorninot\/wp-json\/wp\/v2\/posts"}],"about":[{"href":"https:\/\/agora.xtec.cat\/ceipsalvadorninot\/wp-json\/wp\/v2\/types\/post"}],"author":[{"embeddable":true,"href":"https:\/\/agora.xtec.cat\/ceipsalvadorninot\/wp-json\/wp\/v2\/users\/1"}],"replies":[{"embeddable":true,"href":"https:\/\/agora.xtec.cat\/ceipsalvadorninot\/wp-json\/wp\/v2\/comments?post=6627"}],"version-history":[{"count":1,"href":"https:\/\/agora.xtec.cat\/ceipsalvadorninot\/wp-json\/wp\/v2\/posts\/6627\/revisions"}],"predecessor-version":[{"id":6634,"href":"https:\/\/agora.xtec.cat\/ceipsalvadorninot\/wp-json\/wp\/v2\/posts\/6627\/revisions\/6634"}],"wp:featuredmedia":[{"embeddable":true,"href":"https:\/\/agora.xtec.cat\/ceipsalvadorninot\/wp-json\/wp\/v2\/media\/6633"}],"wp:attachment":[{"href":"https:\/\/agora.xtec.cat\/ceipsalvadorninot\/wp-json\/wp\/v2\/media?parent=6627"}],"wp:term":[{"taxonomy":"category","embeddable":true,"href":"https:\/\/agora.xtec.cat\/ceipsalvadorninot\/wp-json\/wp\/v2\/categories?post=6627"},{"taxonomy":"post_tag","embeddable":true,"href":"https:\/\/agora.xtec.cat\/ceipsalvadorninot\/wp-json\/wp\/v2\/tags?post=6627"}],"curies":[{"name":"wp","href":"https:\/\/api.w.org\/{rel}","templated":true}]}}