{"id":6545,"date":"2022-09-02T20:52:44","date_gmt":"2022-09-02T18:52:44","guid":{"rendered":"https:\/\/agora.xtec.cat\/ceipsalvadorninot\/?p=6545"},"modified":"2022-09-02T20:53:56","modified_gmt":"2022-09-02T18:53:56","slug":"menu-escolar-primer-trimestre-2022-2023","status":"publish","type":"post","link":"https:\/\/agora.xtec.cat\/ceipsalvadorninot\/general\/menu-escolar-primer-trimestre-2022-2023\/","title":{"rendered":"Men\u00fa escolar. Primer trimestre 2022-2023"},"content":{"rendered":"<p>Benvolgudes fam\u00edlies,<\/p>\n<p>Us fem arribar el <strong>men\u00fa escolar<\/strong> per aquest<strong> primer trimestre<\/strong>.<\/p>\n<p>Com a novetat, desapareix la portada i, a cada mes, hi trobareu aquesta selecci\u00f3 d&#8217;imatges:<\/p>\n<p><a href=\"https:\/\/agora.xtec.cat\/ceipsalvadorninot\/wp-content\/uploads\/usu1097\/2022\/09\/image.png\"><img loading=\"lazy\" decoding=\"async\" class=\"alignnone wp-image-6546 size-full\" src=\"https:\/\/agora.xtec.cat\/ceipsalvadorninot\/wp-content\/uploads\/usu1097\/2022\/09\/image.png\" alt=\"\" width=\"550\" height=\"145\" srcset=\"https:\/\/agora.xtec.cat\/ceipsalvadorninot\/wp-content\/uploads\/usu1097\/2022\/09\/image.png 550w, https:\/\/agora.xtec.cat\/ceipsalvadorninot\/wp-content\/uploads\/usu1097\/2022\/09\/image-300x79.png 300w\" sizes=\"auto, (max-width: 550px) 100vw, 550px\" \/><\/a><\/p>\n<p>S\u00f3n enlla\u00e7os interactius on hi apareix informaci\u00f3 addicional.<\/p>\n<p>L&#8217;enlla\u00e7 <em><strong>El Consell<\/strong><\/em> parlar sobre la cuina m\u00e0gica i convida a nens i nenes a participar a la cuina de casa, omplint-la amb aliments de temporada que, precisament, s\u00f3n els colors que es treballen en el projecte educatiu del trimestre.<\/p>\n<p>L&#8217;enlla\u00e7 <em><strong>Temporada<\/strong><\/em> engloba informaci\u00f3 sobre els productes de temporada de cada mes del trimestre. A m\u00e9s, hi troabareu una infografia relacionada amb els beneficis del consum de productes locals, alhora que convida als nens i a les nenes a viure l&#8217;experi\u00e8ncia del m\u00f3n de l&#8217;hort.<\/p>\n<p>Per \u00faltim, l&#8217;enlla\u00e7 <em><strong>Malbaratament<\/strong> <\/em>on hi trobareu consells pr\u00e0ctics per tal de reduir el malbaratament alimentari dins l&#8217;\u00e0mbit familiar.<\/p>\n<p>Esperem que el gaudiu molt!<\/p>\n<p><a href=\"https:\/\/agora.xtec.cat\/ceipsalvadorninot\/wp-content\/uploads\/usu1097\/2022\/09\/Menu-escolar-1r-TRIM_22-23.pdf\">Men\u00fa escolar 1r TRIM_22-23<\/a><\/p>\n<p>&nbsp;<\/p>\n","protected":false},"excerpt":{"rendered":"<p>Benvolgudes fam\u00edlies, Us fem arribar el men\u00fa escolar per aquest primer trimestre. Com a novetat, desapareix la portada i, a [&hellip;]<\/p>\n","protected":false},"author":1,"featured_media":6548,"comment_status":"open","ping_status":"closed","sticky":false,"template":"","format":"standard","meta":{"_bbp_topic_count":0,"_bbp_reply_count":0,"_bbp_total_topic_count":0,"_bbp_total_reply_count":0,"_bbp_voice_count":0,"_bbp_anonymous_reply_count":0,"_bbp_topic_count_hidden":0,"_bbp_reply_count_hidden":0,"_bbp_forum_subforum_count":0,"site-sidebar-layout":"default","site-content-layout":"","ast-site-content-layout":"","site-content-style":"default","site-sidebar-style":"default","ast-global-header-display":"","ast-banner-title-visibility":"","ast-main-header-display":"","ast-hfb-above-header-display":"","ast-hfb-below-header-display":"","ast-hfb-mobile-header-display":"","site-post-title":"","ast-breadcrumbs-content":"","ast-featured-img":"","footer-sml-layout":"","theme-transparent-header-meta":"","adv-header-id-meta":"","stick-header-meta":"","header-above-stick-meta":"","header-main-stick-meta":"","header-below-stick-meta":"","astra-migrate-meta-layouts":"default","ast-page-background-enabled":"default","ast-page-background-meta":{"desktop":{"background-color":"var(--ast-global-color-4)","background-image":"","background-repeat":"repeat","background-position":"center center","background-size":"auto","background-attachment":"scroll","background-type":"","background-media":"","overlay-type":"","overlay-color":"","overlay-opacity":"","overlay-gradient":""},"tablet":{"background-color":"","background-image":"","background-repeat":"repeat","background-position":"center center","background-size":"auto","background-attachment":"scroll","background-type":"","background-media":"","overlay-type":"","overlay-color":"","overlay-opacity":"","overlay-gradient":""},"mobile":{"background-color":"","background-image":"","background-repeat":"repeat","background-position":"center center","background-size":"auto","background-attachment":"scroll","background-type":"","background-media":"","overlay-type":"","overlay-color":"","overlay-opacity":"","overlay-gradient":""}},"ast-content-background-meta":{"desktop":{"background-color":"var(--ast-global-color-5)","background-image":"","background-repeat":"repeat","background-position":"center center","background-size":"auto","background-attachment":"scroll","background-type":"","background-media":"","overlay-type":"","overlay-color":"","overlay-opacity":"","overlay-gradient":""},"tablet":{"background-color":"var(--ast-global-color-5)","background-image":"","background-repeat":"repeat","background-position":"center center","background-size":"auto","background-attachment":"scroll","background-type":"","background-media":"","overlay-type":"","overlay-color":"","overlay-opacity":"","overlay-gradient":""},"mobile":{"background-color":"var(--ast-global-color-5)","background-image":"","background-repeat":"repeat","background-position":"center center","background-size":"auto","background-attachment":"scroll","background-type":"","background-media":"","overlay-type":"","overlay-color":"","overlay-opacity":"","overlay-gradient":""}},"footnotes":""},"categories":[1,2,4,5],"tags":[],"class_list":["post-6545","post","type-post","status-publish","format-standard","has-post-thumbnail","hentry","category-general","category-infantil","category-portada","category-primaria"],"post_mailing_queue_ids":[],"_links":{"self":[{"href":"https:\/\/agora.xtec.cat\/ceipsalvadorninot\/wp-json\/wp\/v2\/posts\/6545","targetHints":{"allow":["GET"]}}],"collection":[{"href":"https:\/\/agora.xtec.cat\/ceipsalvadorninot\/wp-json\/wp\/v2\/posts"}],"about":[{"href":"https:\/\/agora.xtec.cat\/ceipsalvadorninot\/wp-json\/wp\/v2\/types\/post"}],"author":[{"embeddable":true,"href":"https:\/\/agora.xtec.cat\/ceipsalvadorninot\/wp-json\/wp\/v2\/users\/1"}],"replies":[{"embeddable":true,"href":"https:\/\/agora.xtec.cat\/ceipsalvadorninot\/wp-json\/wp\/v2\/comments?post=6545"}],"version-history":[{"count":1,"href":"https:\/\/agora.xtec.cat\/ceipsalvadorninot\/wp-json\/wp\/v2\/posts\/6545\/revisions"}],"predecessor-version":[{"id":6549,"href":"https:\/\/agora.xtec.cat\/ceipsalvadorninot\/wp-json\/wp\/v2\/posts\/6545\/revisions\/6549"}],"wp:featuredmedia":[{"embeddable":true,"href":"https:\/\/agora.xtec.cat\/ceipsalvadorninot\/wp-json\/wp\/v2\/media\/6548"}],"wp:attachment":[{"href":"https:\/\/agora.xtec.cat\/ceipsalvadorninot\/wp-json\/wp\/v2\/media?parent=6545"}],"wp:term":[{"taxonomy":"category","embeddable":true,"href":"https:\/\/agora.xtec.cat\/ceipsalvadorninot\/wp-json\/wp\/v2\/categories?post=6545"},{"taxonomy":"post_tag","embeddable":true,"href":"https:\/\/agora.xtec.cat\/ceipsalvadorninot\/wp-json\/wp\/v2\/tags?post=6545"}],"curies":[{"name":"wp","href":"https:\/\/api.w.org\/{rel}","templated":true}]}}