{"id":6432,"date":"2022-05-24T17:22:22","date_gmt":"2022-05-24T15:22:22","guid":{"rendered":"https:\/\/agora.xtec.cat\/ceipsalvadorninot\/?p=6432"},"modified":"2022-05-24T17:22:22","modified_gmt":"2022-05-24T15:22:22","slug":"proa","status":"publish","type":"post","link":"https:\/\/agora.xtec.cat\/ceipsalvadorninot\/general\/proa\/","title":{"rendered":"PROA+"},"content":{"rendered":"<p>La nostra escola ha estat seleccionada per participar en el Programa PROA+.<\/p>\n<p>El programa\u00a0PROA+\u00a0\u00e9s el <em>Programa de cooperaci\u00f3 territorial per a l\u2019orientaci\u00f3, l&#8217;aven\u00e7 i l\u2019enriquiment educatiu\u00a0PROA+<\/em>, aprovat pel Ministeri d&#8217;Educaci\u00f3 i Formaci\u00f3 Professional. Aquest t\u00e9 com a eix fonamental el refor\u00e7 institucional de la capacitat de transformaci\u00f3 i formativa dels centres que presenten una complexitat educativa m\u00e9s gran, amb la finalitat de millorar els resultats escolars de tot l&#8217;alumnat, especialment del m\u00e9s vulnerable.<\/p>\n<p>&nbsp;<\/p>\n<p><strong>PRINCIPIS PEDAG\u00d2GICS DEL PROA+<\/strong><\/p>\n<ol>\n<li><strong>Equitat. <\/strong>Garantir la igualtat d\u2019oportunitats i la no segregaci\u00f3 en l\u2019acc\u00e9s i dins dels centres.<\/li>\n<li><strong>Educaci\u00f3 inclusiva <\/strong>com a principi fonamental, s\u2019at\u00e9n la diversitat de tot l\u2019alumnat.<\/li>\n<li><strong>Expectatives <\/strong>positives sobre l\u2019\u00e8xit de tot l\u2019alumnat.<\/li>\n<li><strong>Acompanyament i orientaci\u00f3.<\/strong><\/li>\n<li><strong>Prevenci\u00f3 i detecci\u00f3 <\/strong>primerenca de les dificultats d\u2019aprenentatge i mecanismes de refor\u00e7.<\/li>\n<li>Repercussi\u00f3 de <strong>l\u2019educaci\u00f3 socioemocional <\/strong>per l\u2019aprenentatge i benestar futur.<\/li>\n<li>Consideraci\u00f3 del <strong>coneixement <\/strong>adquirit en<strong> tots els \u00e0mbits<\/strong> per a la millora cont\u00ednua de l\u2019ensenyament &#8211; aprenentatge<\/li>\n<\/ol>\n<p>&nbsp;<\/p>\n<p><a href=\"https:\/\/agora.xtec.cat\/ceipsalvadorninot\/wp-content\/uploads\/usu1097\/2022\/05\/logotip-PROA.png\"><img loading=\"lazy\" decoding=\"async\" class=\"alignnone size-large wp-image-6433\" src=\"https:\/\/agora.xtec.cat\/ceipsalvadorninot\/wp-content\/uploads\/usu1097\/2022\/05\/logotip-PROA-1024x98.png\" alt=\"\" width=\"1024\" height=\"98\" srcset=\"https:\/\/agora.xtec.cat\/ceipsalvadorninot\/wp-content\/uploads\/usu1097\/2022\/05\/logotip-PROA-1024x98.png 1024w, https:\/\/agora.xtec.cat\/ceipsalvadorninot\/wp-content\/uploads\/usu1097\/2022\/05\/logotip-PROA-300x29.png 300w, https:\/\/agora.xtec.cat\/ceipsalvadorninot\/wp-content\/uploads\/usu1097\/2022\/05\/logotip-PROA-768x73.png 768w, https:\/\/agora.xtec.cat\/ceipsalvadorninot\/wp-content\/uploads\/usu1097\/2022\/05\/logotip-PROA-1536x147.png 1536w, https:\/\/agora.xtec.cat\/ceipsalvadorninot\/wp-content\/uploads\/usu1097\/2022\/05\/logotip-PROA.png 1560w\" sizes=\"auto, (max-width: 1024px) 100vw, 1024px\" \/><\/a><\/p>\n","protected":false},"excerpt":{"rendered":"<p>La nostra escola ha estat seleccionada per participar en el Programa PROA+. El programa\u00a0PROA+\u00a0\u00e9s el Programa de cooperaci\u00f3 territorial per [&hellip;]<\/p>\n","protected":false},"author":18,"featured_media":6435,"comment_status":"open","ping_status":"closed","sticky":false,"template":"","format":"standard","meta":{"_bbp_topic_count":0,"_bbp_reply_count":0,"_bbp_total_topic_count":0,"_bbp_total_reply_count":0,"_bbp_voice_count":0,"_bbp_anonymous_reply_count":0,"_bbp_topic_count_hidden":0,"_bbp_reply_count_hidden":0,"_bbp_forum_subforum_count":0,"site-sidebar-layout":"default","site-content-layout":"","ast-site-content-layout":"","site-content-style":"default","site-sidebar-style":"default","ast-global-header-display":"","ast-banner-title-visibility":"","ast-main-header-display":"","ast-hfb-above-header-display":"","ast-hfb-below-header-display":"","ast-hfb-mobile-header-display":"","site-post-title":"","ast-breadcrumbs-content":"","ast-featured-img":"","footer-sml-layout":"","theme-transparent-header-meta":"","adv-header-id-meta":"","stick-header-meta":"","header-above-stick-meta":"","header-main-stick-meta":"","header-below-stick-meta":"","astra-migrate-meta-layouts":"default","ast-page-background-enabled":"default","ast-page-background-meta":{"desktop":{"background-color":"var(--ast-global-color-4)","background-image":"","background-repeat":"repeat","background-position":"center center","background-size":"auto","background-attachment":"scroll","background-type":"","background-media":"","overlay-type":"","overlay-color":"","overlay-opacity":"","overlay-gradient":""},"tablet":{"background-color":"","background-image":"","background-repeat":"repeat","background-position":"center center","background-size":"auto","background-attachment":"scroll","background-type":"","background-media":"","overlay-type":"","overlay-color":"","overlay-opacity":"","overlay-gradient":""},"mobile":{"background-color":"","background-image":"","background-repeat":"repeat","background-position":"center center","background-size":"auto","background-attachment":"scroll","background-type":"","background-media":"","overlay-type":"","overlay-color":"","overlay-opacity":"","overlay-gradient":""}},"ast-content-background-meta":{"desktop":{"background-color":"var(--ast-global-color-5)","background-image":"","background-repeat":"repeat","background-position":"center center","background-size":"auto","background-attachment":"scroll","background-type":"","background-media":"","overlay-type":"","overlay-color":"","overlay-opacity":"","overlay-gradient":""},"tablet":{"background-color":"var(--ast-global-color-5)","background-image":"","background-repeat":"repeat","background-position":"center center","background-size":"auto","background-attachment":"scroll","background-type":"","background-media":"","overlay-type":"","overlay-color":"","overlay-opacity":"","overlay-gradient":""},"mobile":{"background-color":"var(--ast-global-color-5)","background-image":"","background-repeat":"repeat","background-position":"center center","background-size":"auto","background-attachment":"scroll","background-type":"","background-media":"","overlay-type":"","overlay-color":"","overlay-opacity":"","overlay-gradient":""}},"footnotes":""},"categories":[1,2,4,5],"tags":[],"class_list":["post-6432","post","type-post","status-publish","format-standard","has-post-thumbnail","hentry","category-general","category-infantil","category-portada","category-primaria"],"post_mailing_queue_ids":[],"_links":{"self":[{"href":"https:\/\/agora.xtec.cat\/ceipsalvadorninot\/wp-json\/wp\/v2\/posts\/6432","targetHints":{"allow":["GET"]}}],"collection":[{"href":"https:\/\/agora.xtec.cat\/ceipsalvadorninot\/wp-json\/wp\/v2\/posts"}],"about":[{"href":"https:\/\/agora.xtec.cat\/ceipsalvadorninot\/wp-json\/wp\/v2\/types\/post"}],"author":[{"embeddable":true,"href":"https:\/\/agora.xtec.cat\/ceipsalvadorninot\/wp-json\/wp\/v2\/users\/18"}],"replies":[{"embeddable":true,"href":"https:\/\/agora.xtec.cat\/ceipsalvadorninot\/wp-json\/wp\/v2\/comments?post=6432"}],"version-history":[{"count":2,"href":"https:\/\/agora.xtec.cat\/ceipsalvadorninot\/wp-json\/wp\/v2\/posts\/6432\/revisions"}],"predecessor-version":[{"id":6437,"href":"https:\/\/agora.xtec.cat\/ceipsalvadorninot\/wp-json\/wp\/v2\/posts\/6432\/revisions\/6437"}],"wp:featuredmedia":[{"embeddable":true,"href":"https:\/\/agora.xtec.cat\/ceipsalvadorninot\/wp-json\/wp\/v2\/media\/6435"}],"wp:attachment":[{"href":"https:\/\/agora.xtec.cat\/ceipsalvadorninot\/wp-json\/wp\/v2\/media?parent=6432"}],"wp:term":[{"taxonomy":"category","embeddable":true,"href":"https:\/\/agora.xtec.cat\/ceipsalvadorninot\/wp-json\/wp\/v2\/categories?post=6432"},{"taxonomy":"post_tag","embeddable":true,"href":"https:\/\/agora.xtec.cat\/ceipsalvadorninot\/wp-json\/wp\/v2\/tags?post=6432"}],"curies":[{"name":"wp","href":"https:\/\/api.w.org\/{rel}","templated":true}]}}