{"id":6338,"date":"2022-05-12T15:48:57","date_gmt":"2022-05-12T13:48:57","guid":{"rendered":"https:\/\/agora.xtec.cat\/ceipsalvadorninot\/?p=6338"},"modified":"2024-12-10T11:54:12","modified_gmt":"2024-12-10T10:54:12","slug":"ii-jjcc-arts-esceniques","status":"publish","type":"post","link":"https:\/\/agora.xtec.cat\/ceipsalvadorninot\/general\/ii-jjcc-arts-esceniques\/","title":{"rendered":"II JJCC Arts Esc\u00e8niques!"},"content":{"rendered":"<p style=\"text-align: center;\"><strong><span style=\"text-decoration: underline;\">Iniciem les JJCC sobre les Arts Esc\u00e8niques<\/span>!<\/strong><\/p>\n<p><a href=\"https:\/\/agora.xtec.cat\/ceipsalvadorninot\/wp-content\/uploads\/usu1097\/2022\/05\/Cartell_II_JORNADES_CULTURALS_SOBRE_ARTS_ESCA\u0088NIQUES-removebg-preview-e1652363750862.png\"><img loading=\"lazy\" decoding=\"async\" class=\"wp-image-6343 size-full aligncenter\" src=\"https:\/\/agora.xtec.cat\/ceipsalvadorninot\/wp-content\/uploads\/usu1097\/2022\/05\/Cartell_II_JORNADES_CULTURALS_SOBRE_ARTS_ESCA\u0088NIQUES-removebg-preview-e1652363750862.png\" alt=\"\" width=\"353\" height=\"243\" srcset=\"https:\/\/agora.xtec.cat\/ceipsalvadorninot\/wp-content\/uploads\/usu1097\/2022\/05\/Cartell_II_JORNADES_CULTURALS_SOBRE_ARTS_ESCA\u0088NIQUES-removebg-preview-e1652363750862.png 353w, https:\/\/agora.xtec.cat\/ceipsalvadorninot\/wp-content\/uploads\/usu1097\/2022\/05\/Cartell_II_JORNADES_CULTURALS_SOBRE_ARTS_ESCA\u0088NIQUES-removebg-preview-e1652363750862-300x207.png 300w\" sizes=\"auto, (max-width: 353px) 100vw, 353px\" \/><\/a><\/p>\n<p>Amb quines ganes donem el tret de sortida a la<strong> segona edici\u00f3 de les JJCC sobre les Arts Esc\u00e8niques<\/strong>! Alumnes que de ben segur seran capa\u00e7os d\u2019expressar-se, comunicar-se, rebre pensaments, sentiments, idees pr\u00f2pies i alienes, emocions, &#8230; i tot aix\u00f2 per mitj\u00e0 de diferents tallers amb t\u00e8cniques variades i habilitats inherents a les arts esc\u00e8niques: circ, treball d\u2019expressi\u00f3 corporal, treball dram\u00e0tic i musical.<\/p>\n<p>Amb aquests tallers es pret\u00e9n potenciar la vessant art\u00edstica de tot l\u2019alumnat, incidint en aspectes com la creativitat, aix\u00ed com tamb\u00e9 contribuint al desenvolupament personal i afavorint actituds d\u2019empatia tot despertant la sensibilitat i l\u2019inter\u00e8s de l\u2019alumnat en relaci\u00f3 a les manifestacions art\u00edstiques.<\/p>\n<p>En definitiva, un dels objectius d\u2019aquestes jornades culturals \u00e9s facilitar eines a l\u2019alumnat per tal d\u2019assolir una millor motivaci\u00f3 que condueixi a incrementar la participaci\u00f3, la seguretat en un mateix, l\u2019autoestima, la responsabilitat, enfortir les capacitats afectives i la relaci\u00f3 amb els altres.<\/p>\n<p>Us deixem, a continuaci\u00f3, el cartell amb totes els tallers programats.<\/p>\n<p><a href=\"https:\/\/agora.xtec.cat\/ceipsalvadorninot\/wp-content\/uploads\/usu1097\/2022\/05\/Cartell-II-JORNADES-CULTURALS-SOBRE-ARTS-ESCENIQUES.pdf\">Cartell II JORNADES CULTURALS SOBRE ARTS ESC\u00c8NIQUES<\/a><\/p>\n","protected":false},"excerpt":{"rendered":"<p>Iniciem les JJCC sobre les Arts Esc\u00e8niques! Amb quines ganes donem el tret de sortida a la segona edici\u00f3 de [&hellip;]<\/p>\n","protected":false},"author":1,"featured_media":6343,"comment_status":"open","ping_status":"closed","sticky":false,"template":"","format":"standard","meta":{"_bbp_topic_count":0,"_bbp_reply_count":0,"_bbp_total_topic_count":0,"_bbp_total_reply_count":0,"_bbp_voice_count":0,"_bbp_anonymous_reply_count":0,"_bbp_topic_count_hidden":0,"_bbp_reply_count_hidden":0,"_bbp_forum_subforum_count":0,"site-sidebar-layout":"default","site-content-layout":"","ast-site-content-layout":"","site-content-style":"default","site-sidebar-style":"default","ast-global-header-display":"","ast-banner-title-visibility":"","ast-main-header-display":"","ast-hfb-above-header-display":"","ast-hfb-below-header-display":"","ast-hfb-mobile-header-display":"","site-post-title":"","ast-breadcrumbs-content":"","ast-featured-img":"","footer-sml-layout":"","theme-transparent-header-meta":"","adv-header-id-meta":"","stick-header-meta":"","header-above-stick-meta":"","header-main-stick-meta":"","header-below-stick-meta":"","astra-migrate-meta-layouts":"default","ast-page-background-enabled":"default","ast-page-background-meta":{"desktop":{"background-color":"var(--ast-global-color-4)","background-image":"","background-repeat":"repeat","background-position":"center center","background-size":"auto","background-attachment":"scroll","background-type":"","background-media":"","overlay-type":"","overlay-color":"","overlay-opacity":"","overlay-gradient":""},"tablet":{"background-color":"","background-image":"","background-repeat":"repeat","background-position":"center center","background-size":"auto","background-attachment":"scroll","background-type":"","background-media":"","overlay-type":"","overlay-color":"","overlay-opacity":"","overlay-gradient":""},"mobile":{"background-color":"","background-image":"","background-repeat":"repeat","background-position":"center center","background-size":"auto","background-attachment":"scroll","background-type":"","background-media":"","overlay-type":"","overlay-color":"","overlay-opacity":"","overlay-gradient":""}},"ast-content-background-meta":{"desktop":{"background-color":"var(--ast-global-color-5)","background-image":"","background-repeat":"repeat","background-position":"center center","background-size":"auto","background-attachment":"scroll","background-type":"","background-media":"","overlay-type":"","overlay-color":"","overlay-opacity":"","overlay-gradient":""},"tablet":{"background-color":"var(--ast-global-color-5)","background-image":"","background-repeat":"repeat","background-position":"center center","background-size":"auto","background-attachment":"scroll","background-type":"","background-media":"","overlay-type":"","overlay-color":"","overlay-opacity":"","overlay-gradient":""},"mobile":{"background-color":"var(--ast-global-color-5)","background-image":"","background-repeat":"repeat","background-position":"center center","background-size":"auto","background-attachment":"scroll","background-type":"","background-media":"","overlay-type":"","overlay-color":"","overlay-opacity":"","overlay-gradient":""}},"footnotes":""},"categories":[1,2,4,5],"tags":[],"class_list":["post-6338","post","type-post","status-publish","format-standard","has-post-thumbnail","hentry","category-general","category-infantil","category-portada","category-primaria"],"post_mailing_queue_ids":[],"_links":{"self":[{"href":"https:\/\/agora.xtec.cat\/ceipsalvadorninot\/wp-json\/wp\/v2\/posts\/6338","targetHints":{"allow":["GET"]}}],"collection":[{"href":"https:\/\/agora.xtec.cat\/ceipsalvadorninot\/wp-json\/wp\/v2\/posts"}],"about":[{"href":"https:\/\/agora.xtec.cat\/ceipsalvadorninot\/wp-json\/wp\/v2\/types\/post"}],"author":[{"embeddable":true,"href":"https:\/\/agora.xtec.cat\/ceipsalvadorninot\/wp-json\/wp\/v2\/users\/1"}],"replies":[{"embeddable":true,"href":"https:\/\/agora.xtec.cat\/ceipsalvadorninot\/wp-json\/wp\/v2\/comments?post=6338"}],"version-history":[{"count":2,"href":"https:\/\/agora.xtec.cat\/ceipsalvadorninot\/wp-json\/wp\/v2\/posts\/6338\/revisions"}],"predecessor-version":[{"id":6346,"href":"https:\/\/agora.xtec.cat\/ceipsalvadorninot\/wp-json\/wp\/v2\/posts\/6338\/revisions\/6346"}],"wp:featuredmedia":[{"embeddable":true,"href":"https:\/\/agora.xtec.cat\/ceipsalvadorninot\/wp-json\/wp\/v2\/media\/6343"}],"wp:attachment":[{"href":"https:\/\/agora.xtec.cat\/ceipsalvadorninot\/wp-json\/wp\/v2\/media?parent=6338"}],"wp:term":[{"taxonomy":"category","embeddable":true,"href":"https:\/\/agora.xtec.cat\/ceipsalvadorninot\/wp-json\/wp\/v2\/categories?post=6338"},{"taxonomy":"post_tag","embeddable":true,"href":"https:\/\/agora.xtec.cat\/ceipsalvadorninot\/wp-json\/wp\/v2\/tags?post=6338"}],"curies":[{"name":"wp","href":"https:\/\/api.w.org\/{rel}","templated":true}]}}