{"id":590,"date":"2017-03-24T16:57:36","date_gmt":"2017-03-24T15:57:36","guid":{"rendered":"http:\/\/agora.xtec.cat\/ceipsalvadorninot\/?p=590"},"modified":"2017-03-24T16:57:36","modified_gmt":"2017-03-24T15:57:36","slug":"excursio-a-lespluga-de-francoli","status":"publish","type":"post","link":"https:\/\/agora.xtec.cat\/ceipsalvadorninot\/general\/excursio-a-lespluga-de-francoli\/","title":{"rendered":"EXCURSI\u00d3 A L&#8217;ESPLUGA DE FRANCOL\u00cd"},"content":{"rendered":"<p>Ahir, dijous 23 de mar\u00e7, els alumnes de 1r i 2n de cicle inicial, vam anar a visitar el Centre Comarcal de Tractament de residus i seguidament v\u00e0rem visitar la Cova de la Font Major.<\/p>\n<p>Va ser una sortida realment interessant.<\/p>\n<p>Vam poder observar les nefastes conseq\u00fc\u00e8ncies del fet de no reciclar i per altra banda, els grans avantatges de reciclar. Concretament, v\u00e0rem poder comprovar que la mat\u00e8ria org\u00e0nica es pot convertir en compost org\u00e0nic i vegetal (per poder adobar la terra) i en canvi, del rebuig no se&#8217;n fa res, ans al contrari, es converteix en un gran problema degut a la superf\u00edcie que ocupa i els lixiviats que es generen, grans contaminants per la terra en qu\u00e8 vivim.<\/p>\n<p><a href=\"http:\/\/agora.xtec.cat\/ceipsalvadorninot\/wp-content\/uploads\/usu1097\/2017\/03\/IMG_5363.png\"><img loading=\"lazy\" decoding=\"async\" class=\"size-medium wp-image-596 alignright\" src=\"http:\/\/agora.xtec.cat\/ceipsalvadorninot\/wp-content\/uploads\/usu1097\/2017\/03\/IMG_5363-300x230.png\" alt=\"img_5363\" width=\"300\" height=\"230\" srcset=\"https:\/\/agora.xtec.cat\/ceipsalvadorninot\/wp-content\/uploads\/usu1097\/2017\/03\/IMG_5363-300x230.png 300w, https:\/\/agora.xtec.cat\/ceipsalvadorninot\/wp-content\/uploads\/usu1097\/2017\/03\/IMG_5363-768x588.png 768w, https:\/\/agora.xtec.cat\/ceipsalvadorninot\/wp-content\/uploads\/usu1097\/2017\/03\/IMG_5363-1024x784.png 1024w, https:\/\/agora.xtec.cat\/ceipsalvadorninot\/wp-content\/uploads\/usu1097\/2017\/03\/IMG_5363.png 1160w\" sizes=\"auto, (max-width: 300px) 100vw, 300px\" \/><\/a><a href=\"http:\/\/agora.xtec.cat\/ceipsalvadorninot\/wp-content\/uploads\/usu1097\/2017\/03\/IMG_5343.jpg\"><img loading=\"lazy\" decoding=\"async\" class=\"wp-image-598 alignnone\" src=\"http:\/\/agora.xtec.cat\/ceipsalvadorninot\/wp-content\/uploads\/usu1097\/2017\/03\/IMG_5343-300x223.jpg\" alt=\"img_5343\" width=\"288\" height=\"214\" srcset=\"https:\/\/agora.xtec.cat\/ceipsalvadorninot\/wp-content\/uploads\/usu1097\/2017\/03\/IMG_5343-300x223.jpg 300w, https:\/\/agora.xtec.cat\/ceipsalvadorninot\/wp-content\/uploads\/usu1097\/2017\/03\/IMG_5343-768x571.jpg 768w, https:\/\/agora.xtec.cat\/ceipsalvadorninot\/wp-content\/uploads\/usu1097\/2017\/03\/IMG_5343-1024x762.jpg 1024w, https:\/\/agora.xtec.cat\/ceipsalvadorninot\/wp-content\/uploads\/usu1097\/2017\/03\/IMG_5343-200x150.jpg 200w, https:\/\/agora.xtec.cat\/ceipsalvadorninot\/wp-content\/uploads\/usu1097\/2017\/03\/IMG_5343.jpg 1936w\" sizes=\"auto, (max-width: 288px) 100vw, 288px\" \/><\/a><\/p>\n<p>Seguidament, vam visitar les Coves de l&#8217;Espluga, una de les coves de conglomerats m\u00e9s llarga del m\u00f3n. Al llarg de la complerta visita vam poder con\u00e8ixer com van viure les diferents comunitats humanes\u00a0 que van passar-hi fa milers i milers d&#8217;anys.<\/p>\n<p><a href=\"http:\/\/agora.xtec.cat\/ceipsalvadorninot\/wp-content\/uploads\/usu1097\/2017\/03\/IMG_5381.jpg\"><img loading=\"lazy\" decoding=\"async\" class=\"size-medium wp-image-600 alignright\" src=\"http:\/\/agora.xtec.cat\/ceipsalvadorninot\/wp-content\/uploads\/usu1097\/2017\/03\/IMG_5381-300x224.jpg\" alt=\"img_5381\" width=\"300\" height=\"224\" srcset=\"https:\/\/agora.xtec.cat\/ceipsalvadorninot\/wp-content\/uploads\/usu1097\/2017\/03\/IMG_5381-300x224.jpg 300w, https:\/\/agora.xtec.cat\/ceipsalvadorninot\/wp-content\/uploads\/usu1097\/2017\/03\/IMG_5381-768x574.jpg 768w, https:\/\/agora.xtec.cat\/ceipsalvadorninot\/wp-content\/uploads\/usu1097\/2017\/03\/IMG_5381-1024x766.jpg 1024w, https:\/\/agora.xtec.cat\/ceipsalvadorninot\/wp-content\/uploads\/usu1097\/2017\/03\/IMG_5381-200x150.jpg 200w, https:\/\/agora.xtec.cat\/ceipsalvadorninot\/wp-content\/uploads\/usu1097\/2017\/03\/IMG_5381.jpg 1904w\" sizes=\"auto, (max-width: 300px) 100vw, 300px\" \/><\/a><\/p>\n<p><a href=\"http:\/\/agora.xtec.cat\/ceipsalvadorninot\/wp-content\/uploads\/usu1097\/2017\/03\/IMG_5385.jpg\"><img loading=\"lazy\" decoding=\"async\" class=\"size-medium wp-image-601 alignnone\" src=\"http:\/\/agora.xtec.cat\/ceipsalvadorninot\/wp-content\/uploads\/usu1097\/2017\/03\/IMG_5385-300x224.jpg\" alt=\"img_5385\" width=\"300\" height=\"224\" srcset=\"https:\/\/agora.xtec.cat\/ceipsalvadorninot\/wp-content\/uploads\/usu1097\/2017\/03\/IMG_5385-300x224.jpg 300w, https:\/\/agora.xtec.cat\/ceipsalvadorninot\/wp-content\/uploads\/usu1097\/2017\/03\/IMG_5385-768x574.jpg 768w, https:\/\/agora.xtec.cat\/ceipsalvadorninot\/wp-content\/uploads\/usu1097\/2017\/03\/IMG_5385-1024x766.jpg 1024w, https:\/\/agora.xtec.cat\/ceipsalvadorninot\/wp-content\/uploads\/usu1097\/2017\/03\/IMG_5385-200x150.jpg 200w, https:\/\/agora.xtec.cat\/ceipsalvadorninot\/wp-content\/uploads\/usu1097\/2017\/03\/IMG_5385.jpg 1968w\" sizes=\"auto, (max-width: 300px) 100vw, 300px\" \/><\/a><\/p>\n<p>En acabar vam dinar al parc fluvial i vam gaudir d&#8217;una estona d&#8217;esbarjo.<\/p>\n<p>Volem destacar que durant el desenvolupament de les diferents activitats ens van felicitar per l&#8217;excel\u00b7lent comportament dels nostres alumnes.<\/p>\n","protected":false},"excerpt":{"rendered":"<p>Ahir, dijous 23 de mar\u00e7, els alumnes de 1r i 2n de cicle inicial, vam anar a visitar el Centre [&hellip;]<\/p>\n","protected":false},"author":1,"featured_media":596,"comment_status":"open","ping_status":"open","sticky":false,"template":"","format":"standard","meta":{"_bbp_topic_count":0,"_bbp_reply_count":0,"_bbp_total_topic_count":0,"_bbp_total_reply_count":0,"_bbp_voice_count":0,"_bbp_anonymous_reply_count":0,"_bbp_topic_count_hidden":0,"_bbp_reply_count_hidden":0,"_bbp_forum_subforum_count":0,"site-sidebar-layout":"default","site-content-layout":"","ast-site-content-layout":"","site-content-style":"default","site-sidebar-style":"default","ast-global-header-display":"","ast-banner-title-visibility":"","ast-main-header-display":"","ast-hfb-above-header-display":"","ast-hfb-below-header-display":"","ast-hfb-mobile-header-display":"","site-post-title":"","ast-breadcrumbs-content":"","ast-featured-img":"","footer-sml-layout":"","theme-transparent-header-meta":"","adv-header-id-meta":"","stick-header-meta":"","header-above-stick-meta":"","header-main-stick-meta":"","header-below-stick-meta":"","astra-migrate-meta-layouts":"default","ast-page-background-enabled":"default","ast-page-background-meta":{"desktop":{"background-color":"var(--ast-global-color-4)","background-image":"","background-repeat":"repeat","background-position":"center center","background-size":"auto","background-attachment":"scroll","background-type":"","background-media":"","overlay-type":"","overlay-color":"","overlay-opacity":"","overlay-gradient":""},"tablet":{"background-color":"","background-image":"","background-repeat":"repeat","background-position":"center center","background-size":"auto","background-attachment":"scroll","background-type":"","background-media":"","overlay-type":"","overlay-color":"","overlay-opacity":"","overlay-gradient":""},"mobile":{"background-color":"","background-image":"","background-repeat":"repeat","background-position":"center center","background-size":"auto","background-attachment":"scroll","background-type":"","background-media":"","overlay-type":"","overlay-color":"","overlay-opacity":"","overlay-gradient":""}},"ast-content-background-meta":{"desktop":{"background-color":"var(--ast-global-color-5)","background-image":"","background-repeat":"repeat","background-position":"center center","background-size":"auto","background-attachment":"scroll","background-type":"","background-media":"","overlay-type":"","overlay-color":"","overlay-opacity":"","overlay-gradient":""},"tablet":{"background-color":"var(--ast-global-color-5)","background-image":"","background-repeat":"repeat","background-position":"center center","background-size":"auto","background-attachment":"scroll","background-type":"","background-media":"","overlay-type":"","overlay-color":"","overlay-opacity":"","overlay-gradient":""},"mobile":{"background-color":"var(--ast-global-color-5)","background-image":"","background-repeat":"repeat","background-position":"center center","background-size":"auto","background-attachment":"scroll","background-type":"","background-media":"","overlay-type":"","overlay-color":"","overlay-opacity":"","overlay-gradient":""}},"footnotes":""},"categories":[10,11,1,4,5],"tags":[],"class_list":["post-590","post","type-post","status-publish","format-standard","has-post-thumbnail","hentry","category-1r","category-2n","category-general","category-portada","category-primaria"],"post_mailing_queue_ids":[],"_links":{"self":[{"href":"https:\/\/agora.xtec.cat\/ceipsalvadorninot\/wp-json\/wp\/v2\/posts\/590","targetHints":{"allow":["GET"]}}],"collection":[{"href":"https:\/\/agora.xtec.cat\/ceipsalvadorninot\/wp-json\/wp\/v2\/posts"}],"about":[{"href":"https:\/\/agora.xtec.cat\/ceipsalvadorninot\/wp-json\/wp\/v2\/types\/post"}],"author":[{"embeddable":true,"href":"https:\/\/agora.xtec.cat\/ceipsalvadorninot\/wp-json\/wp\/v2\/users\/1"}],"replies":[{"embeddable":true,"href":"https:\/\/agora.xtec.cat\/ceipsalvadorninot\/wp-json\/wp\/v2\/comments?post=590"}],"version-history":[{"count":3,"href":"https:\/\/agora.xtec.cat\/ceipsalvadorninot\/wp-json\/wp\/v2\/posts\/590\/revisions"}],"predecessor-version":[{"id":604,"href":"https:\/\/agora.xtec.cat\/ceipsalvadorninot\/wp-json\/wp\/v2\/posts\/590\/revisions\/604"}],"wp:featuredmedia":[{"embeddable":true,"href":"https:\/\/agora.xtec.cat\/ceipsalvadorninot\/wp-json\/wp\/v2\/media\/596"}],"wp:attachment":[{"href":"https:\/\/agora.xtec.cat\/ceipsalvadorninot\/wp-json\/wp\/v2\/media?parent=590"}],"wp:term":[{"taxonomy":"category","embeddable":true,"href":"https:\/\/agora.xtec.cat\/ceipsalvadorninot\/wp-json\/wp\/v2\/categories?post=590"},{"taxonomy":"post_tag","embeddable":true,"href":"https:\/\/agora.xtec.cat\/ceipsalvadorninot\/wp-json\/wp\/v2\/tags?post=590"}],"curies":[{"name":"wp","href":"https:\/\/api.w.org\/{rel}","templated":true}]}}