{"id":5332,"date":"2021-11-10T16:56:11","date_gmt":"2021-11-10T15:56:11","guid":{"rendered":"https:\/\/agora.xtec.cat\/ceipsalvadorninot\/?p=5332"},"modified":"2021-11-10T16:56:11","modified_gmt":"2021-11-10T15:56:11","slug":"punt-de-partida-a-la-meteorologia","status":"publish","type":"post","link":"https:\/\/agora.xtec.cat\/ceipsalvadorninot\/general\/punt-de-partida-a-la-meteorologia\/","title":{"rendered":"Punt de partida a la meteorologia"},"content":{"rendered":"<p>El passat 18 d&#8217;octubre els i les alumnes de cicle mitj\u00e0 i superior van realitzar una sortida a l&#8217;<strong>Observatori de Pujalt<\/strong> on van realitzar un taller sobre meteorologia i van veure els diferents aparells utilitzats per fer l&#8217;observaci\u00f3 meteorol\u00f2gica. M\u00e9s concretament, van portar a terme una s\u00e8rie d&#8217;experiments per entendre l&#8217;aire que ens envolta i la seva din\u00e0mica. Observant b\u00e9 els diferents experiments, van cercar les hip\u00f2tesis d&#8217;all\u00f2 que estava succeint.<\/p>\n<p>Ara que ja tenim l&#8217;estaci\u00f3 meteorol\u00f2gica instal\u00b7lada a l&#8217;escola, hem iniciat unes sessions per con\u00e8ixer de primera m\u00e0 com fer front a una observaci\u00f3 meteorol\u00f2gica. Aquestes sessions informatives s\u00f3n a c\u00e0rrec del mestre de l&#8217;escola, Josep Bonet, expert en temes de meteorologia.<\/p>\n<p>Ahir vam dur a terme la primera sessi\u00f3. En aquesta, vam veure un fragment del TN comarques on es feia un homenatge als observadors meteorol\u00f2gics que cada dia i durant molts anys faciliten dades de la temperatura, la pluja o el vent. Tamb\u00e9 vam con\u00e8ixer els efectes de la crisi clim\u00e0tica i com ho realitzen des de l&#8217;Empord\u00e0, l&#8217;Anoia i el Pallars.<\/p>\n<p><a href=\"https:\/\/agora.xtec.cat\/ceipsalvadorninot\/wp-content\/uploads\/usu1097\/2021\/11\/IMG_4967.jpg\"><img loading=\"lazy\" decoding=\"async\" class=\"aligncenter wp-image-5333 size-large\" src=\"https:\/\/agora.xtec.cat\/ceipsalvadorninot\/wp-content\/uploads\/usu1097\/2021\/11\/IMG_4967-e1636558238742-1024x594.jpg\" alt=\"\" width=\"1024\" height=\"594\" srcset=\"https:\/\/agora.xtec.cat\/ceipsalvadorninot\/wp-content\/uploads\/usu1097\/2021\/11\/IMG_4967-e1636558238742-1024x594.jpg 1024w, https:\/\/agora.xtec.cat\/ceipsalvadorninot\/wp-content\/uploads\/usu1097\/2021\/11\/IMG_4967-e1636558238742-300x174.jpg 300w, https:\/\/agora.xtec.cat\/ceipsalvadorninot\/wp-content\/uploads\/usu1097\/2021\/11\/IMG_4967-e1636558238742-768x445.jpg 768w, https:\/\/agora.xtec.cat\/ceipsalvadorninot\/wp-content\/uploads\/usu1097\/2021\/11\/IMG_4967-e1636558238742-1536x891.jpg 1536w, https:\/\/agora.xtec.cat\/ceipsalvadorninot\/wp-content\/uploads\/usu1097\/2021\/11\/IMG_4967-e1636558238742.jpg 2016w\" sizes=\"auto, (max-width: 1024px) 100vw, 1024px\" \/><\/a><\/p>\n<p>Vam parlar dels meteors, fen\u00f2mens que tenen lloc a l&#8217;atmosfera de forma espor\u00e0dica, sense continu\u00eftat en el temps i que s&#8217;observen sense aparells. El meteors s&#8217;anomenen tamb\u00e9 fen\u00f2mens meteorol\u00f2gics i s&#8217;agrupen en cinc fam\u00edlies: <span style=\"text-decoration: underline;\">hidrometeors<\/span> (relacionats amb l&#8217;aigua), <span style=\"text-decoration: underline;\">litometeors<\/span> (relacionats amb part\u00edcules en suspensi\u00f3), <span style=\"text-decoration: underline;\">eolometeors<\/span> (relacionats amb el vent), <span style=\"text-decoration: underline;\">electrometeors<\/span> (relacionats amb l&#8217;electricitat atmosf\u00e8rica) i <span style=\"text-decoration: underline;\">fotometeors<\/span> (relacionats amb els efectes \u00f2ptics). Aix\u00ed doncs, l&#8217;alumnat de sis\u00e8 encarregat d&#8217;observar di\u00e0riament la meteorologia, ser\u00e0 qui prendr\u00e0 nota utilitzant els s\u00edmbols que vam esbrinar conjuntament.<\/p>\n<p>Finalment, vam dedicar la darrera part de la sessi\u00f3 per parlar del vent, \u00e9s a dir, de l&#8217;aire en moviment, i de la direcci\u00f3 d&#8217;aquest tenint en compte el cercle de la <em>Rosa dels Vents<\/em>. Vam esbrinar que a Catalunya existeixen diferents noms per a designar els vents en funci\u00f3 de l&#8217;\u00e0mbit geogr\u00e0fic i la situaci\u00f3 meteorol\u00f2gica.<\/p>\n<p>Seguirem amb aquestes sessions tan enriquidores i, m\u00e9s endavant, amb una visita d&#8217;un meteor\u00f2leg!<\/p>\n","protected":false},"excerpt":{"rendered":"<p>El passat 18 d&#8217;octubre els i les alumnes de cicle mitj\u00e0 i superior van realitzar una sortida a l&#8217;Observatori de [&hellip;]<\/p>\n","protected":false},"author":16,"featured_media":5333,"comment_status":"open","ping_status":"closed","sticky":false,"template":"","format":"standard","meta":{"_bbp_topic_count":0,"_bbp_reply_count":0,"_bbp_total_topic_count":0,"_bbp_total_reply_count":0,"_bbp_voice_count":0,"_bbp_anonymous_reply_count":0,"_bbp_topic_count_hidden":0,"_bbp_reply_count_hidden":0,"_bbp_forum_subforum_count":0,"site-sidebar-layout":"default","site-content-layout":"","ast-site-content-layout":"","site-content-style":"default","site-sidebar-style":"default","ast-global-header-display":"","ast-banner-title-visibility":"","ast-main-header-display":"","ast-hfb-above-header-display":"","ast-hfb-below-header-display":"","ast-hfb-mobile-header-display":"","site-post-title":"","ast-breadcrumbs-content":"","ast-featured-img":"","footer-sml-layout":"","theme-transparent-header-meta":"","adv-header-id-meta":"","stick-header-meta":"","header-above-stick-meta":"","header-main-stick-meta":"","header-below-stick-meta":"","astra-migrate-meta-layouts":"default","ast-page-background-enabled":"default","ast-page-background-meta":{"desktop":{"background-color":"var(--ast-global-color-4)","background-image":"","background-repeat":"repeat","background-position":"center center","background-size":"auto","background-attachment":"scroll","background-type":"","background-media":"","overlay-type":"","overlay-color":"","overlay-opacity":"","overlay-gradient":""},"tablet":{"background-color":"","background-image":"","background-repeat":"repeat","background-position":"center center","background-size":"auto","background-attachment":"scroll","background-type":"","background-media":"","overlay-type":"","overlay-color":"","overlay-opacity":"","overlay-gradient":""},"mobile":{"background-color":"","background-image":"","background-repeat":"repeat","background-position":"center center","background-size":"auto","background-attachment":"scroll","background-type":"","background-media":"","overlay-type":"","overlay-color":"","overlay-opacity":"","overlay-gradient":""}},"ast-content-background-meta":{"desktop":{"background-color":"var(--ast-global-color-5)","background-image":"","background-repeat":"repeat","background-position":"center center","background-size":"auto","background-attachment":"scroll","background-type":"","background-media":"","overlay-type":"","overlay-color":"","overlay-opacity":"","overlay-gradient":""},"tablet":{"background-color":"var(--ast-global-color-5)","background-image":"","background-repeat":"repeat","background-position":"center center","background-size":"auto","background-attachment":"scroll","background-type":"","background-media":"","overlay-type":"","overlay-color":"","overlay-opacity":"","overlay-gradient":""},"mobile":{"background-color":"var(--ast-global-color-5)","background-image":"","background-repeat":"repeat","background-position":"center center","background-size":"auto","background-attachment":"scroll","background-type":"","background-media":"","overlay-type":"","overlay-color":"","overlay-opacity":"","overlay-gradient":""}},"footnotes":""},"categories":[91,1,4,5],"tags":[],"class_list":["post-5332","post","type-post","status-publish","format-standard","has-post-thumbnail","hentry","category-verda","category-general","category-portada","category-primaria"],"post_mailing_queue_ids":[],"_links":{"self":[{"href":"https:\/\/agora.xtec.cat\/ceipsalvadorninot\/wp-json\/wp\/v2\/posts\/5332","targetHints":{"allow":["GET"]}}],"collection":[{"href":"https:\/\/agora.xtec.cat\/ceipsalvadorninot\/wp-json\/wp\/v2\/posts"}],"about":[{"href":"https:\/\/agora.xtec.cat\/ceipsalvadorninot\/wp-json\/wp\/v2\/types\/post"}],"author":[{"embeddable":true,"href":"https:\/\/agora.xtec.cat\/ceipsalvadorninot\/wp-json\/wp\/v2\/users\/16"}],"replies":[{"embeddable":true,"href":"https:\/\/agora.xtec.cat\/ceipsalvadorninot\/wp-json\/wp\/v2\/comments?post=5332"}],"version-history":[{"count":1,"href":"https:\/\/agora.xtec.cat\/ceipsalvadorninot\/wp-json\/wp\/v2\/posts\/5332\/revisions"}],"predecessor-version":[{"id":5334,"href":"https:\/\/agora.xtec.cat\/ceipsalvadorninot\/wp-json\/wp\/v2\/posts\/5332\/revisions\/5334"}],"wp:featuredmedia":[{"embeddable":true,"href":"https:\/\/agora.xtec.cat\/ceipsalvadorninot\/wp-json\/wp\/v2\/media\/5333"}],"wp:attachment":[{"href":"https:\/\/agora.xtec.cat\/ceipsalvadorninot\/wp-json\/wp\/v2\/media?parent=5332"}],"wp:term":[{"taxonomy":"category","embeddable":true,"href":"https:\/\/agora.xtec.cat\/ceipsalvadorninot\/wp-json\/wp\/v2\/categories?post=5332"},{"taxonomy":"post_tag","embeddable":true,"href":"https:\/\/agora.xtec.cat\/ceipsalvadorninot\/wp-json\/wp\/v2\/tags?post=5332"}],"curies":[{"name":"wp","href":"https:\/\/api.w.org\/{rel}","templated":true}]}}