{"id":4979,"date":"2021-08-30T16:17:40","date_gmt":"2021-08-30T14:17:40","guid":{"rendered":"https:\/\/agora.xtec.cat\/ceipsalvadorninot\/?p=4979"},"modified":"2021-08-30T16:19:32","modified_gmt":"2021-08-30T14:19:32","slug":"lliurament-llibres-de-text-educacio-primaria","status":"publish","type":"post","link":"https:\/\/agora.xtec.cat\/ceipsalvadorninot\/general\/lliurament-llibres-de-text-educacio-primaria\/","title":{"rendered":"Lliurament llibres de text alumnes d&#8217;Educaci\u00f3 Prim\u00e0ria. Curs 2021-2022"},"content":{"rendered":"<p>Benvolgudes fam\u00edlies i educadors\/es,<\/p>\n<p>L&#8217;entrega dels llibres de text de l&#8217;alumnat d&#8217;educaci\u00f3 prim\u00e0ria tindr\u00e0 lloc el proper <span style=\"text-decoration: underline;\">dijous, 2 de setembre<\/span> en horari preferentment de mat\u00ed, de <span style=\"text-decoration: underline;\">10 a 12h<\/span>, o b\u00e9 de <span style=\"text-decoration: underline;\">15 a 16h<\/span> de la tarda.<\/p>\n<p>Cal tenir en compte el seg\u00fcent:<\/p>\n<ul>\n<li>Per accedir al recinte escolar \u00e9s obligatori l&#8217;<span style=\"text-decoration: underline;\">\u00fas de la mascareta<\/span> i mantenir la <span style=\"text-decoration: underline;\">dist\u00e0ncia interpersonal<\/span>.<\/li>\n<li>Els llibres es lliuraran per la finestra de l&#8217;aula que dona a la pista de l&#8217;escola. Per tant, cal que hi accediu per la porta de la pista.<\/li>\n<li>En el moment de recollir els llibres \u00e9s imprescindible mostrar el <strong>resguard de l&#8217;AFA<\/strong>, aix\u00ed com tamb\u00e9 el <strong>resguard del pagament dels llibres<\/strong>.<\/li>\n<li><strong>No es far\u00e0 entrega dels llibres si no s&#8217;ha efectuat el pagament d&#8217;aquests pr\u00e8viament<\/strong>.<\/li>\n<\/ul>\n<p>NOTA: Els llibres d&#8217;Educaci\u00f3 infantil no s&#8217;entreguen, sin\u00f3 que ja estaran a les aules de cada infant en iniciar el curs escolar.<\/p>\n<p>S&#8217;adjunta el cartell informatiu.<\/p>\n<p><a href=\"https:\/\/agora.xtec.cat\/ceipsalvadorninot\/wp-content\/uploads\/usu1097\/2021\/08\/Lliurament-llibres-de-text-primaria-21-22.pdf\">Lliurament llibres de text prim\u00e0ria 21-22<\/a><\/p>\n","protected":false},"excerpt":{"rendered":"<p>Benvolgudes fam\u00edlies i educadors\/es, L&#8217;entrega dels llibres de text de l&#8217;alumnat d&#8217;educaci\u00f3 prim\u00e0ria tindr\u00e0 lloc el proper dijous, 2 de [&hellip;]<\/p>\n","protected":false},"author":1,"featured_media":4980,"comment_status":"open","ping_status":"closed","sticky":false,"template":"","format":"standard","meta":{"_bbp_topic_count":0,"_bbp_reply_count":0,"_bbp_total_topic_count":0,"_bbp_total_reply_count":0,"_bbp_voice_count":0,"_bbp_anonymous_reply_count":0,"_bbp_topic_count_hidden":0,"_bbp_reply_count_hidden":0,"_bbp_forum_subforum_count":0,"site-sidebar-layout":"default","site-content-layout":"","ast-site-content-layout":"","site-content-style":"default","site-sidebar-style":"default","ast-global-header-display":"","ast-banner-title-visibility":"","ast-main-header-display":"","ast-hfb-above-header-display":"","ast-hfb-below-header-display":"","ast-hfb-mobile-header-display":"","site-post-title":"","ast-breadcrumbs-content":"","ast-featured-img":"","footer-sml-layout":"","theme-transparent-header-meta":"","adv-header-id-meta":"","stick-header-meta":"","header-above-stick-meta":"","header-main-stick-meta":"","header-below-stick-meta":"","astra-migrate-meta-layouts":"default","ast-page-background-enabled":"default","ast-page-background-meta":{"desktop":{"background-color":"var(--ast-global-color-4)","background-image":"","background-repeat":"repeat","background-position":"center center","background-size":"auto","background-attachment":"scroll","background-type":"","background-media":"","overlay-type":"","overlay-color":"","overlay-opacity":"","overlay-gradient":""},"tablet":{"background-color":"","background-image":"","background-repeat":"repeat","background-position":"center center","background-size":"auto","background-attachment":"scroll","background-type":"","background-media":"","overlay-type":"","overlay-color":"","overlay-opacity":"","overlay-gradient":""},"mobile":{"background-color":"","background-image":"","background-repeat":"repeat","background-position":"center center","background-size":"auto","background-attachment":"scroll","background-type":"","background-media":"","overlay-type":"","overlay-color":"","overlay-opacity":"","overlay-gradient":""}},"ast-content-background-meta":{"desktop":{"background-color":"var(--ast-global-color-5)","background-image":"","background-repeat":"repeat","background-position":"center center","background-size":"auto","background-attachment":"scroll","background-type":"","background-media":"","overlay-type":"","overlay-color":"","overlay-opacity":"","overlay-gradient":""},"tablet":{"background-color":"var(--ast-global-color-5)","background-image":"","background-repeat":"repeat","background-position":"center center","background-size":"auto","background-attachment":"scroll","background-type":"","background-media":"","overlay-type":"","overlay-color":"","overlay-opacity":"","overlay-gradient":""},"mobile":{"background-color":"var(--ast-global-color-5)","background-image":"","background-repeat":"repeat","background-position":"center center","background-size":"auto","background-attachment":"scroll","background-type":"","background-media":"","overlay-type":"","overlay-color":"","overlay-opacity":"","overlay-gradient":""}},"footnotes":""},"categories":[7,1,4,5],"tags":[],"class_list":["post-4979","post","type-post","status-publish","format-standard","has-post-thumbnail","hentry","category-afa","category-general","category-portada","category-primaria"],"post_mailing_queue_ids":[],"_links":{"self":[{"href":"https:\/\/agora.xtec.cat\/ceipsalvadorninot\/wp-json\/wp\/v2\/posts\/4979","targetHints":{"allow":["GET"]}}],"collection":[{"href":"https:\/\/agora.xtec.cat\/ceipsalvadorninot\/wp-json\/wp\/v2\/posts"}],"about":[{"href":"https:\/\/agora.xtec.cat\/ceipsalvadorninot\/wp-json\/wp\/v2\/types\/post"}],"author":[{"embeddable":true,"href":"https:\/\/agora.xtec.cat\/ceipsalvadorninot\/wp-json\/wp\/v2\/users\/1"}],"replies":[{"embeddable":true,"href":"https:\/\/agora.xtec.cat\/ceipsalvadorninot\/wp-json\/wp\/v2\/comments?post=4979"}],"version-history":[{"count":3,"href":"https:\/\/agora.xtec.cat\/ceipsalvadorninot\/wp-json\/wp\/v2\/posts\/4979\/revisions"}],"predecessor-version":[{"id":4985,"href":"https:\/\/agora.xtec.cat\/ceipsalvadorninot\/wp-json\/wp\/v2\/posts\/4979\/revisions\/4985"}],"wp:featuredmedia":[{"embeddable":true,"href":"https:\/\/agora.xtec.cat\/ceipsalvadorninot\/wp-json\/wp\/v2\/media\/4980"}],"wp:attachment":[{"href":"https:\/\/agora.xtec.cat\/ceipsalvadorninot\/wp-json\/wp\/v2\/media?parent=4979"}],"wp:term":[{"taxonomy":"category","embeddable":true,"href":"https:\/\/agora.xtec.cat\/ceipsalvadorninot\/wp-json\/wp\/v2\/categories?post=4979"},{"taxonomy":"post_tag","embeddable":true,"href":"https:\/\/agora.xtec.cat\/ceipsalvadorninot\/wp-json\/wp\/v2\/tags?post=4979"}],"curies":[{"name":"wp","href":"https:\/\/api.w.org\/{rel}","templated":true}]}}