{"id":4481,"date":"2021-04-28T11:52:36","date_gmt":"2021-04-28T09:52:36","guid":{"rendered":"http:\/\/agora.xtec.cat\/ceipsalvadorninot\/?p=4481"},"modified":"2021-04-28T11:52:36","modified_gmt":"2021-04-28T09:52:36","slug":"cantata-de-sant-jordi","status":"publish","type":"post","link":"https:\/\/agora.xtec.cat\/ceipsalvadorninot\/general\/cantata-de-sant-jordi\/","title":{"rendered":"Cantata de Sant Jordi"},"content":{"rendered":"<p>Els alumnes de l&#8217;escola, hem treballat la cantata audiovisual de Sant Jordi feta per Jordi Carta\u00f1\u00e1, la cantata que va reunir als alumnes de cicle mitj\u00e0 de tota la Conca l&#8217;any 2019 i que aquest any degut a la pand\u00e8mia, no hem pogut fer.<\/p>\n<p>Factoria Brams ha anat publicant en diferents dies els 6 cap\u00edtols de la cantata, amb uns dibuixos animats molt bonics, on s&#8217;explica la llegenda narrada i cantada. Ens han agradat molt i tamb\u00e9 hem apr\u00e8s moltes coses amb aquesta llegenda tant diferent i divertida.<\/p>\n<p>Amb aquesta cantata hem apr\u00e8s:<\/p>\n<ul>\n<li>Que junts podem avan\u00e7ar m\u00e9s i millor, i a fer les coses en equip i demanar ajuda quan faci falta.<\/li>\n<li>Que les coses no sempre s\u00f3n com s&#8217;expliquen, que no hem de fer cas del que ens expliquin dels altres, ja que tots som molt m\u00e9s del que puguem semblar.<\/li>\n<li>Que no hi ha coses de nens ni de nenes, que tots podem fer els que vulguem, tots tenim dret a decidir que fer i que ser, i poder ser feli\u00e7os.<\/li>\n<li>Que per molt valents que siguem, la por \u00e9s una emoci\u00f3 que tothom pot sentir i que ens alerta d&#8217;un perill, que no \u00e9s dolent tenir por, encara que de vegades el perill nom\u00e9s \u00e9s una idea que ens hem fet al cap.<\/li>\n<\/ul>\n<p><a href=\"https:\/\/agora.xtec.cat\/ceipsalvadorninot\/wp-content\/uploads\/usu1097\/2021\/04\/Fitxer_000-min.jpeg\"><img loading=\"lazy\" decoding=\"async\" class=\"alignleft size-large wp-image-4490\" src=\"https:\/\/agora.xtec.cat\/ceipsalvadorninot\/wp-content\/uploads\/usu1097\/2021\/04\/Fitxer_000-min-1024x768.jpeg\" alt=\"\" width=\"1024\" height=\"768\" srcset=\"https:\/\/agora.xtec.cat\/ceipsalvadorninot\/wp-content\/uploads\/usu1097\/2021\/04\/Fitxer_000-min-1024x768.jpeg 1024w, https:\/\/agora.xtec.cat\/ceipsalvadorninot\/wp-content\/uploads\/usu1097\/2021\/04\/Fitxer_000-min-300x225.jpeg 300w, https:\/\/agora.xtec.cat\/ceipsalvadorninot\/wp-content\/uploads\/usu1097\/2021\/04\/Fitxer_000-min-768x576.jpeg 768w, https:\/\/agora.xtec.cat\/ceipsalvadorninot\/wp-content\/uploads\/usu1097\/2021\/04\/Fitxer_000-min-200x150.jpeg 200w\" sizes=\"auto, (max-width: 1024px) 100vw, 1024px\" \/><\/a><\/p>\n","protected":false},"excerpt":{"rendered":"<p>Els alumnes de l&#8217;escola, hem treballat la cantata audiovisual de Sant Jordi feta per Jordi Carta\u00f1\u00e1, la cantata que va [&hellip;]<\/p>\n","protected":false},"author":1,"featured_media":4490,"comment_status":"open","ping_status":"closed","sticky":false,"template":"","format":"standard","meta":{"_bbp_topic_count":0,"_bbp_reply_count":0,"_bbp_total_topic_count":0,"_bbp_total_reply_count":0,"_bbp_voice_count":0,"_bbp_anonymous_reply_count":0,"_bbp_topic_count_hidden":0,"_bbp_reply_count_hidden":0,"_bbp_forum_subforum_count":0,"site-sidebar-layout":"default","site-content-layout":"","ast-site-content-layout":"","site-content-style":"default","site-sidebar-style":"default","ast-global-header-display":"","ast-banner-title-visibility":"","ast-main-header-display":"","ast-hfb-above-header-display":"","ast-hfb-below-header-display":"","ast-hfb-mobile-header-display":"","site-post-title":"","ast-breadcrumbs-content":"","ast-featured-img":"","footer-sml-layout":"","theme-transparent-header-meta":"","adv-header-id-meta":"","stick-header-meta":"","header-above-stick-meta":"","header-main-stick-meta":"","header-below-stick-meta":"","astra-migrate-meta-layouts":"default","ast-page-background-enabled":"default","ast-page-background-meta":{"desktop":{"background-color":"var(--ast-global-color-4)","background-image":"","background-repeat":"repeat","background-position":"center center","background-size":"auto","background-attachment":"scroll","background-type":"","background-media":"","overlay-type":"","overlay-color":"","overlay-opacity":"","overlay-gradient":""},"tablet":{"background-color":"","background-image":"","background-repeat":"repeat","background-position":"center center","background-size":"auto","background-attachment":"scroll","background-type":"","background-media":"","overlay-type":"","overlay-color":"","overlay-opacity":"","overlay-gradient":""},"mobile":{"background-color":"","background-image":"","background-repeat":"repeat","background-position":"center center","background-size":"auto","background-attachment":"scroll","background-type":"","background-media":"","overlay-type":"","overlay-color":"","overlay-opacity":"","overlay-gradient":""}},"ast-content-background-meta":{"desktop":{"background-color":"var(--ast-global-color-5)","background-image":"","background-repeat":"repeat","background-position":"center center","background-size":"auto","background-attachment":"scroll","background-type":"","background-media":"","overlay-type":"","overlay-color":"","overlay-opacity":"","overlay-gradient":""},"tablet":{"background-color":"var(--ast-global-color-5)","background-image":"","background-repeat":"repeat","background-position":"center center","background-size":"auto","background-attachment":"scroll","background-type":"","background-media":"","overlay-type":"","overlay-color":"","overlay-opacity":"","overlay-gradient":""},"mobile":{"background-color":"var(--ast-global-color-5)","background-image":"","background-repeat":"repeat","background-position":"center center","background-size":"auto","background-attachment":"scroll","background-type":"","background-media":"","overlay-type":"","overlay-color":"","overlay-opacity":"","overlay-gradient":""}},"footnotes":""},"categories":[10,11,12,13,14,1,8,9,2,4,5],"tags":[],"class_list":["post-4481","post","type-post","status-publish","format-standard","has-post-thumbnail","hentry","category-1r","category-2n","category-3r","category-4t","category-5e","category-general","category-p4","category-p5","category-infantil","category-portada","category-primaria"],"post_mailing_queue_ids":[],"_links":{"self":[{"href":"https:\/\/agora.xtec.cat\/ceipsalvadorninot\/wp-json\/wp\/v2\/posts\/4481","targetHints":{"allow":["GET"]}}],"collection":[{"href":"https:\/\/agora.xtec.cat\/ceipsalvadorninot\/wp-json\/wp\/v2\/posts"}],"about":[{"href":"https:\/\/agora.xtec.cat\/ceipsalvadorninot\/wp-json\/wp\/v2\/types\/post"}],"author":[{"embeddable":true,"href":"https:\/\/agora.xtec.cat\/ceipsalvadorninot\/wp-json\/wp\/v2\/users\/1"}],"replies":[{"embeddable":true,"href":"https:\/\/agora.xtec.cat\/ceipsalvadorninot\/wp-json\/wp\/v2\/comments?post=4481"}],"version-history":[{"count":2,"href":"https:\/\/agora.xtec.cat\/ceipsalvadorninot\/wp-json\/wp\/v2\/posts\/4481\/revisions"}],"predecessor-version":[{"id":4491,"href":"https:\/\/agora.xtec.cat\/ceipsalvadorninot\/wp-json\/wp\/v2\/posts\/4481\/revisions\/4491"}],"wp:featuredmedia":[{"embeddable":true,"href":"https:\/\/agora.xtec.cat\/ceipsalvadorninot\/wp-json\/wp\/v2\/media\/4490"}],"wp:attachment":[{"href":"https:\/\/agora.xtec.cat\/ceipsalvadorninot\/wp-json\/wp\/v2\/media?parent=4481"}],"wp:term":[{"taxonomy":"category","embeddable":true,"href":"https:\/\/agora.xtec.cat\/ceipsalvadorninot\/wp-json\/wp\/v2\/categories?post=4481"},{"taxonomy":"post_tag","embeddable":true,"href":"https:\/\/agora.xtec.cat\/ceipsalvadorninot\/wp-json\/wp\/v2\/tags?post=4481"}],"curies":[{"name":"wp","href":"https:\/\/api.w.org\/{rel}","templated":true}]}}