{"id":4330,"date":"2021-04-19T08:20:57","date_gmt":"2021-04-19T06:20:57","guid":{"rendered":"http:\/\/agora.xtec.cat\/ceipsalvadorninot\/?p=4330"},"modified":"2021-04-19T12:01:17","modified_gmt":"2021-04-19T10:01:17","slug":"tret-de-sortida-a-les-jornades-culturals-sobre-el-canvi-climatic","status":"publish","type":"post","link":"https:\/\/agora.xtec.cat\/ceipsalvadorninot\/general\/tret-de-sortida-a-les-jornades-culturals-sobre-el-canvi-climatic\/","title":{"rendered":"Tret de sortida a les Jornades Culturals sobre el canvi clim\u00e0tic"},"content":{"rendered":"<p>Els animals del pol Nord es troben davant d&#8217;una situaci\u00f3 complexa, i \u00e9s que l&#8217;extensi\u00f3 de la superf\u00edcie coberta de gel est\u00e0 minvant, amb un evident escalfament local i desgel. Resolent diferents reptes els ajudareu a revertir aquesta situaci\u00f3 tan cr\u00edtica que estan patint!<\/p>\n<p>Aquesta i moltes altres activitats i tallers engloben el programa de les jornades culturals que encetem aquesta setmana a l&#8217;escola. Unes jornades amb un enfocament sobre l&#8217;emerg\u00e8ncia clim\u00e0tica, un dels temes de m\u00e9s actualitat enmig d&#8217;una crisi ecol\u00f2gica i social sense precedents que demana canvis contundents en relaci\u00f3 a la nostra manera de viure i d&#8217;organitzar-nos com a societat.<\/p>\n<p>En els darrers anys, per\u00f2, accions i mobilitzacions socials de col\u00b7lectius ecologistes internacionals com <em>Fridays for Future<\/em>, <em>Extinction Rebellion<\/em> o <em>By 2020 We Rise Up<\/em>, entre d&#8217;altres, han irromput per tal d&#8217;exigir solucions al canvi clim\u00e0tic.<\/p>\n<p>En aquest sentit, cal prendre-hi part des d&#8217;una mirada cr\u00edtica i activa i, l&#8217;escola, com qualsevol agent social, pot ser i ha d&#8217;esdevenir un actiu m\u00e9s en aquesta acci\u00f3 col\u00b7lectiva mitjan\u00e7ant petites accions i reflexions que ens hi apropin, alhora que sensibilitzin i empoderin a la comunitat educativa per fer front a l&#8217;emerg\u00e8ncia clim\u00e0tica.<\/p>\n<p>I tu, est\u00e0s preparat per ajudar els animals del pol Nord?<\/p>\n<p>Comencem!<\/p>\n<p><a href=\"https:\/\/agora.xtec.cat\/ceipsalvadorninot\/wp-content\/uploads\/usu1097\/2021\/04\/JORNADES-CULTURALS-SOBRE-EL-CANVI-CLIM\u00c0TIC.pdf\">JORNADES CULTURALS SOBRE EL CANVI CLIM\u00c0TIC<\/a><\/p>\n","protected":false},"excerpt":{"rendered":"<p>Els animals del pol Nord es troben davant d&#8217;una situaci\u00f3 complexa, i \u00e9s que l&#8217;extensi\u00f3 de la superf\u00edcie coberta de [&hellip;]<\/p>\n","protected":false},"author":16,"featured_media":4332,"comment_status":"open","ping_status":"closed","sticky":false,"template":"","format":"standard","meta":{"_bbp_topic_count":0,"_bbp_reply_count":0,"_bbp_total_topic_count":0,"_bbp_total_reply_count":0,"_bbp_voice_count":0,"_bbp_anonymous_reply_count":0,"_bbp_topic_count_hidden":0,"_bbp_reply_count_hidden":0,"_bbp_forum_subforum_count":0,"site-sidebar-layout":"default","site-content-layout":"","ast-site-content-layout":"","site-content-style":"default","site-sidebar-style":"default","ast-global-header-display":"","ast-banner-title-visibility":"","ast-main-header-display":"","ast-hfb-above-header-display":"","ast-hfb-below-header-display":"","ast-hfb-mobile-header-display":"","site-post-title":"","ast-breadcrumbs-content":"","ast-featured-img":"","footer-sml-layout":"","theme-transparent-header-meta":"","adv-header-id-meta":"","stick-header-meta":"","header-above-stick-meta":"","header-main-stick-meta":"","header-below-stick-meta":"","astra-migrate-meta-layouts":"default","ast-page-background-enabled":"default","ast-page-background-meta":{"desktop":{"background-color":"var(--ast-global-color-4)","background-image":"","background-repeat":"repeat","background-position":"center center","background-size":"auto","background-attachment":"scroll","background-type":"","background-media":"","overlay-type":"","overlay-color":"","overlay-opacity":"","overlay-gradient":""},"tablet":{"background-color":"","background-image":"","background-repeat":"repeat","background-position":"center center","background-size":"auto","background-attachment":"scroll","background-type":"","background-media":"","overlay-type":"","overlay-color":"","overlay-opacity":"","overlay-gradient":""},"mobile":{"background-color":"","background-image":"","background-repeat":"repeat","background-position":"center center","background-size":"auto","background-attachment":"scroll","background-type":"","background-media":"","overlay-type":"","overlay-color":"","overlay-opacity":"","overlay-gradient":""}},"ast-content-background-meta":{"desktop":{"background-color":"var(--ast-global-color-5)","background-image":"","background-repeat":"repeat","background-position":"center center","background-size":"auto","background-attachment":"scroll","background-type":"","background-media":"","overlay-type":"","overlay-color":"","overlay-opacity":"","overlay-gradient":""},"tablet":{"background-color":"var(--ast-global-color-5)","background-image":"","background-repeat":"repeat","background-position":"center center","background-size":"auto","background-attachment":"scroll","background-type":"","background-media":"","overlay-type":"","overlay-color":"","overlay-opacity":"","overlay-gradient":""},"mobile":{"background-color":"var(--ast-global-color-5)","background-image":"","background-repeat":"repeat","background-position":"center center","background-size":"auto","background-attachment":"scroll","background-type":"","background-media":"","overlay-type":"","overlay-color":"","overlay-opacity":"","overlay-gradient":""}},"footnotes":""},"categories":[1,2,4,5],"tags":[],"class_list":["post-4330","post","type-post","status-publish","format-standard","has-post-thumbnail","hentry","category-general","category-infantil","category-portada","category-primaria"],"post_mailing_queue_ids":[],"_links":{"self":[{"href":"https:\/\/agora.xtec.cat\/ceipsalvadorninot\/wp-json\/wp\/v2\/posts\/4330","targetHints":{"allow":["GET"]}}],"collection":[{"href":"https:\/\/agora.xtec.cat\/ceipsalvadorninot\/wp-json\/wp\/v2\/posts"}],"about":[{"href":"https:\/\/agora.xtec.cat\/ceipsalvadorninot\/wp-json\/wp\/v2\/types\/post"}],"author":[{"embeddable":true,"href":"https:\/\/agora.xtec.cat\/ceipsalvadorninot\/wp-json\/wp\/v2\/users\/16"}],"replies":[{"embeddable":true,"href":"https:\/\/agora.xtec.cat\/ceipsalvadorninot\/wp-json\/wp\/v2\/comments?post=4330"}],"version-history":[{"count":2,"href":"https:\/\/agora.xtec.cat\/ceipsalvadorninot\/wp-json\/wp\/v2\/posts\/4330\/revisions"}],"predecessor-version":[{"id":4334,"href":"https:\/\/agora.xtec.cat\/ceipsalvadorninot\/wp-json\/wp\/v2\/posts\/4330\/revisions\/4334"}],"wp:featuredmedia":[{"embeddable":true,"href":"https:\/\/agora.xtec.cat\/ceipsalvadorninot\/wp-json\/wp\/v2\/media\/4332"}],"wp:attachment":[{"href":"https:\/\/agora.xtec.cat\/ceipsalvadorninot\/wp-json\/wp\/v2\/media?parent=4330"}],"wp:term":[{"taxonomy":"category","embeddable":true,"href":"https:\/\/agora.xtec.cat\/ceipsalvadorninot\/wp-json\/wp\/v2\/categories?post=4330"},{"taxonomy":"post_tag","embeddable":true,"href":"https:\/\/agora.xtec.cat\/ceipsalvadorninot\/wp-json\/wp\/v2\/tags?post=4330"}],"curies":[{"name":"wp","href":"https:\/\/api.w.org\/{rel}","templated":true}]}}