{"id":4034,"date":"2021-02-22T19:22:54","date_gmt":"2021-02-22T18:22:54","guid":{"rendered":"http:\/\/agora.xtec.cat\/ceipsalvadorninot\/?p=4034"},"modified":"2021-02-23T15:44:27","modified_gmt":"2021-02-23T14:44:27","slug":"videoconferencia-100tifiques","status":"publish","type":"post","link":"https:\/\/agora.xtec.cat\/ceipsalvadorninot\/general\/videoconferencia-100tifiques\/","title":{"rendered":"Videoconfer\u00e8ncia #100t\u00edfiques"},"content":{"rendered":"<p style=\"margin: 0cm; margin-bottom: .0001pt; background: white; vertical-align: baseline;\"><span style=\"font-size: 13.0pt; font-family: 'Helvetica','sans-serif';\">El passat 11 de febrer era el Dia Internacional de les Dones i les Nenes en la Ci\u00e8ncia, els alumnes i les alumnes de sis\u00e8 van participar en aquesta activitat per\u00f2 va ser postposada pel divendres 19 de febrer ja que el dia 11 era dijous gras i ja hi havia prevista una activitat.<\/span><\/p>\n<p style=\"margin: 0cm; margin-bottom: .0001pt; background: white; vertical-align: baseline;\"><span style=\"font-size: 13.0pt; font-family: 'Helvetica','sans-serif';\">L\u2019activitat 100t\u00edfiques \u00e9s una iniciativa de la Fundaci\u00f3 Catalana per a la Recerca i la Innovaci\u00f3 ( FCRI) i el Barcelona Institute of Science and Technology ( BIST), amb la col\u00b7laboraci\u00f3 del Departament d\u2019Educaci\u00f3 de la Generalitat de Catalunya.<\/span><\/p>\n<p style=\"margin: 0cm; margin-bottom: .0001pt; background: white; vertical-align: baseline;\"><span style=\"font-size: 13.0pt; font-family: 'Helvetica','sans-serif';\">L\u2019objectiu del projecte \u00e9s fer visible i destacar la rellev\u00e0ncia i el paper estrat\u00e8gic de les dones a la ci\u00e8ncia i la tecnologia, tot fomentant accions conjuntes entre cient\u00edfiques d\u2019acad\u00e8mia i d\u2019empresa .El programa t\u00e9 la vocaci\u00f3 de fomentar una relaci\u00f3 m\u00e9s directa i rec\u00edproca entre la ci\u00e8ncia i la societat.<\/span><\/p>\n<p style=\"margin: 0cm; margin-bottom: .0001pt; background: white; vertical-align: baseline;\"><span style=\"font-size: 13.0pt; font-family: 'Helvetica','sans-serif';\">El divendres 19 de febrer a les 11:45 h la classe de sis\u00e8 vam connectar per videoconfer\u00e8ncia amb la sra Judit Carrasco cient\u00edfica que treballa a l\u2019empresa B.Braun que \u00e9s una empresa que es dedica al producte farmac\u00e8utic. En concret es dediquen a fabricar productes sanitaris per el tancament de ferides ( punts de sutura) i material quir\u00fargic.<\/span><\/p>\n<p style=\"margin: 0cm; margin-bottom: .0001pt; background: white; vertical-align: baseline;\"><span style=\"font-size: 13.0pt; font-family: 'Helvetica','sans-serif';\">La sra Judit Carrasco va presentar-se propera i va respondre totes les preguntes que se li van fer.<\/span><\/p>\n<p style=\"margin: 0cm; margin-bottom: .0001pt; background: white; vertical-align: baseline;\"><span style=\"font-size: 13.0pt; font-family: 'Helvetica','sans-serif';\">Als alumnes els va agradar l\u2019activitat.<\/span><\/p>\n<p>&nbsp;<\/p>\n<p><a href=\"https:\/\/drive.google.com\/drive\/folders\/1U1ZZ_YYuH9w5XEkERnPjlQKLb8yAx3p-?usp=sharing\">https:\/\/drive.google.com\/drive\/folders\/1U1ZZ_YYuH9w5XEkERnPjlQKLb8yAx3p-?usp=sharing<\/a><\/p>\n<p>&nbsp;<\/p>\n<p><a href=\"https:\/\/agora.xtec.cat\/ceipsalvadorninot\/wp-content\/uploads\/usu1097\/2021\/02\/Screenshot_2021-02-22-19-15-01-666_com.google.android.apps_.photos.jpg\"><img loading=\"lazy\" decoding=\"async\" class=\"alignnone size-full wp-image-4035\" src=\"https:\/\/agora.xtec.cat\/ceipsalvadorninot\/wp-content\/uploads\/usu1097\/2021\/02\/Screenshot_2021-02-22-19-15-01-666_com.google.android.apps_.photos.jpg\" alt=\"\" width=\"661\" height=\"828\" srcset=\"https:\/\/agora.xtec.cat\/ceipsalvadorninot\/wp-content\/uploads\/usu1097\/2021\/02\/Screenshot_2021-02-22-19-15-01-666_com.google.android.apps_.photos.jpg 661w, https:\/\/agora.xtec.cat\/ceipsalvadorninot\/wp-content\/uploads\/usu1097\/2021\/02\/Screenshot_2021-02-22-19-15-01-666_com.google.android.apps_.photos-239x300.jpg 239w\" sizes=\"auto, (max-width: 661px) 100vw, 661px\" \/><\/a><\/p>\n","protected":false},"excerpt":{"rendered":"<p>El passat 11 de febrer era el Dia Internacional de les Dones i les Nenes en la Ci\u00e8ncia, els alumnes [&hellip;]<\/p>\n","protected":false},"author":28,"featured_media":4043,"comment_status":"open","ping_status":"closed","sticky":false,"template":"","format":"standard","meta":{"_bbp_topic_count":0,"_bbp_reply_count":0,"_bbp_total_topic_count":0,"_bbp_total_reply_count":0,"_bbp_voice_count":0,"_bbp_anonymous_reply_count":0,"_bbp_topic_count_hidden":0,"_bbp_reply_count_hidden":0,"_bbp_forum_subforum_count":0,"site-sidebar-layout":"default","site-content-layout":"","ast-site-content-layout":"","site-content-style":"default","site-sidebar-style":"default","ast-global-header-display":"","ast-banner-title-visibility":"","ast-main-header-display":"","ast-hfb-above-header-display":"","ast-hfb-below-header-display":"","ast-hfb-mobile-header-display":"","site-post-title":"","ast-breadcrumbs-content":"","ast-featured-img":"","footer-sml-layout":"","theme-transparent-header-meta":"","adv-header-id-meta":"","stick-header-meta":"","header-above-stick-meta":"","header-main-stick-meta":"","header-below-stick-meta":"","astra-migrate-meta-layouts":"default","ast-page-background-enabled":"default","ast-page-background-meta":{"desktop":{"background-color":"var(--ast-global-color-4)","background-image":"","background-repeat":"repeat","background-position":"center center","background-size":"auto","background-attachment":"scroll","background-type":"","background-media":"","overlay-type":"","overlay-color":"","overlay-opacity":"","overlay-gradient":""},"tablet":{"background-color":"","background-image":"","background-repeat":"repeat","background-position":"center center","background-size":"auto","background-attachment":"scroll","background-type":"","background-media":"","overlay-type":"","overlay-color":"","overlay-opacity":"","overlay-gradient":""},"mobile":{"background-color":"","background-image":"","background-repeat":"repeat","background-position":"center center","background-size":"auto","background-attachment":"scroll","background-type":"","background-media":"","overlay-type":"","overlay-color":"","overlay-opacity":"","overlay-gradient":""}},"ast-content-background-meta":{"desktop":{"background-color":"var(--ast-global-color-5)","background-image":"","background-repeat":"repeat","background-position":"center center","background-size":"auto","background-attachment":"scroll","background-type":"","background-media":"","overlay-type":"","overlay-color":"","overlay-opacity":"","overlay-gradient":""},"tablet":{"background-color":"var(--ast-global-color-5)","background-image":"","background-repeat":"repeat","background-position":"center center","background-size":"auto","background-attachment":"scroll","background-type":"","background-media":"","overlay-type":"","overlay-color":"","overlay-opacity":"","overlay-gradient":""},"mobile":{"background-color":"var(--ast-global-color-5)","background-image":"","background-repeat":"repeat","background-position":"center center","background-size":"auto","background-attachment":"scroll","background-type":"","background-media":"","overlay-type":"","overlay-color":"","overlay-opacity":"","overlay-gradient":""}},"footnotes":""},"categories":[15,1,4,5],"tags":[],"class_list":["post-4034","post","type-post","status-publish","format-standard","has-post-thumbnail","hentry","category-6e","category-general","category-portada","category-primaria"],"post_mailing_queue_ids":[],"_links":{"self":[{"href":"https:\/\/agora.xtec.cat\/ceipsalvadorninot\/wp-json\/wp\/v2\/posts\/4034","targetHints":{"allow":["GET"]}}],"collection":[{"href":"https:\/\/agora.xtec.cat\/ceipsalvadorninot\/wp-json\/wp\/v2\/posts"}],"about":[{"href":"https:\/\/agora.xtec.cat\/ceipsalvadorninot\/wp-json\/wp\/v2\/types\/post"}],"author":[{"embeddable":true,"href":"https:\/\/agora.xtec.cat\/ceipsalvadorninot\/wp-json\/wp\/v2\/users\/28"}],"replies":[{"embeddable":true,"href":"https:\/\/agora.xtec.cat\/ceipsalvadorninot\/wp-json\/wp\/v2\/comments?post=4034"}],"version-history":[{"count":3,"href":"https:\/\/agora.xtec.cat\/ceipsalvadorninot\/wp-json\/wp\/v2\/posts\/4034\/revisions"}],"predecessor-version":[{"id":4039,"href":"https:\/\/agora.xtec.cat\/ceipsalvadorninot\/wp-json\/wp\/v2\/posts\/4034\/revisions\/4039"}],"wp:featuredmedia":[{"embeddable":true,"href":"https:\/\/agora.xtec.cat\/ceipsalvadorninot\/wp-json\/wp\/v2\/media\/4043"}],"wp:attachment":[{"href":"https:\/\/agora.xtec.cat\/ceipsalvadorninot\/wp-json\/wp\/v2\/media?parent=4034"}],"wp:term":[{"taxonomy":"category","embeddable":true,"href":"https:\/\/agora.xtec.cat\/ceipsalvadorninot\/wp-json\/wp\/v2\/categories?post=4034"},{"taxonomy":"post_tag","embeddable":true,"href":"https:\/\/agora.xtec.cat\/ceipsalvadorninot\/wp-json\/wp\/v2\/tags?post=4034"}],"curies":[{"name":"wp","href":"https:\/\/api.w.org\/{rel}","templated":true}]}}