{"id":3953,"date":"2021-02-12T19:51:38","date_gmt":"2021-02-12T18:51:38","guid":{"rendered":"http:\/\/agora.xtec.cat\/ceipsalvadorninot\/?p=3953"},"modified":"2021-02-12T22:04:37","modified_gmt":"2021-02-12T21:04:37","slug":"ha-arribat-el-carnaval","status":"publish","type":"post","link":"https:\/\/agora.xtec.cat\/ceipsalvadorninot\/general\/ha-arribat-el-carnaval\/","title":{"rendered":"Ha arribat el carnaval!"},"content":{"rendered":"<p>Despr\u00e9s de seguir rigorosament les ordres del rei carnestoltes durant tota la setmana, hem celebrat el carnaval a l&#8217;escola!<\/p>\n<p>Els infants de l&#8217;escola han vingut vestits de negre durant tot el mat\u00ed per acomiadar-se del nostre estimat rei en el seu funeral. Els nens i nenes de 6\u00e8, com ja \u00e9s tradici\u00f3, han redactat i llegit el seu testament on s&#8217;han\u00a0<span class=\"hiddenGreenError\">enrecordat<\/span>\u00a0de tot el personal que treballa al centre.<\/p>\n<p>La festa de deb\u00f2 ha comen\u00e7at a la tarda i tant mestres com alumnes han vingut disfressats a l&#8217;escola per celebrar el carnaval! Ens ho hem passat d&#8217;all\u00f2 m\u00e9s b\u00e9 jugant i ballant, tot i que el temps no ens ha acompanyat.<\/p>\n<p>Us deixem el testament del carnaval perqu\u00e8 pugueu gaudir d&#8217;ell vosaltres tamb\u00e9.<\/p>\n<p>Bon cap de setmana i passeu-ho b\u00e9!!<\/p>\n<p><a href=\"https:\/\/drive.google.com\/file\/d\/1hDmQRjo4cO1G3fRDyWATThlCxv-kBhLI\/view?usp=sharing\">Testament del carnestoltes<\/a><\/p>\n<p>___________________________________________<\/p>\n<p>Testament del Carnestoltes 2021<\/p>\n<p>Grans i petits, nens i nenes<br \/>\nEstigueu atents, pareu les orelles!<br \/>\nAra jo me n\u2019he d\u2019anar,<br \/>\nPer\u00f2 abans m\u2019haureu d\u2019escoltar\u2026<br \/>\nUs deixo el meu testament, el rei Carnestoltes,<br \/>\nEl rei dels poca-soltes!<\/p>\n<p>Aquests dies heu complert<br \/>\nAmb totes les ordres que he establert.<br \/>\nVeig que avui hi sou tots, disfressats cadasc\u00fa com vol.<br \/>\nAlgunes coses us he de dir,<br \/>\nAbans de marxar volant d\u2019aqu\u00ed.<\/p>\n<p>Pels nens i nenes de p3,p4 i p5 ,<br \/>\nUn bon vaixell dels que jo tinc.<\/p>\n<p>Pels de primer, segon i tercer<br \/>\nUn examen dels que jo vaig fer.<\/p>\n<p>Pels de quart i cinqu\u00e8<br \/>\nUn llibre de la Yayoi us anir\u00e0 b\u00e9.<\/p>\n<p>Pels de sis\u00e8 una mansi\u00f3<br \/>\nPerqu\u00e8 aquesta clase \u00e9s la millor.<\/p>\n<p>A l\u2019Anna Rodon,<br \/>\nLi regalem un viatge perqu\u00e8 pugui fer la volta al m\u00f3n.<\/p>\n<p>Pel professor Carlos,<br \/>\nUn llibre de franc\u00e9s perqu\u00e8 s\u2019oblidi ja de l\u2019angl\u00e8s.<\/p>\n<p>Per la Dolors,<br \/>\nUn gos de molts colors.<\/p>\n<p>Pel David Berdaguer,<br \/>\nUn viatge en creuer.<\/p>\n<p>Per la senyoreta Montse,<\/p>\n<p>li regalem un altaveu perqu\u00e8 no perdi la veu.<\/p>\n<p>Pel Josep Bonet,<br \/>\nUna Biblia que \u00e9s un bon llibret.<\/p>\n<p>Per la Judit,<br \/>\nUn viatge a Par\u00eds per anar amb el seu marit.<\/p>\n<p>A la Ivon ,<br \/>\nLi regalem una figura de la Yayoi.<\/p>\n<p>Per la senyoreta Laura Garrabou<br \/>\nLi regalem un bonic tocador nou.<\/p>\n<p>Pel Jordi,<br \/>\nUna mica de blat i ordi.<\/p>\n<p>A la N\u00faria March<br \/>\nLi comprem moltes coses de l\u2019Spar.<\/p>\n<p>Per l\u2019alba Andreu<br \/>\nLi donem un trofeo.<\/p>\n<p>Per la senyoreta N\u00faria Salt\u00f3<br \/>\nUna mascareta de cot\u00f3.<\/p>\n<p>A l\u2019Ester Bov\u00e9<br \/>\nLi regalem una nova casa perqu\u00e8 estigui molt b\u00e9.<\/p>\n<p>A l\u2019Anna Casanovas,<br \/>\nLi regalem unes vambes noves.<\/p>\n<p>A l\u2019Anna Sicart<br \/>\nLi regalem un menjar molt car.<\/p>\n<p>Per la senyoreta Laia Bult\u00f3<br \/>\nUn animal ben buf\u00f3.<\/p>\n<p>Per la senyoreta Marta<br \/>\nUna barca.<\/p>\n<p>A la Maria Roca,<br \/>\nUn joc de daus perqu\u00e8 jugui a l\u2019oca.<\/p>\n<p>A la Montse Rubio que cada dia neteja,<br \/>\nLi regalem un robot perqu\u00e8 li faci f\u00e0cil la seva feina.<\/p>\n\n","protected":false},"excerpt":{"rendered":"<p>Despr\u00e9s de seguir rigorosament les ordres del rei carnestoltes durant tota la setmana, hem celebrat el carnaval a l&#8217;escola! Els [&hellip;]<\/p>\n","protected":false},"author":1,"featured_media":3950,"comment_status":"open","ping_status":"closed","sticky":false,"template":"","format":"standard","meta":{"_bbp_topic_count":0,"_bbp_reply_count":0,"_bbp_total_topic_count":0,"_bbp_total_reply_count":0,"_bbp_voice_count":0,"_bbp_anonymous_reply_count":0,"_bbp_topic_count_hidden":0,"_bbp_reply_count_hidden":0,"_bbp_forum_subforum_count":0,"site-sidebar-layout":"default","site-content-layout":"","ast-site-content-layout":"","site-content-style":"default","site-sidebar-style":"default","ast-global-header-display":"","ast-banner-title-visibility":"","ast-main-header-display":"","ast-hfb-above-header-display":"","ast-hfb-below-header-display":"","ast-hfb-mobile-header-display":"","site-post-title":"","ast-breadcrumbs-content":"","ast-featured-img":"","footer-sml-layout":"","theme-transparent-header-meta":"","adv-header-id-meta":"","stick-header-meta":"","header-above-stick-meta":"","header-main-stick-meta":"","header-below-stick-meta":"","astra-migrate-meta-layouts":"default","ast-page-background-enabled":"default","ast-page-background-meta":{"desktop":{"background-color":"var(--ast-global-color-4)","background-image":"","background-repeat":"repeat","background-position":"center center","background-size":"auto","background-attachment":"scroll","background-type":"","background-media":"","overlay-type":"","overlay-color":"","overlay-opacity":"","overlay-gradient":""},"tablet":{"background-color":"","background-image":"","background-repeat":"repeat","background-position":"center center","background-size":"auto","background-attachment":"scroll","background-type":"","background-media":"","overlay-type":"","overlay-color":"","overlay-opacity":"","overlay-gradient":""},"mobile":{"background-color":"","background-image":"","background-repeat":"repeat","background-position":"center center","background-size":"auto","background-attachment":"scroll","background-type":"","background-media":"","overlay-type":"","overlay-color":"","overlay-opacity":"","overlay-gradient":""}},"ast-content-background-meta":{"desktop":{"background-color":"var(--ast-global-color-5)","background-image":"","background-repeat":"repeat","background-position":"center center","background-size":"auto","background-attachment":"scroll","background-type":"","background-media":"","overlay-type":"","overlay-color":"","overlay-opacity":"","overlay-gradient":""},"tablet":{"background-color":"var(--ast-global-color-5)","background-image":"","background-repeat":"repeat","background-position":"center center","background-size":"auto","background-attachment":"scroll","background-type":"","background-media":"","overlay-type":"","overlay-color":"","overlay-opacity":"","overlay-gradient":""},"mobile":{"background-color":"var(--ast-global-color-5)","background-image":"","background-repeat":"repeat","background-position":"center center","background-size":"auto","background-attachment":"scroll","background-type":"","background-media":"","overlay-type":"","overlay-color":"","overlay-opacity":"","overlay-gradient":""}},"footnotes":""},"categories":[10,11,12,13,14,15,1,3,8,9,2,4,5],"tags":[],"class_list":["post-3953","post","type-post","status-publish","format-standard","has-post-thumbnail","hentry","category-1r","category-2n","category-3r","category-4t","category-5e","category-6e","category-general","category-p3","category-p4","category-p5","category-infantil","category-portada","category-primaria"],"post_mailing_queue_ids":[],"_links":{"self":[{"href":"https:\/\/agora.xtec.cat\/ceipsalvadorninot\/wp-json\/wp\/v2\/posts\/3953","targetHints":{"allow":["GET"]}}],"collection":[{"href":"https:\/\/agora.xtec.cat\/ceipsalvadorninot\/wp-json\/wp\/v2\/posts"}],"about":[{"href":"https:\/\/agora.xtec.cat\/ceipsalvadorninot\/wp-json\/wp\/v2\/types\/post"}],"author":[{"embeddable":true,"href":"https:\/\/agora.xtec.cat\/ceipsalvadorninot\/wp-json\/wp\/v2\/users\/1"}],"replies":[{"embeddable":true,"href":"https:\/\/agora.xtec.cat\/ceipsalvadorninot\/wp-json\/wp\/v2\/comments?post=3953"}],"version-history":[{"count":3,"href":"https:\/\/agora.xtec.cat\/ceipsalvadorninot\/wp-json\/wp\/v2\/posts\/3953\/revisions"}],"predecessor-version":[{"id":3956,"href":"https:\/\/agora.xtec.cat\/ceipsalvadorninot\/wp-json\/wp\/v2\/posts\/3953\/revisions\/3956"}],"wp:featuredmedia":[{"embeddable":true,"href":"https:\/\/agora.xtec.cat\/ceipsalvadorninot\/wp-json\/wp\/v2\/media\/3950"}],"wp:attachment":[{"href":"https:\/\/agora.xtec.cat\/ceipsalvadorninot\/wp-json\/wp\/v2\/media?parent=3953"}],"wp:term":[{"taxonomy":"category","embeddable":true,"href":"https:\/\/agora.xtec.cat\/ceipsalvadorninot\/wp-json\/wp\/v2\/categories?post=3953"},{"taxonomy":"post_tag","embeddable":true,"href":"https:\/\/agora.xtec.cat\/ceipsalvadorninot\/wp-json\/wp\/v2\/tags?post=3953"}],"curies":[{"name":"wp","href":"https:\/\/api.w.org\/{rel}","templated":true}]}}