{"id":3887,"date":"2021-02-05T11:02:42","date_gmt":"2021-02-05T10:02:42","guid":{"rendered":"http:\/\/agora.xtec.cat\/ceipsalvadorninot\/?p=3887"},"modified":"2024-12-10T11:46:48","modified_gmt":"2024-12-10T10:46:48","slug":"photocall-yayoi-kusama","status":"publish","type":"post","link":"https:\/\/agora.xtec.cat\/ceipsalvadorninot\/general\/photocall-yayoi-kusama\/","title":{"rendered":"Photocall Yayoi Kusama"},"content":{"rendered":"<p>D&#8217;en\u00e7\u00e0 que hem iniciat el curs escolar, dins l&#8217;\u00e0rea de visual i pl\u00e0stica, tot l&#8217;alumnat de l&#8217;escola est\u00e0 aprenent moltes coses de l&#8217;artista internacional <strong>Yayoi Kusama<\/strong>.<\/p>\n<p>Al llarg de la seva traject\u00f2ria, l&#8217;artista japonesa ha anat treballant en una \u00e0mplia varietat de mitjans: des de la pintura o el collage fins a l&#8217;escultura o performance.<\/p>\n<p>\u00c9s coneguda com l&#8217;artista de les llunes, doncs els cercles, els punts i les llunes juguen un paper molt important en les seves obres.<\/p>\n<p>A la classe hem projectat la biografia de la Yayoi Kusama, ens hem fet algunes q\u00fcestions relacionades amb l&#8217;artista, tamb\u00e9 hem projectat el v\u00eddeo\u00a0<a href=\"https:\/\/www.youtube.com\/watch?v=YvVABrPWxSI\">The Dotty World of Yayoi Kusama<\/a>, entre d&#8217;altres activitats.<\/p>\n<p>Una de les primeres creacions que vam dur a terme a l&#8217;escola va ser un photocall a l&#8217;estil Kusama. Els i les alumnes d&#8217;educaci\u00f3 infantil van decorar les parets del vest\u00edbul principal amb gomets multicolors i de diferents tamanys. Despr\u00e9s, cada alumne\/a, tant d&#8217;infantil com de prim\u00e0ria, va decorar la seva pr\u00f2pia mascareta amb retoladors, una decoraci\u00f3 que anava en conson\u00e0ncia amb les parets del vest\u00edbul principal.<\/p>\n<p><a href=\"https:\/\/agora.xtec.cat\/ceipsalvadorninot\/wp-content\/uploads\/usu1097\/2021\/02\/IMG_0778.jpg\"><img loading=\"lazy\" decoding=\"async\" class=\"size-full wp-image-3889 aligncenter\" src=\"https:\/\/agora.xtec.cat\/ceipsalvadorninot\/wp-content\/uploads\/usu1097\/2021\/02\/IMG_0778.jpg\" alt=\"\" width=\"640\" height=\"474\" srcset=\"https:\/\/agora.xtec.cat\/ceipsalvadorninot\/wp-content\/uploads\/usu1097\/2021\/02\/IMG_0778.jpg 640w, https:\/\/agora.xtec.cat\/ceipsalvadorninot\/wp-content\/uploads\/usu1097\/2021\/02\/IMG_0778-300x222.jpg 300w\" sizes=\"auto, (max-width: 640px) 100vw, 640px\" \/><\/a><\/p>\n<p><a href=\"https:\/\/agora.xtec.cat\/ceipsalvadorninot\/wp-content\/uploads\/usu1097\/2021\/02\/IMG_0781.jpg\"><img loading=\"lazy\" decoding=\"async\" class=\"size-large wp-image-3890 aligncenter\" src=\"https:\/\/agora.xtec.cat\/ceipsalvadorninot\/wp-content\/uploads\/usu1097\/2021\/02\/IMG_0781.jpg\" alt=\"\" width=\"640\" height=\"480\" srcset=\"https:\/\/agora.xtec.cat\/ceipsalvadorninot\/wp-content\/uploads\/usu1097\/2021\/02\/IMG_0781.jpg 640w, https:\/\/agora.xtec.cat\/ceipsalvadorninot\/wp-content\/uploads\/usu1097\/2021\/02\/IMG_0781-300x225.jpg 300w, https:\/\/agora.xtec.cat\/ceipsalvadorninot\/wp-content\/uploads\/usu1097\/2021\/02\/IMG_0781-200x150.jpg 200w\" sizes=\"auto, (max-width: 640px) 100vw, 640px\" \/><\/a><\/p>\n<p>A m\u00e9s, l&#8217;alumnat de prim\u00e0ria va elaborar unes ulleres amb cartr\u00f3 i, posteriorment, les va decorar a l&#8217;estil Kusama.<\/p>\n<p><a href=\"https:\/\/agora.xtec.cat\/ceipsalvadorninot\/wp-content\/uploads\/usu1097\/2021\/02\/IMG_0782.jpg\"><img loading=\"lazy\" decoding=\"async\" class=\"size-large wp-image-3894 aligncenter\" src=\"https:\/\/agora.xtec.cat\/ceipsalvadorninot\/wp-content\/uploads\/usu1097\/2021\/02\/IMG_0782-1024x768.jpg\" alt=\"\" width=\"1024\" height=\"768\" srcset=\"https:\/\/agora.xtec.cat\/ceipsalvadorninot\/wp-content\/uploads\/usu1097\/2021\/02\/IMG_0782-1024x768.jpg 1024w, https:\/\/agora.xtec.cat\/ceipsalvadorninot\/wp-content\/uploads\/usu1097\/2021\/02\/IMG_0782-300x225.jpg 300w, https:\/\/agora.xtec.cat\/ceipsalvadorninot\/wp-content\/uploads\/usu1097\/2021\/02\/IMG_0782-768x576.jpg 768w, https:\/\/agora.xtec.cat\/ceipsalvadorninot\/wp-content\/uploads\/usu1097\/2021\/02\/IMG_0782-200x150.jpg 200w, https:\/\/agora.xtec.cat\/ceipsalvadorninot\/wp-content\/uploads\/usu1097\/2021\/02\/IMG_0782.jpg 2016w\" sizes=\"auto, (max-width: 1024px) 100vw, 1024px\" \/><\/a><\/p>\n<p>Aix\u00ed doncs, cada alumne\/a es va fotografiar i vam poder realitzar una exposici\u00f3 de totes les fotografies anomenada\u00a0<em>Photocall Kusama<\/em>. Aquest photocall vesteix el vest\u00edbul dret de l&#8217;escola.<\/p>\n<p><a href=\"https:\/\/agora.xtec.cat\/ceipsalvadorninot\/wp-content\/uploads\/usu1097\/2021\/02\/IMG_0529-1.jpg\"><img loading=\"lazy\" decoding=\"async\" class=\"size-large wp-image-3891 aligncenter\" src=\"https:\/\/agora.xtec.cat\/ceipsalvadorninot\/wp-content\/uploads\/usu1097\/2021\/02\/IMG_0529-1-1024x664.jpg\" alt=\"\" width=\"1024\" height=\"664\" srcset=\"https:\/\/agora.xtec.cat\/ceipsalvadorninot\/wp-content\/uploads\/usu1097\/2021\/02\/IMG_0529-1-1024x664.jpg 1024w, https:\/\/agora.xtec.cat\/ceipsalvadorninot\/wp-content\/uploads\/usu1097\/2021\/02\/IMG_0529-1-300x195.jpg 300w, https:\/\/agora.xtec.cat\/ceipsalvadorninot\/wp-content\/uploads\/usu1097\/2021\/02\/IMG_0529-1-768x498.jpg 768w, https:\/\/agora.xtec.cat\/ceipsalvadorninot\/wp-content\/uploads\/usu1097\/2021\/02\/IMG_0529-1.jpg 1363w\" sizes=\"auto, (max-width: 1024px) 100vw, 1024px\" \/><\/a><\/p>\n<p><a href=\"https:\/\/agora.xtec.cat\/ceipsalvadorninot\/wp-content\/uploads\/usu1097\/2021\/02\/IMG_0780.jpg\"><img loading=\"lazy\" decoding=\"async\" class=\"size-full wp-image-3893 aligncenter\" src=\"https:\/\/agora.xtec.cat\/ceipsalvadorninot\/wp-content\/uploads\/usu1097\/2021\/02\/IMG_0780.jpg\" alt=\"\" width=\"640\" height=\"349\" srcset=\"https:\/\/agora.xtec.cat\/ceipsalvadorninot\/wp-content\/uploads\/usu1097\/2021\/02\/IMG_0780.jpg 640w, https:\/\/agora.xtec.cat\/ceipsalvadorninot\/wp-content\/uploads\/usu1097\/2021\/02\/IMG_0780-300x164.jpg 300w\" sizes=\"auto, (max-width: 640px) 100vw, 640px\" \/><\/a><\/p>\n<p><a href=\"https:\/\/agora.xtec.cat\/ceipsalvadorninot\/wp-content\/uploads\/usu1097\/2021\/02\/photo.jpg\"><img loading=\"lazy\" decoding=\"async\" class=\"size-full wp-image-3892 aligncenter\" src=\"https:\/\/agora.xtec.cat\/ceipsalvadorninot\/wp-content\/uploads\/usu1097\/2021\/02\/photo.jpg\" alt=\"\" width=\"640\" height=\"480\" srcset=\"https:\/\/agora.xtec.cat\/ceipsalvadorninot\/wp-content\/uploads\/usu1097\/2021\/02\/photo.jpg 640w, https:\/\/agora.xtec.cat\/ceipsalvadorninot\/wp-content\/uploads\/usu1097\/2021\/02\/photo-300x225.jpg 300w, https:\/\/agora.xtec.cat\/ceipsalvadorninot\/wp-content\/uploads\/usu1097\/2021\/02\/photo-200x150.jpg 200w\" sizes=\"auto, (max-width: 640px) 100vw, 640px\" \/><\/a><\/p>\n","protected":false},"excerpt":{"rendered":"<p>D&#8217;en\u00e7\u00e0 que hem iniciat el curs escolar, dins l&#8217;\u00e0rea de visual i pl\u00e0stica, tot l&#8217;alumnat de l&#8217;escola est\u00e0 aprenent moltes [&hellip;]<\/p>\n","protected":false},"author":1,"featured_media":3888,"comment_status":"open","ping_status":"closed","sticky":false,"template":"","format":"standard","meta":{"_bbp_topic_count":0,"_bbp_reply_count":0,"_bbp_total_topic_count":0,"_bbp_total_reply_count":0,"_bbp_voice_count":0,"_bbp_anonymous_reply_count":0,"_bbp_topic_count_hidden":0,"_bbp_reply_count_hidden":0,"_bbp_forum_subforum_count":0,"site-sidebar-layout":"default","site-content-layout":"","ast-site-content-layout":"","site-content-style":"default","site-sidebar-style":"default","ast-global-header-display":"","ast-banner-title-visibility":"","ast-main-header-display":"","ast-hfb-above-header-display":"","ast-hfb-below-header-display":"","ast-hfb-mobile-header-display":"","site-post-title":"","ast-breadcrumbs-content":"","ast-featured-img":"","footer-sml-layout":"","theme-transparent-header-meta":"","adv-header-id-meta":"","stick-header-meta":"","header-above-stick-meta":"","header-main-stick-meta":"","header-below-stick-meta":"","astra-migrate-meta-layouts":"default","ast-page-background-enabled":"default","ast-page-background-meta":{"desktop":{"background-color":"var(--ast-global-color-4)","background-image":"","background-repeat":"repeat","background-position":"center center","background-size":"auto","background-attachment":"scroll","background-type":"","background-media":"","overlay-type":"","overlay-color":"","overlay-opacity":"","overlay-gradient":""},"tablet":{"background-color":"","background-image":"","background-repeat":"repeat","background-position":"center center","background-size":"auto","background-attachment":"scroll","background-type":"","background-media":"","overlay-type":"","overlay-color":"","overlay-opacity":"","overlay-gradient":""},"mobile":{"background-color":"","background-image":"","background-repeat":"repeat","background-position":"center center","background-size":"auto","background-attachment":"scroll","background-type":"","background-media":"","overlay-type":"","overlay-color":"","overlay-opacity":"","overlay-gradient":""}},"ast-content-background-meta":{"desktop":{"background-color":"var(--ast-global-color-5)","background-image":"","background-repeat":"repeat","background-position":"center center","background-size":"auto","background-attachment":"scroll","background-type":"","background-media":"","overlay-type":"","overlay-color":"","overlay-opacity":"","overlay-gradient":""},"tablet":{"background-color":"var(--ast-global-color-5)","background-image":"","background-repeat":"repeat","background-position":"center center","background-size":"auto","background-attachment":"scroll","background-type":"","background-media":"","overlay-type":"","overlay-color":"","overlay-opacity":"","overlay-gradient":""},"mobile":{"background-color":"var(--ast-global-color-5)","background-image":"","background-repeat":"repeat","background-position":"center center","background-size":"auto","background-attachment":"scroll","background-type":"","background-media":"","overlay-type":"","overlay-color":"","overlay-opacity":"","overlay-gradient":""}},"footnotes":""},"categories":[1,2,4,5],"tags":[],"class_list":["post-3887","post","type-post","status-publish","format-standard","has-post-thumbnail","hentry","category-general","category-infantil","category-portada","category-primaria"],"post_mailing_queue_ids":[],"_links":{"self":[{"href":"https:\/\/agora.xtec.cat\/ceipsalvadorninot\/wp-json\/wp\/v2\/posts\/3887","targetHints":{"allow":["GET"]}}],"collection":[{"href":"https:\/\/agora.xtec.cat\/ceipsalvadorninot\/wp-json\/wp\/v2\/posts"}],"about":[{"href":"https:\/\/agora.xtec.cat\/ceipsalvadorninot\/wp-json\/wp\/v2\/types\/post"}],"author":[{"embeddable":true,"href":"https:\/\/agora.xtec.cat\/ceipsalvadorninot\/wp-json\/wp\/v2\/users\/1"}],"replies":[{"embeddable":true,"href":"https:\/\/agora.xtec.cat\/ceipsalvadorninot\/wp-json\/wp\/v2\/comments?post=3887"}],"version-history":[{"count":3,"href":"https:\/\/agora.xtec.cat\/ceipsalvadorninot\/wp-json\/wp\/v2\/posts\/3887\/revisions"}],"predecessor-version":[{"id":3897,"href":"https:\/\/agora.xtec.cat\/ceipsalvadorninot\/wp-json\/wp\/v2\/posts\/3887\/revisions\/3897"}],"wp:featuredmedia":[{"embeddable":true,"href":"https:\/\/agora.xtec.cat\/ceipsalvadorninot\/wp-json\/wp\/v2\/media\/3888"}],"wp:attachment":[{"href":"https:\/\/agora.xtec.cat\/ceipsalvadorninot\/wp-json\/wp\/v2\/media?parent=3887"}],"wp:term":[{"taxonomy":"category","embeddable":true,"href":"https:\/\/agora.xtec.cat\/ceipsalvadorninot\/wp-json\/wp\/v2\/categories?post=3887"},{"taxonomy":"post_tag","embeddable":true,"href":"https:\/\/agora.xtec.cat\/ceipsalvadorninot\/wp-json\/wp\/v2\/tags?post=3887"}],"curies":[{"name":"wp","href":"https:\/\/api.w.org\/{rel}","templated":true}]}}