{"id":3631,"date":"2020-12-17T19:27:57","date_gmt":"2020-12-17T18:27:57","guid":{"rendered":"http:\/\/agora.xtec.cat\/ceipsalvadorninot\/?p=3631"},"modified":"2020-12-17T19:34:05","modified_gmt":"2020-12-17T18:34:05","slug":"lafa-us-desitja-bon-nadal","status":"publish","type":"post","link":"https:\/\/agora.xtec.cat\/ceipsalvadorninot\/general\/lafa-us-desitja-bon-nadal\/","title":{"rendered":"L&#8217;AFA us desitja BON NADAL"},"content":{"rendered":"<p><span data-contrast=\"auto\">Benvolgudes fam\u00edlies,<\/span><span data-ccp-props=\"{&quot;201341983&quot;:0,&quot;335559739&quot;:160,&quot;335559740&quot;:259}\">\u00a0<\/span><\/p>\n<p><span data-contrast=\"auto\">2020 ha estat un any molt complicat per a tothom i des de l&#8217;AFA de l\u2019escola Salvador Ninot de Sarral us volem enviar un missatge d&#8217;escalf i coratge.\u00a0<\/span><span data-ccp-props=\"{&quot;201341983&quot;:0,&quot;335551550&quot;:6,&quot;335551620&quot;:6,&quot;335559739&quot;:160,&quot;335559740&quot;:259}\">\u00a0<\/span><\/p>\n<p><span data-contrast=\"auto\">En primer lloc, un<\/span><span data-contrast=\"auto\">a mostra<\/span><span data-contrast=\"auto\">\u00a0de suport a totes les persones que hagin pogut estar afectades directa o indirectament pels efectes de la pand\u00e8mia. Molta for\u00e7a!\u00a0<\/span><span data-ccp-props=\"{&quot;201341983&quot;:0,&quot;335551550&quot;:6,&quot;335551620&quot;:6,&quot;335559739&quot;:160,&quot;335559740&quot;:259}\">\u00a0<\/span><\/p>\n<p><span data-contrast=\"auto\">Ha estat un any dur, per\u00f2\u00a0<\/span><span data-contrast=\"auto\">tamb\u00e9\u00a0<\/span><span data-contrast=\"auto\">un any ple de grans aprenentatges.\u00a0<\/span><span data-ccp-props=\"{&quot;201341983&quot;:0,&quot;335551550&quot;:6,&quot;335551620&quot;:6,&quot;335559739&quot;:160,&quot;335559740&quot;:259}\">\u00a0<\/span><\/p>\n<p><span data-contrast=\"auto\">Hem apr\u00e8s molt dels nostres fills! De la seva gran capacitat d&#8217;adaptaci\u00f3, optimisme i resili\u00e8ncia davant d\u2019uns moments tant incerts.\u00a0<\/span><b><span data-contrast=\"auto\">Gr\u00e0cies! Sou molt valentes i valents!\u00a0<\/span><\/b><span data-ccp-props=\"{&quot;201341983&quot;:0,&quot;335551550&quot;:6,&quot;335551620&quot;:6,&quot;335559739&quot;:160,&quot;335559740&quot;:259}\">\u00a0<\/span><\/p>\n<p><span data-contrast=\"auto\">I tamb\u00e9 la pand\u00e8mia ens ha confirmat el que tots ja sab\u00edem.\u00a0<\/span><b><span data-contrast=\"auto\">Tenim una gran escola,<\/span><\/b><span data-contrast=\"auto\">\u00a0formada per una comunitat extraordin\u00e0ria de mestres, educadores, educadors, personal de suport, de neteja, monitors, personal d\u2019acollida i d\u2019extraescolars, (perdoneu si ens deixem a alg\u00fa). Persones que lluiten juntes com un gran equip per mantenir l\u2019escola en funcionament i tenir la millor cura de les nostres filles i fills.\u00a0<\/span><b><span data-contrast=\"auto\">Moltes gr\u00e0cies per la vostra tasca,\u00a0<\/span><\/b><span data-contrast=\"auto\">\u00a0pels valors que transmeteu a trav\u00e9s de l\u2019educaci\u00f3 i de retruc la vostra aportaci\u00f3 en la construcci\u00f3 d\u2019una societat tolerant, igualit\u00e0ria i m\u00e9s\u00a0<\/span><span data-contrast=\"auto\">justa. Gr\u00e0cies<\/span><span data-contrast=\"auto\">\u00a0altra vegada!\u00a0<\/span><span data-ccp-props=\"{&quot;201341983&quot;:0,&quot;335551550&quot;:6,&quot;335551620&quot;:6,&quot;335559739&quot;:160,&quot;335559740&quot;:259}\">\u00a0<\/span><\/p>\n<p><b><span data-contrast=\"auto\">Per finalitzar us volem desitjar un Bon Nadal, i\u00a0<\/span><\/b><b><span data-contrast=\"auto\">salut per a poder continuar\u00a0<\/span><\/b><b><span data-contrast=\"auto\">lluitant<\/span><\/b><b><span data-contrast=\"auto\">\u00a0tots junts<\/span><\/b><b><span data-contrast=\"auto\">\u00a0per un 2021 ple d\u2019esperan\u00e7a!\u00a0<\/span><\/b><span data-ccp-props=\"{&quot;201341983&quot;:0,&quot;335551550&quot;:6,&quot;335551620&quot;:6,&quot;335559739&quot;:160,&quot;335559740&quot;:259}\">\u00a0<\/span><\/p>\n<p><i><span data-contrast=\"auto\">Junta Directiva de l\u2019Associaci\u00f3 de Fam\u00edl<\/span><\/i><i><span data-contrast=\"auto\">ies<\/span><\/i><i><span data-contrast=\"auto\">\u00a0d\u2019Alumnes (AFA) de l\u2019escola Salvador Ninot de Sarral<\/span><\/i><span data-ccp-props=\"{&quot;201341983&quot;:0,&quot;335551550&quot;:6,&quot;335551620&quot;:6,&quot;335559740&quot;:259}\">\u00a0<\/span><\/p>\n<p><i><span data-contrast=\"auto\">17 de desembre de 2020<\/span><\/i><span data-ccp-props=\"{&quot;201341983&quot;:0,&quot;335559740&quot;:259}\">\u00a0<\/span><\/p>\n<p><span data-ccp-props=\"{&quot;201341983&quot;:0,&quot;335551550&quot;:6,&quot;335551620&quot;:6,&quot;335559739&quot;:160,&quot;335559740&quot;:259}\"><a href=\"https:\/\/agora.xtec.cat\/ceipsalvadorninot\/wp-content\/uploads\/usu1097\/2020\/12\/Felicitacio\u0301-Nadal-2020-AFA.jpeg\"><img loading=\"lazy\" decoding=\"async\" class=\"alignnone size-large wp-image-3632\" src=\"https:\/\/agora.xtec.cat\/ceipsalvadorninot\/wp-content\/uploads\/usu1097\/2020\/12\/Felicitacio\u0301-Nadal-2020-AFA-975x1024.jpeg\" alt=\"\" width=\"975\" height=\"1024\" srcset=\"https:\/\/agora.xtec.cat\/ceipsalvadorninot\/wp-content\/uploads\/usu1097\/2020\/12\/Felicitacio\u0301-Nadal-2020-AFA-975x1024.jpeg 975w, https:\/\/agora.xtec.cat\/ceipsalvadorninot\/wp-content\/uploads\/usu1097\/2020\/12\/Felicitacio\u0301-Nadal-2020-AFA-286x300.jpeg 286w, https:\/\/agora.xtec.cat\/ceipsalvadorninot\/wp-content\/uploads\/usu1097\/2020\/12\/Felicitacio\u0301-Nadal-2020-AFA-768x807.jpeg 768w, https:\/\/agora.xtec.cat\/ceipsalvadorninot\/wp-content\/uploads\/usu1097\/2020\/12\/Felicitacio\u0301-Nadal-2020-AFA.jpeg 1535w\" sizes=\"auto, (max-width: 975px) 100vw, 975px\" \/><\/a>\u00a0<\/span><\/p>\n<p>&nbsp;<\/p>\n<p>&nbsp;<\/p>\n<p>&nbsp;<\/p>\n<p>&nbsp;<\/p>\n<p><a href=\"https:\/\/agora.xtec.cat\/ceipsalvadorninot\/wp-content\/uploads\/usu1097\/2020\/12\/Carta-de-lAFA-Nadal-2020-21.pdf\">Carta de l&#8217;AFA Nadal 2020-21<\/a><\/p>\n","protected":false},"excerpt":{"rendered":"<p>Benvolgudes fam\u00edlies,\u00a0 2020 ha estat un any molt complicat per a tothom i des de l&#8217;AFA de l\u2019escola Salvador Ninot [&hellip;]<\/p>\n","protected":false},"author":28,"featured_media":0,"comment_status":"open","ping_status":"closed","sticky":false,"template":"","format":"standard","meta":{"_bbp_topic_count":0,"_bbp_reply_count":0,"_bbp_total_topic_count":0,"_bbp_total_reply_count":0,"_bbp_voice_count":0,"_bbp_anonymous_reply_count":0,"_bbp_topic_count_hidden":0,"_bbp_reply_count_hidden":0,"_bbp_forum_subforum_count":0,"site-sidebar-layout":"default","site-content-layout":"","ast-site-content-layout":"","site-content-style":"default","site-sidebar-style":"default","ast-global-header-display":"","ast-banner-title-visibility":"","ast-main-header-display":"","ast-hfb-above-header-display":"","ast-hfb-below-header-display":"","ast-hfb-mobile-header-display":"","site-post-title":"","ast-breadcrumbs-content":"","ast-featured-img":"","footer-sml-layout":"","theme-transparent-header-meta":"","adv-header-id-meta":"","stick-header-meta":"","header-above-stick-meta":"","header-main-stick-meta":"","header-below-stick-meta":"","astra-migrate-meta-layouts":"default","ast-page-background-enabled":"default","ast-page-background-meta":{"desktop":{"background-color":"var(--ast-global-color-4)","background-image":"","background-repeat":"repeat","background-position":"center center","background-size":"auto","background-attachment":"scroll","background-type":"","background-media":"","overlay-type":"","overlay-color":"","overlay-opacity":"","overlay-gradient":""},"tablet":{"background-color":"","background-image":"","background-repeat":"repeat","background-position":"center center","background-size":"auto","background-attachment":"scroll","background-type":"","background-media":"","overlay-type":"","overlay-color":"","overlay-opacity":"","overlay-gradient":""},"mobile":{"background-color":"","background-image":"","background-repeat":"repeat","background-position":"center center","background-size":"auto","background-attachment":"scroll","background-type":"","background-media":"","overlay-type":"","overlay-color":"","overlay-opacity":"","overlay-gradient":""}},"ast-content-background-meta":{"desktop":{"background-color":"var(--ast-global-color-5)","background-image":"","background-repeat":"repeat","background-position":"center center","background-size":"auto","background-attachment":"scroll","background-type":"","background-media":"","overlay-type":"","overlay-color":"","overlay-opacity":"","overlay-gradient":""},"tablet":{"background-color":"var(--ast-global-color-5)","background-image":"","background-repeat":"repeat","background-position":"center center","background-size":"auto","background-attachment":"scroll","background-type":"","background-media":"","overlay-type":"","overlay-color":"","overlay-opacity":"","overlay-gradient":""},"mobile":{"background-color":"var(--ast-global-color-5)","background-image":"","background-repeat":"repeat","background-position":"center center","background-size":"auto","background-attachment":"scroll","background-type":"","background-media":"","overlay-type":"","overlay-color":"","overlay-opacity":"","overlay-gradient":""}},"footnotes":""},"categories":[7,1,4],"tags":[],"class_list":["post-3631","post","type-post","status-publish","format-standard","hentry","category-afa","category-general","category-portada"],"post_mailing_queue_ids":[],"_links":{"self":[{"href":"https:\/\/agora.xtec.cat\/ceipsalvadorninot\/wp-json\/wp\/v2\/posts\/3631","targetHints":{"allow":["GET"]}}],"collection":[{"href":"https:\/\/agora.xtec.cat\/ceipsalvadorninot\/wp-json\/wp\/v2\/posts"}],"about":[{"href":"https:\/\/agora.xtec.cat\/ceipsalvadorninot\/wp-json\/wp\/v2\/types\/post"}],"author":[{"embeddable":true,"href":"https:\/\/agora.xtec.cat\/ceipsalvadorninot\/wp-json\/wp\/v2\/users\/28"}],"replies":[{"embeddable":true,"href":"https:\/\/agora.xtec.cat\/ceipsalvadorninot\/wp-json\/wp\/v2\/comments?post=3631"}],"version-history":[{"count":3,"href":"https:\/\/agora.xtec.cat\/ceipsalvadorninot\/wp-json\/wp\/v2\/posts\/3631\/revisions"}],"predecessor-version":[{"id":3636,"href":"https:\/\/agora.xtec.cat\/ceipsalvadorninot\/wp-json\/wp\/v2\/posts\/3631\/revisions\/3636"}],"wp:attachment":[{"href":"https:\/\/agora.xtec.cat\/ceipsalvadorninot\/wp-json\/wp\/v2\/media?parent=3631"}],"wp:term":[{"taxonomy":"category","embeddable":true,"href":"https:\/\/agora.xtec.cat\/ceipsalvadorninot\/wp-json\/wp\/v2\/categories?post=3631"},{"taxonomy":"post_tag","embeddable":true,"href":"https:\/\/agora.xtec.cat\/ceipsalvadorninot\/wp-json\/wp\/v2\/tags?post=3631"}],"curies":[{"name":"wp","href":"https:\/\/api.w.org\/{rel}","templated":true}]}}